{"id":146500,"date":"2025-06-02T13:42:09","date_gmt":"2025-06-02T13:42:09","guid":{"rendered":"https:\/\/www.europesays.com\/fr\/146500\/"},"modified":"2025-06-02T13:42:09","modified_gmt":"2025-06-02T13:42:09","slug":"la-statue-demmanuel-macron-volee-au-musee-grevin","status":"publish","type":"post","link":"https:\/\/www.europesays.com\/fr\/146500\/","title":{"rendered":"la statue d\u2019Emmanuel Macron vol\u00e9e au mus\u00e9e Gr\u00e9vin"},"content":{"rendered":"<p>Le larcin a \u00e9t\u00e9 commis ce lundi 2 juin par des individus se pr\u00e9sentant comme des militants de Greenpeace, selon la police.<\/p>\n<p class=\"fig-paragraph\">La statue en cire d\u2019<a href=\"https:\/\/www.lefigaro.fr\/tag\/emmanuel-macron\" target=\"_blank\" rel=\"noopener nofollow\" data-gtm-custom-categorie=\"navigation\" data-gtm-custom-action=\"crossclick\" data-gtm-custom-label=\"Contextuel\" data-gtm-event=\"customEventSPE\">Emmanuel Macron<\/a>\u00a0a \u00e9t\u00e9 d\u00e9rob\u00e9e au mus\u00e9e Gr\u00e9vin lundi 2 juin 2025 dans la matin\u00e9e par plusieurs personnes se revendiquant comme des activistes de Greenpeace, a appris l\u2019AFP de source polici\u00e8re.<\/p>\n<p class=\"fig-paragraph\">Selon cette source, deux femmes et un homme, se faisant passer pour des touristes, ont p\u00e9n\u00e9tr\u00e9 dans le mus\u00e9e parisien, situ\u00e9 dans le 9e arrondissement. Apr\u00e8s s\u2019\u00eatre chang\u00e9s, se faisant passer cette fois pour des artisans ou des employ\u00e9s de l\u2019\u00e9tablissement, ils ont r\u00e9ussi \u00e0 d\u00e9rober la statue, d\u2019une valeur de 40.000 euros et dissimul\u00e9e sous une couverture, en sortant par une issue de secours.<\/p>\n<p class=\"fig-paragraph\">Plus d\u2019informations \u00e0 venir&#8230;<\/p>\n","protected":false},"excerpt":{"rendered":"Le larcin a \u00e9t\u00e9 commis ce lundi 2 juin par des individus se pr\u00e9sentant comme des militants de&hellip;\n","protected":false},"author":2,"featured_media":146501,"comment_status":"","ping_status":"","sticky":false,"template":"","format":"standard","meta":{"footnotes":""},"categories":[4],"tags":[11,426,427,422,423,1073,1011,27,418,424,425,420,421,26049,12,419,316,429,25,428],"class_list":{"0":"post-146500","1":"post","2":"type-post","3":"status-publish","4":"format-standard","5":"has-post-thumbnail","7":"category-france","8":"tag-actualites","9":"tag-candidat","10":"tag-candidats","11":"tag-depute","12":"tag-deputes","13":"tag-emmanuel-macron","14":"tag-fr","15":"tag-france","16":"tag-gouvernement","17":"tag-institution","18":"tag-institutions","19":"tag-loi","20":"tag-lois","21":"tag-musee-grevin","22":"tag-news","23":"tag-opposition","24":"tag-politique","25":"tag-ps","26":"tag-republique-francaise","27":"tag-ump"},"share_on_mastodon":{"url":"https:\/\/pubeurope.com\/@fr\/114614065115343774","error":""},"_links":{"self":[{"href":"https:\/\/www.europesays.com\/fr\/wp-json\/wp\/v2\/posts\/146500","targetHints":{"allow":["GET"]}}],"collection":[{"href":"https:\/\/www.europesays.com\/fr\/wp-json\/wp\/v2\/posts"}],"about":[{"href":"https:\/\/www.europesays.com\/fr\/wp-json\/wp\/v2\/types\/post"}],"author":[{"embeddable":true,"href":"https:\/\/www.europesays.com\/fr\/wp-json\/wp\/v2\/users\/2"}],"replies":[{"embeddable":true,"href":"https:\/\/www.europesays.com\/fr\/wp-json\/wp\/v2\/comments?post=146500"}],"version-history":[{"count":0,"href":"https:\/\/www.europesays.com\/fr\/wp-json\/wp\/v2\/posts\/146500\/revisions"}],"wp:featuredmedia":[{"embeddable":true,"href":"https:\/\/www.europesays.com\/fr\/wp-json\/wp\/v2\/media\/146501"}],"wp:attachment":[{"href":"https:\/\/www.europesays.com\/fr\/wp-json\/wp\/v2\/media?parent=146500"}],"wp:term":[{"taxonomy":"category","embeddable":true,"href":"https:\/\/www.europesays.com\/fr\/wp-json\/wp\/v2\/categories?post=146500"},{"taxonomy":"post_tag","embeddable":true,"href":"https:\/\/www.europesays.com\/fr\/wp-json\/wp\/v2\/tags?post=146500"}],"curies":[{"name":"wp","href":"https:\/\/api.w.org\/{rel}","templated":true}]}}