{"id":146508,"date":"2025-06-02T13:46:11","date_gmt":"2025-06-02T13:46:11","guid":{"rendered":"https:\/\/www.europesays.com\/fr\/146508\/"},"modified":"2025-06-02T13:46:11","modified_gmt":"2025-06-02T13:46:11","slug":"exposition-leau-source-de-vies-au-jardin-botanique","status":"publish","type":"post","link":"https:\/\/www.europesays.com\/fr\/146508\/","title":{"rendered":"Exposition L\u2019eau, source de vies au jardin botanique"},"content":{"rendered":"<p>Le jardin botanique Jean-Marie-Pelt invite les visiteurs \u00e0 vivre une odyss\u00e9e aquatique, \u00e0 travers les sept bassins hydrographiques m\u00e9tropolitains fran\u00e7ais, o\u00f9 l\u2019eau coule au rythme de la vie et de la nature. Ils sont immortalis\u00e9s par deux photographes, Benjamin Gremen et Charlotte Moutier, qui pr\u00e9sentent une exposition dans le cadre de l\u2019\u00e9v\u00e9nement NOPGE (Nouvel observatoire photographique du Grand Est).<\/p>\n<p class=\"note\">Jusqu\u2019au 15\u00a0juillet, tous les jours de 9\u00a0h \u00e0 18\u00a0h, au jardin botanique Jean-Marie-Pelt, 100, rue du Jardin-Botanique, \u00e0 Villers-l\u00e8s-Nancy.<\/p>\n","protected":false},"excerpt":{"rendered":"Le jardin botanique Jean-Marie-Pelt invite les visiteurs \u00e0 vivre une odyss\u00e9e aquatique, \u00e0 travers les sept bassins hydrographiques&hellip;\n","protected":false},"author":2,"featured_media":146509,"comment_status":"","ping_status":"","sticky":false,"template":"","format":"standard","meta":{"footnotes":""},"categories":[9635],"tags":[1111,11,1687,1704,1777,674,2271,1011,27,775,10262,1702,12,25,10261],"class_list":{"0":"post-146508","1":"post","2":"type-post","3":"status-publish","4":"format-standard","5":"has-post-thumbnail","7":"category-nancy","8":"tag-actu","9":"tag-actualites","10":"tag-culture-loisirs","11":"tag-edition-nancy-et-agglomeration","12":"tag-eu","13":"tag-europe","14":"tag-exposition-arts-plastiques","15":"tag-fr","16":"tag-france","17":"tag-grand-est","18":"tag-metropole-du-grand-nancy-54b5","19":"tag-nancy","20":"tag-news","21":"tag-republique-francaise","22":"tag-villers-les-nancy"},"share_on_mastodon":{"url":"https:\/\/pubeurope.com\/@fr\/114614080835271590","error":""},"_links":{"self":[{"href":"https:\/\/www.europesays.com\/fr\/wp-json\/wp\/v2\/posts\/146508","targetHints":{"allow":["GET"]}}],"collection":[{"href":"https:\/\/www.europesays.com\/fr\/wp-json\/wp\/v2\/posts"}],"about":[{"href":"https:\/\/www.europesays.com\/fr\/wp-json\/wp\/v2\/types\/post"}],"author":[{"embeddable":true,"href":"https:\/\/www.europesays.com\/fr\/wp-json\/wp\/v2\/users\/2"}],"replies":[{"embeddable":true,"href":"https:\/\/www.europesays.com\/fr\/wp-json\/wp\/v2\/comments?post=146508"}],"version-history":[{"count":0,"href":"https:\/\/www.europesays.com\/fr\/wp-json\/wp\/v2\/posts\/146508\/revisions"}],"wp:featuredmedia":[{"embeddable":true,"href":"https:\/\/www.europesays.com\/fr\/wp-json\/wp\/v2\/media\/146509"}],"wp:attachment":[{"href":"https:\/\/www.europesays.com\/fr\/wp-json\/wp\/v2\/media?parent=146508"}],"wp:term":[{"taxonomy":"category","embeddable":true,"href":"https:\/\/www.europesays.com\/fr\/wp-json\/wp\/v2\/categories?post=146508"},{"taxonomy":"post_tag","embeddable":true,"href":"https:\/\/www.europesays.com\/fr\/wp-json\/wp\/v2\/tags?post=146508"}],"curies":[{"name":"wp","href":"https:\/\/api.w.org\/{rel}","templated":true}]}}