{"id":146516,"date":"2025-06-02T13:50:17","date_gmt":"2025-06-02T13:50:17","guid":{"rendered":"https:\/\/www.europesays.com\/fr\/146516\/"},"modified":"2025-06-02T13:50:17","modified_gmt":"2025-06-02T13:50:17","slug":"gros-chamboulement-sur-la-ligne-1-du-tramway-tout-lete","status":"publish","type":"post","link":"https:\/\/www.europesays.com\/fr\/146516\/","title":{"rendered":"gros chamboulement sur la ligne 1 du tramway tout l\u2019\u00e9t\u00e9"},"content":{"rendered":"<p>            Par<br \/>\n        <strong><br \/>\n            <a href=\"https:\/\/actu.fr\/auteur\/metropoop\" title=\"Consulter tous les articles de R\u00e9daction M\u00e9tropolitain\" rel=\"nofollow noopener\" target=\"_blank\">R\u00e9daction M\u00e9tropolitain<\/a><br \/>\n        <\/strong><\/p>\n<p>        Publi\u00e9 le<\/p>\n<p>            2 juin 2025 \u00e0 14h51<br \/>\n        ; mis \u00e0 jour le 2 juin 2025 \u00e0 14h54    <\/p>\n<p>Les travaux continuent \u00e0 Montpellier avec la <strong>r\u00e9novation et l\u2019allongement de la ligne 1<\/strong> de tramway, dont les chantiers commencent d\u00e8s ce mois de juin 2025 et \u00e0 plusieurs moments durant l\u2019\u00e9t\u00e9. <strong>Montpellier M\u00e9diterran\u00e9e M\u00e9tropole<\/strong> et la <strong>TaM<\/strong>\u00a0ont choisi de caler les travaux sur le <strong>week-end de Pentec\u00f4te<\/strong> et certaines p\u00e9riodes estivales, invoquant une \u00ab\u00a0<strong>fr\u00e9quentation du r\u00e9seau plus faible\u00a0\u00bb<\/strong>.<\/p>\n<p>Secteurs Haut-de-Massane et Saint-Paul \u2013 7 juin jusqu\u2019au 9 juin<\/p>\n<p class=\" wall-content\">Les chantiers commenceront d\u00e8s le <strong>week-end de Pentec\u00f4te<\/strong>. Le service de la ligne 1 sera interrompu entre les arr\u00eats <strong>Occitanie<\/strong> et <strong>Mosson<\/strong> du samedi <strong>7 juin<\/strong> \u00e0 21h30 jusqu\u2019au lundi <strong>9 juin<\/strong> \u00e0 5h. Des navettes bus seront disponibles en guise de remplacement et assureront la desserte des arr\u00eats indisponibles. Elles fonctionneront selon l\u2019horaire \u00ab\u00a0dimanche et jours f\u00e9ri\u00e9s\u00a0\u00bb, et circuleront ainsi avec des intervalles d\u2019une quinzaine de minutes entre chaque navette.<\/p>\n<p class=\" wall-content\">La <strong>ligne de bus 19<\/strong> sera \u00e9galement d\u00e9vi\u00e9e au niveau du <strong>carrefour routier de l\u2019Albigeois<\/strong> jusqu\u2019au vendredi 11 juillet. L\u2019arr\u00eat <strong>Hauts de Massane<\/strong> sera report\u00e9 sur l\u2019avenue de l\u2019Europe.<\/p>\n<p>Secteur Odysseum \u2013 22 juin jusqu\u2019au 26 juin (nuits)<\/p>\n<p class=\" wall-content\">Les travaux pour l\u2019extension de la ligne 1 de tramway (dont la mise en service est pr\u00e9vue pour le 18 octobre 2025) vont continuer dans les secteurs <strong>Odysseum<\/strong> et <strong>Cambac\u00e9r\u00e8s<\/strong> \u00e0 la fin du mois de juin. Pour rappel, cette extension permettra de<strong> relier les gares Saint-Roch et Sud de France<\/strong> sans avoir \u00e0 sortir du tramway.<\/p>\n<p class=\" wall-content\">Le service de la ligne 1 sera interrompu plus t\u00f4t du dimanche <strong>22 juin<\/strong> au jeudi <strong>26 juin<\/strong> entre l\u2019arr\u00eat Place de France et le terminus Odysseum. L\u2019objet de ces travaux est le raccordement d\u00e9finitif de la Ligne A\u00e9rienne de Contact.<\/p>\n<p>Vid\u00e9os : en ce moment sur ActuSecteur Antigone \u2013 28 juin jusqu\u2019au 6 juillet<\/p>\n<p class=\" wall-content\">Pour le d\u00e9but de l\u2019\u00e9t\u00e9, la ligne 1 sera interrompue entre le samedi <strong>28 juin<\/strong> et le dimanche <strong>6 juillet<\/strong> inclus, entre les arr\u00eats <strong>Gare Saint-Roch<\/strong> et <strong>Moular\u00e8s H\u00f4tel de Ville<\/strong>. Les arr\u00eats <strong>Du Guesclin<\/strong>, <strong>Antigone<\/strong>, <strong>L\u00e9on Blum<\/strong>, <strong>Place de l\u2019Europe<\/strong> et <strong>Rives du Lez<\/strong> ne seront donc pas accessibles en tramway.<\/p>\n<p class=\" wall-content\">Un<strong> dispositif sera disponible<\/strong> pour les personnes \u00e0 mobilit\u00e9 r\u00e9duite sur l\u2019itin\u00e9raire non desservi (except\u00e9 l\u2019arr\u00eat Du Guesclin). Le dispositif sera joignable sur r\u00e9servation au<strong> 04 67 20 94 94<\/strong>.<\/p>\n<p>Secteur Mosson \u2013 24 juillet jusqu\u2019au 13 ao\u00fbt<\/p>\n<p class=\" wall-content\">La d\u00e9molition de l\u2019Arche Mercure, qui aura lieu entre les arr\u00eats <strong>Stade de la Mosson<\/strong> et <strong>Mosson<\/strong> cet \u00e9t\u00e9, entrainera des modifications de service sur la ligne 1. Ainsi, les tramway ne circuleront pas entre les arr\u00eats <strong>Saint-Paul<\/strong> et <strong>Mosson<\/strong> du jeudi <strong>24 juillet<\/strong> jusqu\u2019au mercredi <strong>13 ao\u00fbt<\/strong>.<\/p>\n<p class=\" wall-content\">Des <strong>navettes bus de remplacement<\/strong> seront mises en place sur cette p\u00e9riode pour assurer la desserte des arr\u00eats concern\u00e9s. Elles rouleront sur la m\u00eame amplitude horaire que les tramway de la ligne 1, de 4h30 jusqu\u2019\u00e0 1h du matin en semaine (et jusqu\u2019\u00e0 2h du matin les vendredi et samedi), avec une fr\u00e9quence d\u2019un bus toutes les 8 \u00e0 15 minutes.<\/p>\n<p class=\" wall-content\">Suivez toute l\u2019actualit\u00e9 de vos villes et m\u00e9dias favoris en vous inscrivant \u00e0 <a href=\"https:\/\/moncompte.actu.fr\" title=\"D\u00e9couvez Mon Actu\" rel=\"nofollow noopener\" data-trk=\"{&quot;cta&quot;:{&quot;action&quot;:&quot;https:\\\/\\\/moncompte.actu.fr&quot;,&quot;category&quot;:&quot;mon compte&quot;,&quot;from&quot;:&quot;article footer&quot;,&quot;name&quot;:&quot;Mon actu&quot;,&quot;type&quot;:&quot;cta&quot;}}\" target=\"_blank\">Mon Actu<\/a>.<\/p>\n","protected":false},"excerpt":{"rendered":"Par R\u00e9daction M\u00e9tropolitain Publi\u00e9 le 2 juin 2025 \u00e0 14h51 ; mis \u00e0 jour le 2 juin 2025&hellip;\n","protected":false},"author":2,"featured_media":146517,"comment_status":"","ping_status":"","sticky":false,"template":"","format":"standard","meta":{"footnotes":""},"categories":[9599],"tags":[1111,11,1777,674,1011,27,2208,12,2680,25,104,2803,2086],"class_list":{"0":"post-146516","1":"post","2":"type-post","3":"status-publish","4":"format-standard","5":"has-post-thumbnail","7":"category-montpellier","8":"tag-actu","9":"tag-actualites","10":"tag-eu","11":"tag-europe","12":"tag-fr","13":"tag-france","14":"tag-montpellier","15":"tag-news","16":"tag-occitanie","17":"tag-republique-francaise","18":"tag-societe","19":"tag-transport","20":"tag-travaux"},"share_on_mastodon":{"url":"https:\/\/pubeurope.com\/@fr\/114614096574225227","error":""},"_links":{"self":[{"href":"https:\/\/www.europesays.com\/fr\/wp-json\/wp\/v2\/posts\/146516","targetHints":{"allow":["GET"]}}],"collection":[{"href":"https:\/\/www.europesays.com\/fr\/wp-json\/wp\/v2\/posts"}],"about":[{"href":"https:\/\/www.europesays.com\/fr\/wp-json\/wp\/v2\/types\/post"}],"author":[{"embeddable":true,"href":"https:\/\/www.europesays.com\/fr\/wp-json\/wp\/v2\/users\/2"}],"replies":[{"embeddable":true,"href":"https:\/\/www.europesays.com\/fr\/wp-json\/wp\/v2\/comments?post=146516"}],"version-history":[{"count":0,"href":"https:\/\/www.europesays.com\/fr\/wp-json\/wp\/v2\/posts\/146516\/revisions"}],"wp:featuredmedia":[{"embeddable":true,"href":"https:\/\/www.europesays.com\/fr\/wp-json\/wp\/v2\/media\/146517"}],"wp:attachment":[{"href":"https:\/\/www.europesays.com\/fr\/wp-json\/wp\/v2\/media?parent=146516"}],"wp:term":[{"taxonomy":"category","embeddable":true,"href":"https:\/\/www.europesays.com\/fr\/wp-json\/wp\/v2\/categories?post=146516"},{"taxonomy":"post_tag","embeddable":true,"href":"https:\/\/www.europesays.com\/fr\/wp-json\/wp\/v2\/tags?post=146516"}],"curies":[{"name":"wp","href":"https:\/\/api.w.org\/{rel}","templated":true}]}}