{"id":146526,"date":"2025-06-02T13:56:18","date_gmt":"2025-06-02T13:56:18","guid":{"rendered":"https:\/\/www.europesays.com\/fr\/146526\/"},"modified":"2025-06-02T13:56:18","modified_gmt":"2025-06-02T13:56:18","slug":"a-quelle-heure-et-sur-quelle-chaine-regarder-la-finale-de-pro-d2","status":"publish","type":"post","link":"https:\/\/www.europesays.com\/fr\/146526\/","title":{"rendered":"\u00e0 quelle heure et sur quelle cha\u00eene regarder la finale de Pro D2 ?"},"content":{"rendered":"<p>Ce samedi 7 juin, Grenoble d\u00e9fie Montauban \u00e0 Toulouse pour une mont\u00e9e en Top 14.<\/p>\n<p class=\"fig-paragraph\">Qui de Grenoble ou Montauban acc\u00e9dera au\u00a0<a href=\"http:\/\/www.lefigaro.fr\/sports\/rugby\/top-14\/top-14-a-quelle-heure-et-sur-quelle-chaine-suivre-le-multiplex-de-la-26e-et-derniere-journee-20250602\" data-fig-type=\"NewsFlash\" data-gtm-custom-categorie=\"navigation\" data-gtm-custom-action=\"crossclick\" data-gtm-custom-label=\"Contextuel\" data-gtm-event=\"customEventSPE\" data-fig-domain=\"LEFIGARO\" target=\"_blank\" rel=\"noopener\">Top 14<\/a>\u00a0? La d\u00e9cision se fera ce samedi 7 juin \u00e0 Toulouse. Les Grenoblois, leaders de Pro D2 depuis un bon bout de temps, veulent la mont\u00e9e apr\u00e8s trois \u00e9checs cons\u00e9cutifs en finale. Les joueurs des Alpes pourront s\u2019appuyer un pack puissant, un\u00a0<a href=\"http:\/\/www.lefigaro.fr\/sports\/rugby\/pro-d2-meilleur-realisateur-entrepreneur-international-les-multiples-casquettes-de-sam-davies-l-ouvreur-grenoblois-20231206\" data-fig-type=\"Article\" data-gtm-custom-categorie=\"navigation\" data-gtm-custom-action=\"crossclick\" data-gtm-custom-label=\"Contextuel\" data-gtm-event=\"customEventSPE\" data-fig-domain=\"LEFIGARO\" target=\"_blank\" rel=\"noopener\">Sam Davies<\/a>\u00a0de gala \u00e0 l\u2019ouverture et de leurs fl\u00e8ches aux ailes, le Namibien Mouton et le virevoltant Hulleu.<\/p>\n<p class=\"fig-paragraph\">De l\u2019autre c\u00f4t\u00e9,\u00a0<a href=\"http:\/\/www.lefigaro.fr\/sports\/rugby\/pro-d2-montauban-signe-un-exploit-majuscule-a-brive-et-rejoint-grenoble-en-finale-20250530\" data-fig-type=\"NewsFlash\" data-gtm-custom-categorie=\"navigation\" data-gtm-custom-action=\"crossclick\" data-gtm-custom-label=\"Contextuel\" data-gtm-event=\"customEventSPE\" data-fig-domain=\"LEFIGARO\" target=\"_blank\" rel=\"noopener\">Montauban<\/a>\u00a0a cr\u00e9\u00e9 la surprise en venant \u00e0 bout de Brive en demi-finale. Souvenez-vous, les Montalbanais \u00e9taient pass\u00e9s \u00e0 une p\u00e9nalit\u00e9 d\u2019une rel\u00e9gation en Nationale la saison pass\u00e9e. Cette ann\u00e9e, les Tarn-et-Garonnais ne sont plus qu\u2019\u00e0 un match (ou deux) d\u2019une mont\u00e9e en premi\u00e8re division. Pour rappel, le gagnant ira directement en Top 14 et remportera le bouclier alors que le perdant devra affronter, sur sa pelouse, le 13e et avant-dernier de Top 14.<\/p>\n<p>O\u00f9 regarder Grenoble-Montauban\u00a0?<\/p>\n<p class=\"fig-paragraph\">La rencontre sera \u00e0 suivre \u00e0 partir de 17h30 sur Canal + et sera \u00e9galement \u00e0 suivre sur le site du Figaro, en direct-comment\u00e9.<\/p>\n","protected":false},"excerpt":{"rendered":"Ce samedi 7 juin, Grenoble d\u00e9fie Montauban \u00e0 Toulouse pour une mont\u00e9e en Top 14. Qui de Grenoble&hellip;\n","protected":false},"author":2,"featured_media":146527,"comment_status":"","ping_status":"","sticky":false,"template":"","format":"standard","meta":{"footnotes":""},"categories":[9566],"tags":[1111,11,2430,525,4590,1981,2313,814,1777,674,1011,27,2731,955,12,4589,2308,2311,25,1980,479,2259,478,2310,2312],"class_list":{"0":"post-146526","1":"post","2":"type-post","3":"status-publish","4":"format-standard","5":"has-post-thumbnail","7":"category-grenoble","8":"tag-actu","9":"tag-actualites","10":"tag-auvergne-rhone-alpes","11":"tag-calendrier","12":"tag-championnat-france","13":"tag-classement","14":"tag-clermont","15":"tag-direct","16":"tag-eu","17":"tag-europe","18":"tag-fr","19":"tag-france","20":"tag-grenoble","21":"tag-match","22":"tag-news","23":"tag-phase-finale","24":"tag-pro-d2","25":"tag-racing","26":"tag-republique-francaise","27":"tag-resultats","28":"tag-rugby","29":"tag-score","30":"tag-top-14","31":"tag-toulon","32":"tag-toulouse"},"share_on_mastodon":{"url":"https:\/\/pubeurope.com\/@fr\/114614120147026462","error":""},"_links":{"self":[{"href":"https:\/\/www.europesays.com\/fr\/wp-json\/wp\/v2\/posts\/146526","targetHints":{"allow":["GET"]}}],"collection":[{"href":"https:\/\/www.europesays.com\/fr\/wp-json\/wp\/v2\/posts"}],"about":[{"href":"https:\/\/www.europesays.com\/fr\/wp-json\/wp\/v2\/types\/post"}],"author":[{"embeddable":true,"href":"https:\/\/www.europesays.com\/fr\/wp-json\/wp\/v2\/users\/2"}],"replies":[{"embeddable":true,"href":"https:\/\/www.europesays.com\/fr\/wp-json\/wp\/v2\/comments?post=146526"}],"version-history":[{"count":0,"href":"https:\/\/www.europesays.com\/fr\/wp-json\/wp\/v2\/posts\/146526\/revisions"}],"wp:featuredmedia":[{"embeddable":true,"href":"https:\/\/www.europesays.com\/fr\/wp-json\/wp\/v2\/media\/146527"}],"wp:attachment":[{"href":"https:\/\/www.europesays.com\/fr\/wp-json\/wp\/v2\/media?parent=146526"}],"wp:term":[{"taxonomy":"category","embeddable":true,"href":"https:\/\/www.europesays.com\/fr\/wp-json\/wp\/v2\/categories?post=146526"},{"taxonomy":"post_tag","embeddable":true,"href":"https:\/\/www.europesays.com\/fr\/wp-json\/wp\/v2\/tags?post=146526"}],"curies":[{"name":"wp","href":"https:\/\/api.w.org\/{rel}","templated":true}]}}