{"id":146532,"date":"2025-06-02T13:59:10","date_gmt":"2025-06-02T13:59:10","guid":{"rendered":"https:\/\/www.europesays.com\/fr\/146532\/"},"modified":"2025-06-02T13:59:10","modified_gmt":"2025-06-02T13:59:10","slug":"affecte-par-des-travaux-devant-son-restaurant-ce-chef-appelle-ses-clients-a-revenir","status":"publish","type":"post","link":"https:\/\/www.europesays.com\/fr\/146532\/","title":{"rendered":"affect\u00e9 par des travaux devant son restaurant, ce chef appelle ses clients \u00e0 revenir"},"content":{"rendered":"<p>            Par<br \/>\n        <strong><br \/>\n            <a href=\"https:\/\/actu.fr\/auteur\/ivan-capecchi\" title=\"Consulter tous les articles de Ivan CAPECCHI\" rel=\"nofollow noopener\" target=\"_blank\">Ivan CAPECCHI<\/a><br \/>\n        <\/strong><\/p>\n<p>        Publi\u00e9 le<\/p>\n<p>            2 juin 2025 \u00e0 15h11        <\/p>\n<p>Durant pr\u00e8s de deux mois, des travaux de voirie ont \u00e9t\u00e9 men\u00e9s aux abords du <strong>restaurant Ranna Ghor \u00e0 Strasbourg<\/strong>, un restaurant <strong>bien not\u00e9 sur Google<\/strong>, recens\u00e9 dans le <a href=\"https:\/\/actu.fr\/grand-est\/strasbourg_67482\/bars-restaurants-clubs-voici-les-100-meilleures-adresses-de-strasbourg-en-2025-selon-ce-guide-gratuit_62709287.html\" rel=\"nofollow noopener\" target=\"_blank\">guide de sorties lanc\u00e9 ce lundi par Pokaa<\/a>, et que nous vous recommandions pour son <a href=\"https:\/\/actu.fr\/grand-est\/strasbourg_67482\/strasbourg-note-4-9-5-sur-google-ce-restaurant-propose-un-rapport-qualite-prix-exceptionnel_60070128.html\" rel=\"nofollow noopener\" target=\"_blank\">excellent rapport qualit\u00e9-prix<\/a> le midi.<\/p>\n<p class=\" wall-content\">Des travaux men\u00e9s dans le cadre du <a href=\"https:\/\/actu.fr\/grand-est\/strasbourg_67482\/strasbourg-voici-la-carte-des-nombreux-travaux-prevus-cette-annee-pour-le-ring-velo_62121636.html\" rel=\"nofollow noopener\" target=\"_blank\">projet de ring v\u00e9lo<\/a>, et qui ont eu un r\u00e9el impact sur le <strong>chiffre d\u2019affaires<\/strong> de l\u2019\u00e9tablissement.<\/p>\n<p>\u00ab\u2009Les clients ne pouvaient plus discuter entre eux \u00e0 cause du bruit des travaux\u2009\u00bb<\/p>\n<p class=\" wall-content\">\u00ab\u2009A cause du bruit, <strong>les clients, y compris des clients fid\u00e8les, sont partis ailleurs et tous ne sont pas revenus<\/strong> depuis la fin des travaux\u2009\u00bb, explique le jeune chef Sabbir Ahmed.<\/p>\n<p class=\" wall-content\">\u00ab\u2009Les travaux commen\u00e7aient \u00e0 13h, or mes clients arrivent g\u00e9n\u00e9ralement \u00e0 12h30 pour repartir \u00e0 14h. Le bruit, c\u2019\u00e9tait une catastrophe, <strong>les clients ne pouvaient plus discuter entre eux<\/strong>, m\u00eame la porte ferm\u00e9e\u2009\u00bb, d\u00e9veloppe-t-il.<\/p>\n<p>Vid\u00e9os : en ce moment sur ActuPerte de chiffre d\u2019affaires<\/p>\n<p class=\" wall-content\">\u00ab\u2009Avant les travaux, on faisait minimum 25 couverts chaque midi. <strong>On est tomb\u00e9 \u00e0 10.<\/strong> Par rapport \u00e0 la m\u00eame p\u00e9riode l\u2019an dernier, <strong>on a perdu environ 10-15\u2009% de chiffre d\u2019affaires<\/strong>\u2009\u00bb, poursuit Sabbir, qui a fait une demande de compensation aupr\u00e8s de la Ville.<\/p>\n<p class=\" wall-content\">\u00ab\u2009Les travaux sont termin\u00e9s, il n\u2019y a plus de bruit, <strong>venez profiter de notre belle terrasse<\/strong>\u2009\u00bb, lance le chef. Une terrasse plus agr\u00e9able qu\u2019auparavant, les travaux ayant permis <strong>d\u2019\u00e9largir le trottoir \u00e0 cet endroit<\/strong>.<\/p>\n<p class=\" wall-content\">Suivez toute l\u2019actualit\u00e9 de vos villes et m\u00e9dias favoris en vous inscrivant \u00e0 <a href=\"https:\/\/moncompte.actu.fr\" title=\"D\u00e9couvez Mon Actu\" rel=\"nofollow noopener\" data-trk=\"{&quot;cta&quot;:{&quot;action&quot;:&quot;https:\\\/\\\/moncompte.actu.fr&quot;,&quot;category&quot;:&quot;mon compte&quot;,&quot;from&quot;:&quot;article footer&quot;,&quot;name&quot;:&quot;Mon actu&quot;,&quot;type&quot;:&quot;cta&quot;}}\" target=\"_blank\">Mon Actu<\/a>.<\/p>\n","protected":false},"excerpt":{"rendered":"Par Ivan CAPECCHI Publi\u00e9 le 2 juin 2025 \u00e0 15h11 Durant pr\u00e8s de deux mois, des travaux de&hellip;\n","protected":false},"author":2,"featured_media":146533,"comment_status":"","ping_status":"","sticky":false,"template":"","format":"standard","meta":{"footnotes":""},"categories":[2820],"tags":[1111,11,1777,674,1011,27,775,12,25,1340,104,640],"class_list":{"0":"post-146532","1":"post","2":"type-post","3":"status-publish","4":"format-standard","5":"has-post-thumbnail","7":"category-strasbourg","8":"tag-actu","9":"tag-actualites","10":"tag-eu","11":"tag-europe","12":"tag-fr","13":"tag-france","14":"tag-grand-est","15":"tag-news","16":"tag-republique-francaise","17":"tag-restaurant","18":"tag-societe","19":"tag-strasbourg"},"share_on_mastodon":{"url":"https:\/\/pubeurope.com\/@fr\/114614132005896292","error":""},"_links":{"self":[{"href":"https:\/\/www.europesays.com\/fr\/wp-json\/wp\/v2\/posts\/146532","targetHints":{"allow":["GET"]}}],"collection":[{"href":"https:\/\/www.europesays.com\/fr\/wp-json\/wp\/v2\/posts"}],"about":[{"href":"https:\/\/www.europesays.com\/fr\/wp-json\/wp\/v2\/types\/post"}],"author":[{"embeddable":true,"href":"https:\/\/www.europesays.com\/fr\/wp-json\/wp\/v2\/users\/2"}],"replies":[{"embeddable":true,"href":"https:\/\/www.europesays.com\/fr\/wp-json\/wp\/v2\/comments?post=146532"}],"version-history":[{"count":0,"href":"https:\/\/www.europesays.com\/fr\/wp-json\/wp\/v2\/posts\/146532\/revisions"}],"wp:featuredmedia":[{"embeddable":true,"href":"https:\/\/www.europesays.com\/fr\/wp-json\/wp\/v2\/media\/146533"}],"wp:attachment":[{"href":"https:\/\/www.europesays.com\/fr\/wp-json\/wp\/v2\/media?parent=146532"}],"wp:term":[{"taxonomy":"category","embeddable":true,"href":"https:\/\/www.europesays.com\/fr\/wp-json\/wp\/v2\/categories?post=146532"},{"taxonomy":"post_tag","embeddable":true,"href":"https:\/\/www.europesays.com\/fr\/wp-json\/wp\/v2\/tags?post=146532"}],"curies":[{"name":"wp","href":"https:\/\/api.w.org\/{rel}","templated":true}]}}