{"id":146546,"date":"2025-06-02T14:08:09","date_gmt":"2025-06-02T14:08:09","guid":{"rendered":"https:\/\/www.europesays.com\/fr\/146546\/"},"modified":"2025-06-02T14:08:09","modified_gmt":"2025-06-02T14:08:09","slug":"la-ligne-b-du-metro-de-toulouse-partiellement-coupee-a-cause-dun-bagage-abandonne","status":"publish","type":"post","link":"https:\/\/www.europesays.com\/fr\/146546\/","title":{"rendered":"La ligne B du m\u00e9tro de Toulouse partiellement coup\u00e9e \u00e0 cause d&rsquo;un bagage abandonn\u00e9"},"content":{"rendered":"<p>            Par<br \/>\n        <strong><br \/>\n            <a href=\"https:\/\/actu.fr\/auteur\/mareva-laville-actu-fr\" title=\"Consulter tous les articles de Mar\u00e9va Laville\" target=\"_blank\" rel=\"noopener\">Mar\u00e9va Laville<\/a><br \/>\n        <\/strong><\/p>\n<p>        Publi\u00e9 le<\/p>\n<p>            2 juin 2025 \u00e0 15h53        <\/p>\n<p>C\u2019est une <strong>interruption<\/strong> qui peut parfois durer longtemps. A <a href=\"http:\/\/www.actu.fr\/toulouse\" target=\"_blank\" rel=\"noopener\"><strong>Toulouse<\/strong><\/a>, un<strong> bagage abandonn\u00e9<\/strong> engendre <strong>l\u2019arr\u00eat partiel de <a href=\"https:\/\/actu.fr\/tag\/metro-de-toulouse\" target=\"_blank\" rel=\"noopener\">la ligne B du m\u00e9tro<\/a><\/strong>, depuis 15h30 ce lundi 2\u00a0juin 2025.<\/p>\n<p>La station Saint-Agne coup\u00e9e<\/p>\n<p class=\" wall-content\">Une seule station n\u2019est plus desservie pour au moins trente minutes\u2009: la station <strong>Saint-Agne-SNCF.<\/strong> L\u00e0 o\u00f9 le bagage aurait \u00e9t\u00e9 abandonn\u00e9.<\/p>\n<p class=\" wall-content\">Le m\u00e9tro \u00ab\u2009fonctionne normalement entre les stations Borderouge et Empalot d\u2019une part et entre les stations Ramonville et Saouzelong\u2009\u00bb, pr\u00e9cise <a href=\"https:\/\/actu.fr\/tag\/tisseo\" target=\"_blank\" rel=\"noopener\">Tiss\u00e9o<\/a> qui indique mettre \u00ab\u2009tout en \u0153uvre pour r\u00e9tablir la ligne dans les meilleurs d\u00e9lais\u2009\u00bb.<\/p>\n<p>Des bus en relais<\/p>\n<p class=\" wall-content\">Le r\u00e9seau de transport en commun toulousain invite les voyageurs \u00e0 emprunter la <strong>ligne de bus num\u00e9ro\u00a044<\/strong> pour faire la <strong>connexion entre Saouzelong et Empalot<\/strong>.<\/p>\n<p class=\" wall-content\">Pour rejoindre la <strong>gare de Saint-Agne<\/strong> depuis Empalot, il faut emprunter<strong> le bus 34.<\/strong><\/p>\n<p class=\" wall-content\">Suivez toute l\u2019actualit\u00e9 de vos villes et m\u00e9dias favoris en vous inscrivant \u00e0 <a href=\"https:\/\/moncompte.actu.fr\" title=\"D\u00e9couvez Mon Actu\" rel=\"nofollow noopener\" data-trk=\"{&quot;cta&quot;:{&quot;action&quot;:&quot;https:\\\/\\\/moncompte.actu.fr&quot;,&quot;category&quot;:&quot;mon compte&quot;,&quot;from&quot;:&quot;article footer&quot;,&quot;name&quot;:&quot;Mon actu&quot;,&quot;type&quot;:&quot;cta&quot;}}\" target=\"_blank\">Mon Actu<\/a>.<\/p>\n<ul class=\"ac-article-tag wall-content\">\n<li><a href=\"https:\/\/actu.fr\/tag\/metro-de-toulouse\" data-trk=\"{&quot;cta&quot;:{&quot;action&quot;:&quot;M\\u00e9tro de Toulouse&quot;,&quot;category&quot;:&quot;tag&quot;,&quot;from&quot;:&quot;article footer&quot;,&quot;name&quot;:&quot;M\\u00e9tro de Toulouse&quot;,&quot;type&quot;:&quot;cta&quot;}}\" target=\"_blank\" rel=\"noopener\">#M\u00e9tro de Toulouse<\/a><\/li>\n<li><a href=\"https:\/\/actu.fr\/tag\/tisseo\" data-trk=\"{&quot;cta&quot;:{&quot;action&quot;:&quot;Tiss\\u00e9o&quot;,&quot;category&quot;:&quot;tag&quot;,&quot;from&quot;:&quot;article footer&quot;,&quot;name&quot;:&quot;Tiss\\u00e9o&quot;,&quot;type&quot;:&quot;cta&quot;}}\" target=\"_blank\" rel=\"noopener\">#Tiss\u00e9o<\/a><\/li>\n<\/ul>\n","protected":false},"excerpt":{"rendered":"Par Mar\u00e9va Laville Publi\u00e9 le 2 juin 2025 \u00e0 15h53 C\u2019est une interruption qui peut parfois durer longtemps.&hellip;\n","protected":false},"author":2,"featured_media":146547,"comment_status":"","ping_status":"","sticky":false,"template":"","format":"standard","meta":{"footnotes":""},"categories":[2816],"tags":[1111,11,1777,674,118,1011,27,10596,12,2680,25,5400,2312],"class_list":{"0":"post-146546","1":"post","2":"type-post","3":"status-publish","4":"format-standard","5":"has-post-thumbnail","7":"category-toulouse","8":"tag-actu","9":"tag-actualites","10":"tag-eu","11":"tag-europe","12":"tag-faits-divers","13":"tag-fr","14":"tag-france","15":"tag-metro-de-toulouse","16":"tag-news","17":"tag-occitanie","18":"tag-republique-francaise","19":"tag-tisseo","20":"tag-toulouse"},"share_on_mastodon":{"url":"https:\/\/pubeurope.com\/@fr\/114614167390047871","error":""},"_links":{"self":[{"href":"https:\/\/www.europesays.com\/fr\/wp-json\/wp\/v2\/posts\/146546","targetHints":{"allow":["GET"]}}],"collection":[{"href":"https:\/\/www.europesays.com\/fr\/wp-json\/wp\/v2\/posts"}],"about":[{"href":"https:\/\/www.europesays.com\/fr\/wp-json\/wp\/v2\/types\/post"}],"author":[{"embeddable":true,"href":"https:\/\/www.europesays.com\/fr\/wp-json\/wp\/v2\/users\/2"}],"replies":[{"embeddable":true,"href":"https:\/\/www.europesays.com\/fr\/wp-json\/wp\/v2\/comments?post=146546"}],"version-history":[{"count":0,"href":"https:\/\/www.europesays.com\/fr\/wp-json\/wp\/v2\/posts\/146546\/revisions"}],"wp:featuredmedia":[{"embeddable":true,"href":"https:\/\/www.europesays.com\/fr\/wp-json\/wp\/v2\/media\/146547"}],"wp:attachment":[{"href":"https:\/\/www.europesays.com\/fr\/wp-json\/wp\/v2\/media?parent=146546"}],"wp:term":[{"taxonomy":"category","embeddable":true,"href":"https:\/\/www.europesays.com\/fr\/wp-json\/wp\/v2\/categories?post=146546"},{"taxonomy":"post_tag","embeddable":true,"href":"https:\/\/www.europesays.com\/fr\/wp-json\/wp\/v2\/tags?post=146546"}],"curies":[{"name":"wp","href":"https:\/\/api.w.org\/{rel}","templated":true}]}}