{"id":146552,"date":"2025-06-02T14:15:12","date_gmt":"2025-06-02T14:15:12","guid":{"rendered":"https:\/\/www.europesays.com\/fr\/146552\/"},"modified":"2025-06-02T14:15:12","modified_gmt":"2025-06-02T14:15:12","slug":"bon-plan-pres-de-lille-cette-expo-gratuite-en-chaussettes-interactive-est-a-tester-en-famille","status":"publish","type":"post","link":"https:\/\/www.europesays.com\/fr\/146552\/","title":{"rendered":"Bon plan. Pr\u00e8s de Lille, cette expo gratuite (en chaussettes) interactive est \u00e0 tester en famille\u00a0!"},"content":{"rendered":"<p>            Par<br \/>\n        <strong><br \/>\n            <a href=\"https:\/\/actu.fr\/auteur\/amandine-vachez\" title=\"Consulter tous les articles de Amandine Vachez\" rel=\"nofollow noopener\" target=\"_blank\">Amandine Vachez<\/a><br \/>\n        <\/strong><\/p>\n<p>        Publi\u00e9 le<\/p>\n<p>            2 juin 2025 \u00e0 15h22        <\/p>\n<p>Si vous \u00eates \u00e0 la recherche d\u2019une <b>sortie <\/b>en <a href=\"https:\/\/actu.fr\/tag\/famille\" rel=\"nofollow noopener\" target=\"_blank\">famille<\/a> dans la <b>m\u00e9tropole de Lille <\/b>(Nord), alliant apprentissage et amusement, on a sans doute trouv\u00e9 ce qu\u2019il vous faut. En ce moment et<b> jusqu\u2019au 6\u00a0juillet 2025<\/b>, l\u2019<b>exposition interactive<\/b> \u00ab\u2009Fais-moi signe, le langage secret des artistes\u2009\u00bb, install\u00e9e \u00e0 la <b>Ferme d\u2019en Haut<\/b>, vous propose une (re) d\u00e9couverte toute particuli\u00e8re d\u2019artistes expos\u00e9s au LaM de <a href=\"https:\/\/actu.fr\/hauts-de-france\/villeneuve-d-ascq_59009\" rel=\"nofollow noopener\" target=\"_blank\">Villeneuve-d\u2019Ascq<\/a>.<\/p>\n<p>Une d\u00e9couverte interactive et sensorielle \u00e0 faire\u2026 en chaussettes\u2009!<\/p>\n<p class=\" wall-content\">Le parcours de <a href=\"https:\/\/www.musee-lam.fr\/fr\/fais-moi-signe\" rel=\"nofollow noopener\" target=\"_blank\">l\u2019exposition<\/a>, <b>accessible d\u00e8s le plus jeune \u00e2ge<\/b>, commence d\u00e8s l\u2019entr\u00e9e dans l\u2019espace ext\u00e9rieur de la Ferme d\u2019en Haut. On y comprend tout de suite que cette installation, impuls\u00e9e par le<b> LaM de Villeneuve-d\u2019Ascq <\/b>et co-cr\u00e9\u00e9 avec <b>ABC Bruxelles<\/b> (Art Basics for Children), laboratoire artistique bas\u00e9 \u00e0 Bruxelles, est sous le signe de l\u2019exploration. Cela se poursuit \u00e0 l\u2019int\u00e9rieur de la b\u00e2tisse, o\u00f9 a \u00e9t\u00e9 imagin\u00e9e une sc\u00e9nographie sur-mesure.<\/p>\n<p>    <a href=\"https:\/\/www.facebook.com\/plugins\/post.php?href=https%3A%2F%2Fwww.facebook.com%2Ffermedenhaut.vda%2Fposts%2Fpfbid02g5ThpjEs4UNHpBsTTSMtAzScVCKKsVPq3Kds6SctttsWjmVu28j7GEjsRzHA2YC3l&amp;show_text=true&amp;width=350\" title=\"Ouvrie le lien\" rel=\"nofollow noopener\" target=\"_blank\">Cliquez ici pour visualiser le contenu<\/a><\/p>\n<p class=\" wall-content\">Moquette, murs color\u00e9s, \u0153uvres et jeux plac\u00e9s c\u00f4te \u00e0 c\u00f4te\u2026 Luiza Vaulot, responsable sc\u00e9nographique et technique au LaM, a imagin\u00e9 un espace adapt\u00e9 aux petits visiteurs pour leur offrir une visite immersive in\u00e9dite, dans le premier espace d\u2019exposition. Le tout \u00e0 <b>parcourir \u00e0 pieds nus ou en chaussettes.<\/b> \u00ab\u2009Tout est \u00e0 hauteur d\u2019enfant, dans le parcours. Si on veut le vivre comme eux, il suffit de nous baisser\u2009\u00bb, indique notre guide, du mus\u00e9e du LaM. On se met donc \u00e0 genoux. Et en effet, la perspective change tout\u2009!<\/p>\n<p class=\" wall-content\">Dans ce parcours, Anne Ga\u00eblle Le Flohic, responsable de la m\u00e9diation au LaM, et Marie-Am\u00e9lie Senot, responsable du fonds d\u2019art contemporain du mus\u00e9e, invitent \u00e0 d\u00e9couvrir des artistes, sous l\u2019angle de leurs \u00ab\u2009secrets\u2009\u00bb de cr\u00e9ation : <b>Etel Adnan, Mahjoub Ben\u00a0Bella, Jean Dubuffet, Jill Galli\u00e9ni, Giorgio Griffa, Warja Lavater, Annette Messager, Fran\u00e7ois Morellet, Michel Nedjar, Clovis Prevost, Raoul Ubac <\/b>et<b> Jacques Villegl\u00e9.<\/b>\u00a0<\/p>\n<p>Regarde-moi et essaie\u2009!<\/p>\n<p class=\" wall-content\">Cela ne s\u2019arr\u00eate pas \u00e0 la contemplation, on peut aussi tester\u2009! Cr\u00e9er des formes sur un support au sol, une histoire avec des codes couleur sur un leporello (livre accord\u00e9on) ou un tableau autour d\u2019un carr\u00e9 rouge\u2026 Toutes ces<b> techniques utilis\u00e9es par des artistes de renom <\/b>sont mises en avant et <b>recr\u00e9\u00e9es pour permettre aux visiteurs de s\u2019essayer \u00e0 l\u2019exercice.<\/b> Des cartels explicatifs concis permettent \u00e0 ceux qui le souhaitent d\u2019en savoir plus. Il est aussi possible de se laisser porter par la d\u00e9couverte.<\/p>\n<p class=\" wall-content\">Un tiroir cach\u00e9, un mur bleu sensible \u00e0 la chaleur\u2026 L\u2019exploration est le ma\u00eetre mot et se poursuit jusqu\u2019\u00e0 l\u2019\u00e9tage, o\u00f9 des petits mots sont laiss\u00e9s. En vue des retours, l\u2019exp\u00e9rience a plu\u2009! Seul b\u00e9mol trouv\u00e9, c\u2019\u00e9tait \u00ab\u00a0trop court.\u00a0\u00bb Une surprise vous attend \u00e0 l\u2019\u00e9tage, pour un moment propice \u00e0 la d\u00e9tente.<\/p>\n<p>Un atelier d\u2019artistes, avec ABC Bruxelles<br \/>\n    <img   decoding=\"async\" loading=\"lazy\" class=\"size-large\" src=\"https:\/\/www.europesays.com\/fr\/wp-content\/uploads\/2025\/06\/b6b7e5baa93869ab7e5baa9382db7ev-960x640.jpeg\" alt=\"L'exposition \" fais-moi=\"\" signe=\"\" install=\"\" la=\"\" ferme=\"\" d=\"\" haut=\"\" se=\"\" dans=\"\" plusieurs=\"\" espaces=\"\" et=\"\" est=\"\" propos=\"\" avec=\"\" une=\"\" m=\"\" pour=\"\" les=\"\" enfants=\"\" qui=\"\" viennent=\"\" r=\"\" width=\"960\" height=\"640\"\/><br \/>\n    L\u2019exposition \u00ab\u2009Fais-moi signe\u2009\u00bb install\u00e9e \u00e0 la Ferme d\u2019en Haut se d\u00e9cline dans plusieurs espaces, et est propos\u00e9e avec une m\u00e9diation pour les enfants, qui viennent r\u00e9guli\u00e8rement avec les \u00e9coles. \u00a9Amandine Vachez<\/p>\n<p class=\" wall-content\">La collection d\u2019ABC Bruxelles est tr\u00e8s impressionnante\u2009! Une partie de ses livres s\u2019invitent \u00e0 La Ferme d\u2019en Haut, dans un deuxi\u00e8me espace int\u00e9rieur. Un pont travers\u00e9 et l\u2019on se retrouve <b>dans une nouvelle \u00e9tape d\u2019exposition<\/b>, o\u00f9 des \u0153uvres dialoguent avec des jeux et de grandes tables en bois clair. Des ateliers y sont propos\u00e9s, en plus de temps explicatifs ludiques.<\/p>\n<p class=\" wall-content\">Lors de notre passage, une <b>histoire \u00e9tait cont\u00e9e dans un th\u00e9\u00e2tre de marionnettes,<\/b> aux enfants venus avec l\u2019\u00e9cole. De l\u2019autre c\u00f4t\u00e9, un m\u00e9diateur du LaM invitait un autre petit groupe \u00e0<b> cr\u00e9er un \u00ab\u2009chemin de laine\u2009\u00bb<\/b>, sur un carton sur lequel il fallait percer les trous. L\u2019occasion de pr\u00e9senter aux jeunes visiteurs le LaM. Deux jeunes participantes y avaient d\u00e9j\u00e0 \u00e9t\u00e9. Et elles auront sans doute envie d\u2019aller voir la <b>nouvelle version du mus\u00e9e d\u2019art moderne<\/b>, qui <b>pr\u00e9pare sa mue pour d\u00e9but 2026.<\/b><\/p>\n<p>Exposition ouverte les mercredis, week-ends et jours f\u00e9ri\u00e9s de\u00a015\u2009h \u00e0 19\u2009h \u00e0 la Ferme d\u2019en Haut, 268, rue Jules Guesde \u00e0 Villeneuve-d\u2019Ascq. En attendant sa r\u00e9ouverture, le LaM s\u2019invite dans plusieurs lieux de la r\u00e9gion, pour des expositions temporaires. Ses collections partent aussi \u00e0 l\u2019\u00e9tranger pour \u00eatre visibles \u00e0 un tout nouveau public. Suivez les actualit\u00e9s du LaM <a href=\"https:\/\/www.musee-lam.fr\/fr\" rel=\"nofollow noopener\" target=\"_blank\">via le site internet du mus\u00e9e<\/a>.<\/p>\n<p class=\" wall-content\">Suivez toute l\u2019actualit\u00e9 de vos villes et m\u00e9dias favoris en vous inscrivant \u00e0 <a href=\"https:\/\/moncompte.actu.fr\" title=\"D\u00e9couvez Mon Actu\" rel=\"nofollow noopener\" data-trk=\"{&quot;cta&quot;:{&quot;action&quot;:&quot;https:\\\/\\\/moncompte.actu.fr&quot;,&quot;category&quot;:&quot;mon compte&quot;,&quot;from&quot;:&quot;article footer&quot;,&quot;name&quot;:&quot;Mon actu&quot;,&quot;type&quot;:&quot;cta&quot;}}\" target=\"_blank\">Mon Actu<\/a>.<\/p>\n","protected":false},"excerpt":{"rendered":"Par Amandine Vachez Publi\u00e9 le 2 juin 2025 \u00e0 15h22 Si vous \u00eates \u00e0 la recherche d\u2019une sortie&hellip;\n","protected":false},"author":2,"featured_media":146553,"comment_status":"","ping_status":"","sticky":false,"template":"","format":"standard","meta":{"footnotes":""},"categories":[2815],"tags":[1111,11,1777,674,652,1011,27,811,1307,1652,12,25],"class_list":{"0":"post-146552","1":"post","2":"type-post","3":"status-publish","4":"format-standard","5":"has-post-thumbnail","7":"category-lille","8":"tag-actu","9":"tag-actualites","10":"tag-eu","11":"tag-europe","12":"tag-famille","13":"tag-fr","14":"tag-france","15":"tag-hauts-de-france","16":"tag-lille","17":"tag-loisirs-culture","18":"tag-news","19":"tag-republique-francaise"},"share_on_mastodon":{"url":"https:\/\/pubeurope.com\/@fr\/114614195040286233","error":""},"_links":{"self":[{"href":"https:\/\/www.europesays.com\/fr\/wp-json\/wp\/v2\/posts\/146552","targetHints":{"allow":["GET"]}}],"collection":[{"href":"https:\/\/www.europesays.com\/fr\/wp-json\/wp\/v2\/posts"}],"about":[{"href":"https:\/\/www.europesays.com\/fr\/wp-json\/wp\/v2\/types\/post"}],"author":[{"embeddable":true,"href":"https:\/\/www.europesays.com\/fr\/wp-json\/wp\/v2\/users\/2"}],"replies":[{"embeddable":true,"href":"https:\/\/www.europesays.com\/fr\/wp-json\/wp\/v2\/comments?post=146552"}],"version-history":[{"count":0,"href":"https:\/\/www.europesays.com\/fr\/wp-json\/wp\/v2\/posts\/146552\/revisions"}],"wp:featuredmedia":[{"embeddable":true,"href":"https:\/\/www.europesays.com\/fr\/wp-json\/wp\/v2\/media\/146553"}],"wp:attachment":[{"href":"https:\/\/www.europesays.com\/fr\/wp-json\/wp\/v2\/media?parent=146552"}],"wp:term":[{"taxonomy":"category","embeddable":true,"href":"https:\/\/www.europesays.com\/fr\/wp-json\/wp\/v2\/categories?post=146552"},{"taxonomy":"post_tag","embeddable":true,"href":"https:\/\/www.europesays.com\/fr\/wp-json\/wp\/v2\/tags?post=146552"}],"curies":[{"name":"wp","href":"https:\/\/api.w.org\/{rel}","templated":true}]}}