{"id":146556,"date":"2025-06-02T14:17:15","date_gmt":"2025-06-02T14:17:15","guid":{"rendered":"https:\/\/www.europesays.com\/fr\/146556\/"},"modified":"2025-06-02T14:17:15","modified_gmt":"2025-06-02T14:17:15","slug":"marseille-la-cadenelle-inaugure-son-nouveau-campus-metier","status":"publish","type":"post","link":"https:\/\/www.europesays.com\/fr\/146556\/","title":{"rendered":"Marseille : La Cadenelle inaugure son nouveau campus m\u00e9tier"},"content":{"rendered":"<p><img loading=\"lazy\" decoding=\"async\" alt=\"\u00a9 D.R. - Romain Birot, le directeur g\u00e9n\u00e9ral de La Cadenelle devant le Village des entreprises Charlotte Grawitz.\" data-zoom-src=\"https:\/\/www.europesays.com\/fr\/wp-content\/uploads\/2025\/06\/initial-romain-birot-la-cadenelle-campus-marseille.jpg\" data-zoomable=\"\" height=\"702\" src=\"https:\/\/www.europesays.com\/fr\/wp-content\/uploads\/2025\/06\/initial-romain-birot-la-cadenelle-campus-marseille.jpg\" width=\"1248\"\/>  <\/p>\n<p class=\"article-desc\">\u00a9 D.R. &#8211; Romain Birot, le directeur g\u00e9n\u00e9ral de La Cadenelle devant le Village des entreprises Charlotte Grawitz. <\/p>\n<p>L\u2019<a href=\"https:\/\/cadenelle.com\/\" rel=\"noopener nofollow\" target=\"_blank\">\u00e9tablissement de formation La Cadenelle<\/a>, fond\u00e9 en 1943 par Charlotte Grawitz, inaugure son nouveau campus, au c\u0153ur de sa propri\u00e9t\u00e9 bois\u00e9e de quatre hectares, dans le 12e arrondissement de Marseille. Plus grand, plus innovant, plus vert, il devient <strong>le plus important campus m\u00e9tier<\/strong> priv\u00e9 sous contrat d\u2019association avec l\u2019\u00c9tat de Marseille <\/p>\n<p> Renforcer les liens entre La Cadenelle et le monde socio-\u00e9conomique <\/p>\n<p>Ce projet de 17 millions d&rsquo;euros, port\u00e9 par les agences <a href=\"https:\/\/www.becchetti-architectes.com\/\" rel=\"noopener nofollow\" target=\"_blank\">Didier Becchetti Architectes<\/a> et <a href=\"https:\/\/mesinfos.fr\/provence-alpes-cote-d-azur\/marseille-antoine-beau-architecture-pilote-l-extension-du-groupe-scolaire-montolieu-93255.html\" rel=\"noopener nofollow\" target=\"_blank\">Antoine Beau Architecture<\/a>, souhaitait <strong>placer l\u2019entreprise au c\u0153ur de la formation<\/strong>. Avec son espace \u00ab\u00a0Village des entreprises Charlotte Grawitz\u00a0\u00bb (130 m2), il permettra des \u00e9changes entre \u00e9tudiants, formateurs et professionnels. Ce lieu accueillera des <strong>master classes, business game, job dating et des rencontres<\/strong> pour renforcer les liens entre les quatre p\u00f4les de formation de La Cadenelle et le monde socio-\u00e9conomique. <\/p>\n<p>Ce nouveau campus comprend au total 10 780 m2 de b\u00e2timents : 27 salles de cours modulables de 30 \u00e0 60 places, une salle de r\u00e9union, six bureaux, 1 espace de coworking -Village des entreprises de 120 m2, une halle sportive de 1 200 m2, 200 panneaux solaires en toiture assurant l\u2019autonomie \u00e9nerg\u00e9tique ainsi que deux parkings souterrains de 86 places et un parking a\u00e9rien \u00e9co-am\u00e9nag\u00e9 de 250 places.<\/p>\n<p> <img decoding=\"async\" alt=\"\" data-zoomable=\"\" loading=\"lazy\" src=\"https:\/\/www.europesays.com\/fr\/wp-content\/uploads\/2025\/06\/la-cadenelle-marseille-campus.jpg\"\/> \u00a9 D.R.- A terme l\u2019\u00e9tablissement de La Cadenelle pourra accueillir 1 250 lyc\u00e9ens, \u00e9tudiants, apprentis, contre 1 000 aujourd\u2019hui.  <\/p>\n<p>Quant \u00e0 la <a href=\"https:\/\/mesinfos.fr\/13000-marseille\/marseille-le-gymnase-jean-claude-gaudin-a-ete-inaugure-au-coeur-quartier-mazargues-222949.html\" rel=\"noopener nofollow\" target=\"_blank\">nouvelle halle sportive<\/a>, elle devrait \u00eatre livr\u00e9e en novembre prochain. Elle portera le nom de Nathalie Benoit, triple m\u00e9daill\u00e9e <a href=\"https:\/\/mesinfos.fr\/ile-de-france\/jeux-paralympiques-de-paris-2024-11-athletes-selectionnes-en-para-aviron-202042.html\" rel=\"noopener nofollow\" target=\"_blank\">paralympique<\/a> en para-aviron aux JO de Tokyo, Londres et Paris. Un parcours symbole de r\u00e9silience et d\u00e9passement de soi qui devrait inspirer les \u00e9tudiants, qui pourront pratiquer l\u2019aviron en salle au sein de la halle. <\/p>\n<p>A terme, l\u2019\u00e9tablissement de La Cadenelle pourra accueillir 1 250 lyc\u00e9ens, \u00e9tudiants, apprentis, contre 1\u00a0000 aujourd\u2019hui.<\/p>\n","protected":false},"excerpt":{"rendered":"\u00a9 D.R. &#8211; Romain Birot, le directeur g\u00e9n\u00e9ral de La Cadenelle devant le Village des entreprises Charlotte Grawitz.&hellip;\n","protected":false},"author":2,"featured_media":146557,"comment_status":"","ping_status":"","sticky":false,"template":"","format":"standard","meta":{"footnotes":""},"categories":[2814],"tags":[1111,11,13701,1777,674,1119,1011,27,884,11248,12,882,25],"class_list":{"0":"post-146556","1":"post","2":"type-post","3":"status-publish","4":"format-standard","5":"has-post-thumbnail","7":"category-marseille","8":"tag-actu","9":"tag-actualites","10":"tag-campus","11":"tag-eu","12":"tag-europe","13":"tag-formation","14":"tag-fr","15":"tag-france","16":"tag-marseille","17":"tag-mu00e9tiers","18":"tag-news","19":"tag-provence-alpes-cote-dazur","20":"tag-republique-francaise"},"share_on_mastodon":{"url":"https:\/\/pubeurope.com\/@fr\/114614202913026303","error":""},"_links":{"self":[{"href":"https:\/\/www.europesays.com\/fr\/wp-json\/wp\/v2\/posts\/146556","targetHints":{"allow":["GET"]}}],"collection":[{"href":"https:\/\/www.europesays.com\/fr\/wp-json\/wp\/v2\/posts"}],"about":[{"href":"https:\/\/www.europesays.com\/fr\/wp-json\/wp\/v2\/types\/post"}],"author":[{"embeddable":true,"href":"https:\/\/www.europesays.com\/fr\/wp-json\/wp\/v2\/users\/2"}],"replies":[{"embeddable":true,"href":"https:\/\/www.europesays.com\/fr\/wp-json\/wp\/v2\/comments?post=146556"}],"version-history":[{"count":0,"href":"https:\/\/www.europesays.com\/fr\/wp-json\/wp\/v2\/posts\/146556\/revisions"}],"wp:featuredmedia":[{"embeddable":true,"href":"https:\/\/www.europesays.com\/fr\/wp-json\/wp\/v2\/media\/146557"}],"wp:attachment":[{"href":"https:\/\/www.europesays.com\/fr\/wp-json\/wp\/v2\/media?parent=146556"}],"wp:term":[{"taxonomy":"category","embeddable":true,"href":"https:\/\/www.europesays.com\/fr\/wp-json\/wp\/v2\/categories?post=146556"},{"taxonomy":"post_tag","embeddable":true,"href":"https:\/\/www.europesays.com\/fr\/wp-json\/wp\/v2\/tags?post=146556"}],"curies":[{"name":"wp","href":"https:\/\/api.w.org\/{rel}","templated":true}]}}