{"id":146558,"date":"2025-06-02T14:18:15","date_gmt":"2025-06-02T14:18:15","guid":{"rendered":"https:\/\/www.europesays.com\/fr\/146558\/"},"modified":"2025-06-02T14:18:15","modified_gmt":"2025-06-02T14:18:15","slug":"en-1975-a-lyon-des-prostituees-trouvent-refuge-dans-une-eglise-pour-denoncer-la-repression","status":"publish","type":"post","link":"https:\/\/www.europesays.com\/fr\/146558\/","title":{"rendered":"En 1975 \u00e0 Lyon, des prostitu\u00e9es trouvent \u00ab\u00a0refuge\u00a0\u00bb dans une \u00e9glise pour d\u00e9noncer la r\u00e9pression"},"content":{"rendered":"<p>\u00ab\u00a0Il fallait un lieu refuge, pas un lieu o\u00f9 la police viendrait nous chasser\u00a0\u00bb, raconte \u00e0 l&rsquo;AFP le p\u00e8re Christian Delorme, 74 ans, \u00e0 l&rsquo;\u00e9poque \u00e9tudiant, qui les a accompagn\u00e9es \u00e0 l&rsquo;int\u00e9rieur de l&rsquo;\u00e9difice religieux huit jours durant.<\/p>\n<p>\u00ab\u00a0Ces femmes prostitu\u00e9es, souvent des m\u00e8res, se sont retrouv\u00e9es avec succession d&rsquo;amendes et la menace de la prison\u00a0\u00bb, explique le pr\u00eatre du dioc\u00e8se de Lyon, alors pr\u00e9sident du Mouvement pour une alternative non-violente et engag\u00e9 au Mouvement du Nid, qui aide les prostitu\u00e9es.<\/p>\n<p>Proc\u00e8s-verbaux, d\u00e9tentions arbitraires, rappels d&rsquo;imp\u00f4ts et meurtres non \u00e9lucid\u00e9s de trois d&rsquo;entre elles : les prostitu\u00e9es en ont \u00ab\u00a0ras-le-bol\u00a0\u00bb. <\/p>\n<p><img alt=\"Des travailleuses du sexe occupent l'\u00e9glise de Saint-Nizier \u00e0 Lyon pour protester contre l'attitude r\u00e9pressive de la police \u00e0 leur \u00e9gard, le 6 juin 1975\" loading=\"lazy\" decoding=\"async\" data-nimg=\"fill\" class=\" TwicCore_img__i9TC1 undefined  undefined\" style=\"position:absolute;height:100%;width:100%;left:0;top:0;right:0;bottom:0;color:transparent;background-size:cover;background-position:50% 50%;background-repeat:no-repeat;background-image:url(&quot;data:image\/svg+xml;charset=utf-8,%3Csvg xmlns='http:\/\/www.w3.org\/2000\/svg' %3E%3Cfilter id='b' color-interpolation-filters='sRGB'%3E%3CfeGaussianBlur stdDeviation='20'\/%3E%3CfeColorMatrix values='1 0 0 0 0 0 1 0 0 0 0 0 1 0 0 0 0 0 100 -1' result='s'\/%3E%3CfeFlood x='0' y='0' width='100%25' height='100%25'\/%3E%3CfeComposite operator='out' in='s'\/%3E%3CfeComposite in2='SourceGraphic'\/%3E%3CfeGaussianBlur stdDeviation='20'\/%3E%3C\/filter%3E%3Cimage width='100%25' height='100%25' x='0' y='0' preserveAspectRatio='none' style='filter: url(%23b);' href='https:\/\/pictures.laprovence.com\/cdn-cgi\/image\/blur=250\/media\/afp\/3922e46823185b2ccd51aca7674df01f67d03ce8.jpg'\/%3E%3C\/svg%3E&quot;)\"   src=\"https:\/\/www.europesays.com\/fr\/wp-content\/uploads\/2025\/06\/3922e46823185b2ccd51aca7674df01f67d03ce8.jpg\"\/>Des travailleuses du sexe occupent l&rsquo;\u00e9glise de Saint-Nizier \u00e0 Lyon pour protester contre l&rsquo;attitude r\u00e9pressive de la police \u00e0 leur \u00e9gard, le 6 juin 1975 PHOTO AFP \/ Edmond PINAUD<\/p>\n<p>Alors ensemble leur vient \u00ab\u00a0l&rsquo;id\u00e9e d&rsquo;un grand cri pour d\u00e9noncer une r\u00e9pression polici\u00e8re qui p\u00e9nalisait vraiment les femmes et mettait en danger leur famille\u00a0\u00bb, t\u00e9moigne le p\u00e8re Delorme.<\/p>\n<p>Le 2 juin, un rendez-vous est fix\u00e9 par les prostitu\u00e9es \u00e0 10H00 face \u00e0 la basilique Saint-Bonaventure. Complices, des journalistes s&rsquo;y garent, mais il s&rsquo;agit d&rsquo;une tromperie: les femmes entrent en r\u00e9alit\u00e9 dans l&rsquo;\u00e9glise de Saint-Nizier, 400 m plus loin, o\u00f9 le cur\u00e9 Antonin B\u00e9al leur ouvre la porte.<\/p>\n<p>Cette occupation pacifique est \u00ab\u00a0une grande surprise\u00a0\u00bb pour les Lyonnais, qui montrent \u00e0 la fois \u00ab\u00a0hostilit\u00e9\u00a0\u00bb et \u00ab\u00a0respect\u00a0\u00bb envers ces femmes, se rem\u00e9more Michel Chomarat, alors \u00e2g\u00e9 de 27 ans et partageant le trottoir avec elles pour \u00ab\u00a0draguer\u00a0\u00bb les hommes. Lui aussi subit la r\u00e9pression polici\u00e8re.<\/p>\n<p><img alt=\"Des travailleuses du sexe occupent l'\u00e9glise de Saint-Nizier \u00e0 Lyon pour protester contre l'attitude r\u00e9pressive de la police \u00e0 leur \u00e9gard, le 6 juin 1975\" loading=\"lazy\" decoding=\"async\" data-nimg=\"fill\" class=\" TwicCore_img__i9TC1 undefined  undefined\" style=\"position:absolute;height:100%;width:100%;left:0;top:0;right:0;bottom:0;color:transparent;background-size:cover;background-position:50% 50%;background-repeat:no-repeat;background-image:url(&quot;data:image\/svg+xml;charset=utf-8,%3Csvg xmlns='http:\/\/www.w3.org\/2000\/svg' %3E%3Cfilter id='b' color-interpolation-filters='sRGB'%3E%3CfeGaussianBlur stdDeviation='20'\/%3E%3CfeColorMatrix values='1 0 0 0 0 0 1 0 0 0 0 0 1 0 0 0 0 0 100 -1' result='s'\/%3E%3CfeFlood x='0' y='0' width='100%25' height='100%25'\/%3E%3CfeComposite operator='out' in='s'\/%3E%3CfeComposite in2='SourceGraphic'\/%3E%3CfeGaussianBlur stdDeviation='20'\/%3E%3C\/filter%3E%3Cimage width='100%25' height='100%25' x='0' y='0' preserveAspectRatio='none' style='filter: url(%23b);' href='https:\/\/pictures.laprovence.com\/cdn-cgi\/image\/blur=250\/media\/afp\/8dc3471a65fb923ba82b5adad03df5bb217680a2.jpg'\/%3E%3C\/svg%3E&quot;)\"   src=\"https:\/\/www.europesays.com\/fr\/wp-content\/uploads\/2025\/06\/8dc3471a65fb923ba82b5adad03df5bb217680a2.jpg\"\/>Des travailleuses du sexe occupent l&rsquo;\u00e9glise de Saint-Nizier \u00e0 Lyon pour protester contre l&rsquo;attitude r\u00e9pressive de la police \u00e0 leur \u00e9gard, le 6 juin 1975 PHOTO AFP \/ Edmond PINAUD<\/p>\n<p>\u00ab\u00a0L&rsquo;opinion publique a d\u00e9couvert que c&rsquo;\u00e9taient d&rsquo;abord des femmes et souvent des mamans seules, \u00e7a c&rsquo;est un \u00e9norme acquis\u00a0\u00bb, se f\u00e9licite Christian Delorme, plus tard surnomm\u00e9 le \u00ab\u00a0cur\u00e9e des Minguettes\u00a0\u00bb et l&rsquo;un des initiateurs de la \u00ab\u00a0Marche des Beurs\u00a0\u00bb contre le racisme en 1983.<\/p>\n<p>Surtout, pour la \u00ab\u00a0premi\u00e8re fois\u00a0\u00bb, les prostitu\u00e9es sont entendues d&rsquo;une \u00ab\u00a0voix directe\u00a0\u00bb et sans \u00ab\u00a0interm\u00e9diaire\u00a0\u00bb, admire Cyb\u00e8le Lesp\u00e9rance, travailleuse du sexe de 44 ans et coautrice d&rsquo;une publication sur la r\u00e9volte de 1975, publi\u00e9e en mai par l&rsquo;association Tullia.<\/p>\n<p>Le mouvement a \u00ab\u00a0un \u00e9cho m\u00e9diatique imm\u00e9diat\u00a0\u00bb, et les femmes voient, \u00ab\u00a0gris\u00e9es\u00a0\u00bb, des journalistes \u00ab\u00a0du monde entier\u00a0\u00bb d\u00e9barquer devant l&rsquo;\u00e9glise, se souvient le p\u00e8re Delorme.<\/p>\n<p><img alt=\"Un journaliste (g) interviewe une travailleuse du sexe lors de l'occupation de l'\u00e9glise de Saint-Nizier, le 6 juin 1975 \u00e0 Lyon\" loading=\"lazy\" decoding=\"async\" data-nimg=\"fill\" class=\" TwicCore_img__i9TC1 undefined  undefined\" style=\"position:absolute;height:100%;width:100%;left:0;top:0;right:0;bottom:0;color:transparent;background-size:cover;background-position:50% 50%;background-repeat:no-repeat;background-image:url(&quot;data:image\/svg+xml;charset=utf-8,%3Csvg xmlns='http:\/\/www.w3.org\/2000\/svg' %3E%3Cfilter id='b' color-interpolation-filters='sRGB'%3E%3CfeGaussianBlur stdDeviation='20'\/%3E%3CfeColorMatrix values='1 0 0 0 0 0 1 0 0 0 0 0 1 0 0 0 0 0 100 -1' result='s'\/%3E%3CfeFlood x='0' y='0' width='100%25' height='100%25'\/%3E%3CfeComposite operator='out' in='s'\/%3E%3CfeComposite in2='SourceGraphic'\/%3E%3CfeGaussianBlur stdDeviation='20'\/%3E%3C\/filter%3E%3Cimage width='100%25' height='100%25' x='0' y='0' preserveAspectRatio='none' style='filter: url(%23b);' href='https:\/\/pictures.laprovence.com\/cdn-cgi\/image\/blur=250\/media\/afp\/d42dae2e6559f965743ee3a79844d03d4c234845.jpg'\/%3E%3C\/svg%3E&quot;)\"   src=\"https:\/\/www.europesays.com\/fr\/wp-content\/uploads\/2025\/06\/d42dae2e6559f965743ee3a79844d03d4c234845.jpg\"\/>Un journaliste (g) interviewe une travailleuse du sexe lors de l&rsquo;occupation de l&rsquo;\u00e9glise de Saint-Nizier, le 6 juin 1975 \u00e0 Lyon PHOTO AFP \/ Edmond PINAUD<\/p>\n<p>La \u00ab\u00a0flamboyante\u00a0\u00bb Ulla, d\u00e9sign\u00e9e porte-parole du Collectif des femmes prostitu\u00e9es, et sa comparse Barbara, \u00ab\u00a0qui rassurait beaucoup les femmes\u00a0\u00bb, multiplient les interviews.<\/p>\n<p>Le religieux aide \u00e0 r\u00e9diger les revendications et l&rsquo;\u00e9glise occup\u00e9e devient \u00ab\u00a0un lieu d&rsquo;expression de la parole\u00a0\u00bb.<\/p>\n<p>Devant l&rsquo;\u00e9difice, curieux et soutiens se rassemblent, certains apportent des fleurs, des commer\u00e7ants de la nourriture. Les mouvements f\u00e9ministes, pour qui la prostitution \u00e9tait un angle mort des r\u00e9flexions, les soutiennent.<\/p>\n<p><img alt=\"Des policiers \u00e9vacuent les travailleuses du sexe qui occupaient l'\u00e9glise Saint-Nizier pour protester contre l'attitude r\u00e9pressive de la police \u00e0 leur \u00e9gard, le 10 juin 1975 \u00e0 Lyon\" loading=\"lazy\" decoding=\"async\" data-nimg=\"fill\" class=\" TwicCore_img__i9TC1 undefined  undefined\" style=\"position:absolute;height:100%;width:100%;left:0;top:0;right:0;bottom:0;color:transparent;background-size:cover;background-position:50% 50%;background-repeat:no-repeat;background-image:url(&quot;data:image\/svg+xml;charset=utf-8,%3Csvg xmlns='http:\/\/www.w3.org\/2000\/svg' %3E%3Cfilter id='b' color-interpolation-filters='sRGB'%3E%3CfeGaussianBlur stdDeviation='20'\/%3E%3CfeColorMatrix values='1 0 0 0 0 0 1 0 0 0 0 0 1 0 0 0 0 0 100 -1' result='s'\/%3E%3CfeFlood x='0' y='0' width='100%25' height='100%25'\/%3E%3CfeComposite operator='out' in='s'\/%3E%3CfeComposite in2='SourceGraphic'\/%3E%3CfeGaussianBlur stdDeviation='20'\/%3E%3C\/filter%3E%3Cimage width='100%25' height='100%25' x='0' y='0' preserveAspectRatio='none' style='filter: url(%23b);' href='https:\/\/pictures.laprovence.com\/cdn-cgi\/image\/blur=250\/media\/afp\/fc7e2c5b12b12af41e5092f26f720ae6e7cde907.jpg'\/%3E%3C\/svg%3E&quot;)\"   src=\"https:\/\/www.europesays.com\/fr\/wp-content\/uploads\/2025\/06\/fc7e2c5b12b12af41e5092f26f720ae6e7cde907.jpg\"\/>Des policiers \u00e9vacuent les travailleuses du sexe qui occupaient l&rsquo;\u00e9glise Saint-Nizier pour protester contre l&rsquo;attitude r\u00e9pressive de la police \u00e0 leur \u00e9gard, le 10 juin 1975 \u00e0 Lyon PHOTO AFP \/ &#8211;<\/p>\n<p>\u00ab\u00a0Ca nous est un peu tomb\u00e9 dessus\u00a0\u00bb, conc\u00e8de Christiane Ray, 82 ans, alors militante f\u00e9ministe qui \u00ab\u00a0apporte des panneaux devant l&rsquo;\u00e9glise pour exprimer\u00a0\u00bb son soutien.<\/p>\n<p>\u00ab\u00a0C&rsquo;\u00e9tait tr\u00e8s agit\u00e9, il y avait beaucoup de monde\u00a0\u00bb et \u00ab\u00a0des r\u00e9flexions tr\u00e8s malveillantes des hommes\u00a0\u00bb, rappelle l&rsquo;ancienne enseignante.<\/p>\n<p>Partout en France, plusieurs centaines de prostitu\u00e9es se mettent en gr\u00e8ve ou occupent les \u00e9glises dans une dizaine de villes. C&rsquo;est la \u00ab\u00a0fin de la moquerie\u00a0\u00bb et la prostitution devient un \u00ab\u00a0sujet de soci\u00e9t\u00e9\u00a0\u00bb, explique Cyb\u00e8le Lesp\u00e9rance.<\/p>\n<p>L&rsquo;\u00e9glise est finalement \u00e9vacu\u00e9e le 10 juin \u00e0 6H00 du matin par une centaine de policiers \u00ab\u00a0casqu\u00e9s\u00a0\u00bb et accompagn\u00e9s de chiens, sans l&rsquo;autorisation des religieux. \u00ab\u00a0\u00c7a a \u00e9t\u00e9 tr\u00e8s violent, parce qu&rsquo;on ne s&rsquo;y attendait pas, je tremblais\u00a0\u00bb, raconte Christian Delorme. Barbara est rou\u00e9e de coups, Ulla est \u00e9vacu\u00e9e sur une civi\u00e8re vers l&rsquo;h\u00f4pital.<\/p>\n<p><img alt=\"Manifestation \u00e0 l'appel d'associations de travailleuses du sexe, le 31 mai 2025 \u00e0 Lyon, pour comm\u00e9morer le 50e anniversaire de la r\u00e9volte d'une centaine de prostitu\u00e9es qui ont occup\u00e9 l'\u00e9glise le 2 juin 1975 pour protester contre le harc\u00e8lement policier\" loading=\"lazy\" decoding=\"async\" data-nimg=\"fill\" class=\" TwicCore_img__i9TC1 undefined  undefined\" style=\"position:absolute;height:100%;width:100%;left:0;top:0;right:0;bottom:0;color:transparent;background-size:cover;background-position:50% 50%;background-repeat:no-repeat;background-image:url(&quot;data:image\/svg+xml;charset=utf-8,%3Csvg xmlns='http:\/\/www.w3.org\/2000\/svg' %3E%3Cfilter id='b' color-interpolation-filters='sRGB'%3E%3CfeGaussianBlur stdDeviation='20'\/%3E%3CfeColorMatrix values='1 0 0 0 0 0 1 0 0 0 0 0 1 0 0 0 0 0 100 -1' result='s'\/%3E%3CfeFlood x='0' y='0' width='100%25' height='100%25'\/%3E%3CfeComposite operator='out' in='s'\/%3E%3CfeComposite in2='SourceGraphic'\/%3E%3CfeGaussianBlur stdDeviation='20'\/%3E%3C\/filter%3E%3Cimage width='100%25' height='100%25' x='0' y='0' preserveAspectRatio='none' style='filter: url(%23b);' href='https:\/\/pictures.laprovence.com\/cdn-cgi\/image\/blur=250\/media\/afp\/1ee8bc8f372a7d9b2fbf60d519d2945d90451cd6.jpg'\/%3E%3C\/svg%3E&quot;)\"   src=\"https:\/\/www.europesays.com\/fr\/wp-content\/uploads\/2025\/06\/1ee8bc8f372a7d9b2fbf60d519d2945d90451cd6.jpg\"\/>Manifestation \u00e0 l&rsquo;appel d&rsquo;associations de travailleuses du sexe, le 31 mai 2025 \u00e0 Lyon, pour comm\u00e9morer le 50e anniversaire de la r\u00e9volte d&rsquo;une centaine de prostitu\u00e9es qui ont occup\u00e9 l&rsquo;\u00e9glise le 2 juin 1975 pour protester contre le harc\u00e8lement policier PHOTO AFP \/ JEAN-PHILIPPE KSIAZEK<\/p>\n<p>L&rsquo;Etat commande par la suite le rapport Pinot sur la prostitution, mais l&rsquo;enterre aussit\u00f4t. A Lyon, des prostitu\u00e9es quittent le trottoir, d&rsquo;autres y restent. Cinquante ans plus tard, la plupart sont d\u00e9c\u00e9d\u00e9es et aucune n&rsquo;a pu \u00eatre contact\u00e9e par l&rsquo;AFP.<\/p>\n<p>\u00ab\u00a0Le bilan n&rsquo;est pas tr\u00e8s bon, il n&rsquo;y a pas eu beaucoup de victoires\u00a0\u00bb, constate Cyb\u00e8le Lesp\u00e9rance, toutefois \u00ab\u00a0\u00e9merveill\u00e9e\u00a0\u00bb par cette r\u00e9volte dont les comm\u00e9morations ont eu lieu samedi et lundi \u00e0 Lyon.<\/p>\n","protected":false},"excerpt":{"rendered":"\u00ab\u00a0Il fallait un lieu refuge, pas un lieu o\u00f9 la police viendrait nous chasser\u00a0\u00bb, raconte \u00e0 l&rsquo;AFP le&hellip;\n","protected":false},"author":2,"featured_media":146559,"comment_status":"","ping_status":"","sticky":false,"template":"","format":"standard","meta":{"footnotes":""},"categories":[1889],"tags":[27560,17,1111,11,2430,1446,154,1777,674,1011,27,329,2428,12,27561,16132,25,16131],"class_list":{"0":"post-146558","1":"post","2":"type-post","3":"status-publish","4":"format-standard","5":"has-post-thumbnail","7":"category-lyon","8":"tag-27560","9":"tag-17","10":"tag-actu","11":"tag-actualites","12":"tag-auvergne-rhone-alpes","13":"tag-dans","14":"tag-des","15":"tag-eu","16":"tag-europe","17":"tag-fr","18":"tag-france","19":"tag-france-monde","20":"tag-lyon","21":"tag-news","22":"tag-prostituees","23":"tag-refuge","24":"tag-republique-francaise","25":"tag-trouvent"},"share_on_mastodon":{"url":"https:\/\/pubeurope.com\/@fr\/114614206767954828","error":""},"_links":{"self":[{"href":"https:\/\/www.europesays.com\/fr\/wp-json\/wp\/v2\/posts\/146558","targetHints":{"allow":["GET"]}}],"collection":[{"href":"https:\/\/www.europesays.com\/fr\/wp-json\/wp\/v2\/posts"}],"about":[{"href":"https:\/\/www.europesays.com\/fr\/wp-json\/wp\/v2\/types\/post"}],"author":[{"embeddable":true,"href":"https:\/\/www.europesays.com\/fr\/wp-json\/wp\/v2\/users\/2"}],"replies":[{"embeddable":true,"href":"https:\/\/www.europesays.com\/fr\/wp-json\/wp\/v2\/comments?post=146558"}],"version-history":[{"count":0,"href":"https:\/\/www.europesays.com\/fr\/wp-json\/wp\/v2\/posts\/146558\/revisions"}],"wp:featuredmedia":[{"embeddable":true,"href":"https:\/\/www.europesays.com\/fr\/wp-json\/wp\/v2\/media\/146559"}],"wp:attachment":[{"href":"https:\/\/www.europesays.com\/fr\/wp-json\/wp\/v2\/media?parent=146558"}],"wp:term":[{"taxonomy":"category","embeddable":true,"href":"https:\/\/www.europesays.com\/fr\/wp-json\/wp\/v2\/categories?post=146558"},{"taxonomy":"post_tag","embeddable":true,"href":"https:\/\/www.europesays.com\/fr\/wp-json\/wp\/v2\/tags?post=146558"}],"curies":[{"name":"wp","href":"https:\/\/api.w.org\/{rel}","templated":true}]}}