{"id":146570,"date":"2025-06-02T14:24:11","date_gmt":"2025-06-02T14:24:11","guid":{"rendered":"https:\/\/www.europesays.com\/fr\/146570\/"},"modified":"2025-06-02T14:24:11","modified_gmt":"2025-06-02T14:24:11","slug":"fare-voyages-conseiller-voyages-forfaitiste-sur-mesure-h-f-cdi-paris-17e-petites-annonces","status":"publish","type":"post","link":"https:\/\/www.europesays.com\/fr\/146570\/","title":{"rendered":"FARE VOYAGES &#8211; Conseiller voyages \/ Forfaitiste sur-mesure H\/F &#8211; CDI &#8211; (Paris 17e) | Petites annonces"},"content":{"rendered":"<p align=\"center\">&#13;\t\t\t\t <br \/><a href=\"https:\/\/www.farevoyages.com\/\" target=\"_blank\" rel=\"nofollow noopener\">&#13;\t\t\t\t <br \/><img decoding=\"async\" border=\"0\" src=\"https:\/\/www.europesays.com\/fr\/wp-content\/uploads\/2025\/06\/Farelogo.PNG\" \/><\/a>&#13;\t\t\t\t <\/p>\n<p align=\"center\"><b>Vous souhaitez devenir ou vous \u00eates d\u00e9j\u00e0 un expert des voyages &#13;\t\t\t\t <br \/>sur-mesure en Polyn\u00e9sie et du Pacifique Sud ? Ce poste est fait pour vous.<\/b>&#13;\t\t\t\t <\/p>\n<p><b>NB <\/b>: la prise de poste peut \u00eatre imm\u00e9diate ou commencer \u00e0 la fin de votre pr\u00e9avis.&#13;\t\t\t\t <\/p>\n<p align=\"justify\"><b>L&rsquo;ENTREPRISE :<\/b>&#13;\t\t\t\t <\/p>\n<p align=\"justify\"><b>Far\u00e9 Voyages<\/b>, est un Tour Op\u00e9rateur \u00e0 taille humaine, <b>sp\u00e9cialiste historique de la Polyn\u00e9sie fran\u00e7aise<\/b> depuis plus de 40 ans <b>du Pacifique Sud et de l\u2019Oc\u00e9an Indien<\/b>.&#13;\t\t\t\t <\/p>\n<p>L\u2019agence a \u00e0 c\u0153ur de faire partir r\u00e9guli\u00e8rement son \u00e9quipe en formation terrain, notamment en Polyn\u00e9sie.&#13;\t\t\t\t <\/p>\n<p><b>Effectif de l&rsquo;entreprise<\/b> : de 2 \u00e0 5 personnes&#13;\t\t\t\t <\/p>\n<p>Dans le cadre de notre d\u00e9veloppement, nous recrutons pour notre agence parisienne situ\u00e9e dans le 17\u00e8me arrondissement :&#13;\t\t\t\t <\/p>\n<p align=\"center\"><b>UN CONSEILLER VOYAGES \/ FORFAITISTE H\/F en CDI&#13;\t\t\t\t <br \/>VOYAGES SUR MESURE<\/b>&#13;\t\t\t\t <\/p>\n<p align=\"justify\">Pour ce poste, vous conseillerez et concevrez des itin\u00e9raires sur-mesure \u00e0 l\u2019aide d\u2019outils performants, permettant la r\u00e9alisation rapide de devis. Vous \u00e9voluerez dans une entreprise \u00e0 taille humaine \u00e0 l\u2019ambiance conviviale.&#13;\t\t\t\t <\/p>\n<p><b>Missions :<\/b>&#13;\t\t\t\t <\/p>\n<p>&#8211; Assurer la conception de voyages sur-mesure aupr\u00e8s d\u2019une client\u00e8le individuelle (en face-\u00e0-face, par mail, ou par t\u00e9l\u00e9phone) mais aussi en BtoB aupr\u00e8s de nos agences de voyages partenaires.&#13;\t\t\t\t <br \/>&#8211; Gestion des dossiers de A \u00e0 Z, s\u00e9lection de produits et de services, formulation de propositions, argumentation en vue de la concr\u00e9tisation de la vente, devis, ventes, r\u00e9servations aupr\u00e8s des diff\u00e9rents partenaires.&#13;\t\t\t\t <\/p>\n<p align=\"justify\"><b>Profil :<\/b>&#13;\t\t\t\t <\/p>\n<p align=\"justify\">&#8211; Vous avez un BAC+2 ou 3 dans le tourisme&#13;\t\t\t\t <br \/>&#8211; Vous avez une exp\u00e9rience en agence de voyages ou tour op\u00e9rateur, d\u2019au moins 1 an&#13;\t\t\t\t <br \/>&#8211; Vous \u00eates Polyvalent.e, organis\u00e9.e et curieu.x.se&#13;\t\t\t\t <br \/>&#8211; Vous ma\u00eetrisez Pack office et un GDS &#13;\t\t\t\t <\/p>\n<p><b>Qualit\u00e9s requises :<\/b>&#13;\t\t\t\t <\/p>\n<p>&#8211; Sens de l\u2019accueil et du conseil&#13;\t\t\t\t <br \/>&#8211; Autonomie, rigueur, et sens de l\u2019organisation&#13;\t\t\t\t <br \/>&#8211; Int\u00e9r\u00eat pour l\u2019\u00e9laboration de voyages sur-mesure&#13;\t\t\t\t <br \/>&#8211; Esprit d\u2019\u00e9quipe&#13;\t\t\t\t <\/p>\n<p><b>Les avantages Offerts :<\/b>&#13;\t\t\t\t <\/p>\n<p>&#8211; Une entreprise \u00e0 taille humaine situ\u00e9e dans un quartier chic et commer\u00e7ant (m\u00e9tro Courcelles), \u00e0 3 minutes du parc Monceau pour les pique-nique l&rsquo;\u00e9t\u00e9, \u00e0 deux stations de Villiers et de la rue commer\u00e7ante L\u00e9vis, proche du march\u00e9 rue Poncelet, et des commerces de Ternes.&#13;\t\t\t\t <br \/>&#8211; Une <b>r\u00e9mun\u00e9ration fixe selon profil<\/b> et des primes motivantes&#13;\t\t\t\t <br \/>&#8211; Participation \u00e0 des Eductours&#13;\t\t\t\t <br \/>&#8211; Contrat en CDI au 39h&#13;\t\t\t\t <br \/>&#8211; T\u00e9l\u00e9travail possible occasionnellement&#13;\t\t\t\t <br \/>&#8211; Tickets restaurant&#13;\t\t\t\t <br \/>&#8211; Primes d&rsquo;assurances&#13;\t\t\t\t <br \/>&#8211; Mutuelle&#13;\t\t\t\t <br \/>&#8211; Remboursement abonnement transport 50%&#13;\t\t\t\t <\/p>\n<p><b>Le recrutement :<\/b>&#13;\t\t\t\t <\/p>\n<p>&#8211; \u00c0 r\u00e9ception de votre CV et de votre lettre de motivation, nous vous contacterons pour un premier entretien.&#13;\t\t\t\t <br \/>&#8211; En fonction de ce premier entretien, vous serez invit\u00e9.e \u00e0 l\u2019agence pour un second entretien.&#13;\t\t\t\t <br \/>&#8211; Si vous et nous sommes partants pour commencer cette formidable aventure, vous serez alors accompagn\u00e9.e d\u00e8s votre premier jour pour une formation sur nos produits.&#13;\t\t\t\t <\/p>\n<p><b>Envoyer CV + Lettre de motivation \u00e0  : <a style=\"color:blue;font-size:16px\" href=\"https:\/\/www.tourmag.com\/classifieds\/mailto:fabienne@farevoyages.com\" rel=\"nofollow noopener\" target=\"_blank\">fabienne@farevoyages.com&#13;\t\t\t\t <br \/><\/a><\/b>&#13;\t\t\t\t <\/p>\n","protected":false},"excerpt":{"rendered":"&#13; &#13; &#13; Vous souhaitez devenir ou vous \u00eates d\u00e9j\u00e0 un expert des voyages &#13; sur-mesure en Polyn\u00e9sie&hellip;\n","protected":false},"author":2,"featured_media":15231,"comment_status":"","ping_status":"","sticky":false,"template":"","format":"standard","meta":{"footnotes":""},"categories":[1888],"tags":[11,6421,2408,2105,1777,674,1011,27,6417,4662,3754,12,626,6422,25,6419,6420,602,6418],"class_list":{"0":"post-146570","1":"post","2":"type-post","3":"status-publish","4":"format-standard","5":"has-post-thumbnail","7":"category-paris","8":"tag-actualites","9":"tag-agences-de-voyage","10":"tag-appels-d","11":"tag-distribution","12":"tag-eu","13":"tag-europe","14":"tag-fr","15":"tag-france","16":"tag-information","17":"tag-journal","18":"tag-media","19":"tag-news","20":"tag-paris","21":"tag-place-de-marche","22":"tag-republique-francaise","23":"tag-tour-operateurs","24":"tag-tour-operators","25":"tag-tourisme","26":"tag-voyagistes"},"share_on_mastodon":{"url":"https:\/\/pubeurope.com\/@fr\/114614230264157930","error":""},"_links":{"self":[{"href":"https:\/\/www.europesays.com\/fr\/wp-json\/wp\/v2\/posts\/146570","targetHints":{"allow":["GET"]}}],"collection":[{"href":"https:\/\/www.europesays.com\/fr\/wp-json\/wp\/v2\/posts"}],"about":[{"href":"https:\/\/www.europesays.com\/fr\/wp-json\/wp\/v2\/types\/post"}],"author":[{"embeddable":true,"href":"https:\/\/www.europesays.com\/fr\/wp-json\/wp\/v2\/users\/2"}],"replies":[{"embeddable":true,"href":"https:\/\/www.europesays.com\/fr\/wp-json\/wp\/v2\/comments?post=146570"}],"version-history":[{"count":0,"href":"https:\/\/www.europesays.com\/fr\/wp-json\/wp\/v2\/posts\/146570\/revisions"}],"wp:featuredmedia":[{"embeddable":true,"href":"https:\/\/www.europesays.com\/fr\/wp-json\/wp\/v2\/media\/15231"}],"wp:attachment":[{"href":"https:\/\/www.europesays.com\/fr\/wp-json\/wp\/v2\/media?parent=146570"}],"wp:term":[{"taxonomy":"category","embeddable":true,"href":"https:\/\/www.europesays.com\/fr\/wp-json\/wp\/v2\/categories?post=146570"},{"taxonomy":"post_tag","embeddable":true,"href":"https:\/\/www.europesays.com\/fr\/wp-json\/wp\/v2\/tags?post=146570"}],"curies":[{"name":"wp","href":"https:\/\/api.w.org\/{rel}","templated":true}]}}