{"id":146571,"date":"2025-06-02T14:25:09","date_gmt":"2025-06-02T14:25:09","guid":{"rendered":"https:\/\/www.europesays.com\/fr\/146571\/"},"modified":"2025-06-02T14:25:09","modified_gmt":"2025-06-02T14:25:09","slug":"jets-de-peinture-sur-des-lieux-juifs-a-paris-trois-ressortissants-etrangers-interpelles","status":"publish","type":"post","link":"https:\/\/www.europesays.com\/fr\/146571\/","title":{"rendered":"Jets de peinture sur des lieux juifs \u00e0 Paris : trois ressortissants \u00e9trangers interpell\u00e9s"},"content":{"rendered":"<p>Les individus arr\u00eat\u00e9s sont soup\u00e7onn\u00e9s d\u2019avoir asperg\u00e9 de peinture verte le M\u00e9morial de la Shoah, trois synagogues et un restaurant juif \u00e0 Paris dans la nuit de vendredi \u00e0 samedi.<\/p>\n<p class=\"fig-paragraph\">Trois ressortissants \u00e9trangers, soup\u00e7onn\u00e9s d\u2019avoir asperg\u00e9 de peinture verte le M\u00e9morial de la Shoah, trois synagogues et un restaurant juif \u00e0 Paris dans la nuit de vendredi \u00e0 samedi, ont \u00e9t\u00e9 interpell\u00e9s lundi 2 juin 2025, a appris l\u2019AFP aupr\u00e8s d\u2019une source proche de l\u2019enqu\u00eate.<\/p>\n<p class=\"fig-paragraph\">Les faits ont \u00e9t\u00e9 d\u00e9couverts vers 5h15 samedi et les cam\u00e9ras de surveillance du M\u00e9morial et de deux des synagogues vis\u00e9es ont film\u00e9, pour les unes, un homme v\u00eatu de noir et pour l\u2019autre, deux hommes, l\u2019un aspergeant de peinture verte et l\u2019autre le filmant. L\u2019enqu\u00eate est conduite par la s\u00fbret\u00e9 territoriale pour \u00abd\u00e9gradations commises en raison de la religion\u00bb. Le lieu des interpellations n\u2019a pas \u00e9t\u00e9 pr\u00e9cis\u00e9.<\/p>\n<p class=\"fig-paragraph\">Plus d\u2019informations \u00e0 venir&#8230;<\/p>\n","protected":false},"excerpt":{"rendered":"Les individus arr\u00eat\u00e9s sont soup\u00e7onn\u00e9s d\u2019avoir asperg\u00e9 de peinture verte le M\u00e9morial de la Shoah, trois synagogues et&hellip;\n","protected":false},"author":2,"featured_media":146572,"comment_status":"","ping_status":"","sticky":false,"template":"","format":"standard","meta":{"footnotes":""},"categories":[1888],"tags":[119,11,3694,271,2951,1067,3695,1777,674,3696,118,1011,27,2825,1253,664,303,12,626,1072,2694,25,2949],"class_list":{"0":"post-146571","1":"post","2":"type-post","3":"status-publish","4":"format-standard","5":"has-post-thumbnail","7":"category-paris","8":"tag-accident","9":"tag-actualites","10":"tag-affaires","11":"tag-crime","12":"tag-criminalite","13":"tag-enquete","14":"tag-enquetes","15":"tag-eu","16":"tag-europe","17":"tag-evenements","18":"tag-faits-divers","19":"tag-fr","20":"tag-france","21":"tag-insecurite","22":"tag-islamisme","23":"tag-israel","24":"tag-justice","25":"tag-news","26":"tag-paris","27":"tag-police","28":"tag-proces","29":"tag-republique-francaise","30":"tag-violences"},"share_on_mastodon":{"url":"https:\/\/pubeurope.com\/@fr\/114614234212996717","error":""},"_links":{"self":[{"href":"https:\/\/www.europesays.com\/fr\/wp-json\/wp\/v2\/posts\/146571","targetHints":{"allow":["GET"]}}],"collection":[{"href":"https:\/\/www.europesays.com\/fr\/wp-json\/wp\/v2\/posts"}],"about":[{"href":"https:\/\/www.europesays.com\/fr\/wp-json\/wp\/v2\/types\/post"}],"author":[{"embeddable":true,"href":"https:\/\/www.europesays.com\/fr\/wp-json\/wp\/v2\/users\/2"}],"replies":[{"embeddable":true,"href":"https:\/\/www.europesays.com\/fr\/wp-json\/wp\/v2\/comments?post=146571"}],"version-history":[{"count":0,"href":"https:\/\/www.europesays.com\/fr\/wp-json\/wp\/v2\/posts\/146571\/revisions"}],"wp:featuredmedia":[{"embeddable":true,"href":"https:\/\/www.europesays.com\/fr\/wp-json\/wp\/v2\/media\/146572"}],"wp:attachment":[{"href":"https:\/\/www.europesays.com\/fr\/wp-json\/wp\/v2\/media?parent=146571"}],"wp:term":[{"taxonomy":"category","embeddable":true,"href":"https:\/\/www.europesays.com\/fr\/wp-json\/wp\/v2\/categories?post=146571"},{"taxonomy":"post_tag","embeddable":true,"href":"https:\/\/www.europesays.com\/fr\/wp-json\/wp\/v2\/tags?post=146571"}],"curies":[{"name":"wp","href":"https:\/\/api.w.org\/{rel}","templated":true}]}}