{"id":146581,"date":"2025-06-02T14:30:12","date_gmt":"2025-06-02T14:30:12","guid":{"rendered":"https:\/\/www.europesays.com\/fr\/146581\/"},"modified":"2025-06-02T14:30:12","modified_gmt":"2025-06-02T14:30:12","slug":"allemagne-allemagne-refoulement-des-demandeurs-dasile-juge-illegal","status":"publish","type":"post","link":"https:\/\/www.europesays.com\/fr\/146581\/","title":{"rendered":"Allemagne. Allemagne: refoulement des demandeurs d&rsquo;asile jug\u00e9 \u00ab\u00a0ill\u00e9gal\u00a0\u00bb"},"content":{"rendered":"<p class=\"\">\u00ab\u00a0Les personnes qui demandent l&rsquo;asile lors d&rsquo;un contr\u00f4le aux fronti\u00e8res sur le territoire allemand ne peuvent \u00eatre refoul\u00e9es sans que la proc\u00e9dure (europ\u00e9enne) de Dublin ait \u00e9t\u00e9 appliqu\u00e9e afin de d\u00e9terminer l&rsquo;\u00c9tat membre responsable de l&rsquo;examen de leur demande d&rsquo;asile\u00a0\u00bb, a indiqu\u00e9 le tribunal administratif de Berlin dans un communiqu\u00e9, apr\u00e8s avoir \u00e9t\u00e9 saisi par trois Somaliens.<\/p>\n","protected":false},"excerpt":{"rendered":"\u00ab\u00a0Les personnes qui demandent l&rsquo;asile lors d&rsquo;un contr\u00f4le aux fronti\u00e8res sur le territoire allemand ne peuvent \u00eatre refoul\u00e9es&hellip;\n","protected":false},"author":2,"featured_media":146582,"comment_status":"","ping_status":"","sticky":false,"template":"","format":"standard","meta":{"footnotes":""},"categories":[1587],"tags":[11,672,1804,1805,1803,1777,674,1801,1061,12,1802,3693],"class_list":{"0":"post-146581","1":"post","2":"type-post","3":"status-publish","4":"format-standard","5":"has-post-thumbnail","7":"category-allemagne","8":"tag-actualites","9":"tag-allemagne","10":"tag-bundesrepublik-deutschland","11":"tag-de","12":"tag-deutschland","13":"tag-eu","14":"tag-europe","15":"tag-germany","16":"tag-immigration","17":"tag-news","18":"tag-republique-federale-dallemagne","19":"tag-tribunal"},"share_on_mastodon":{"url":"https:\/\/pubeurope.com\/@fr\/114614253891155699","error":""},"_links":{"self":[{"href":"https:\/\/www.europesays.com\/fr\/wp-json\/wp\/v2\/posts\/146581","targetHints":{"allow":["GET"]}}],"collection":[{"href":"https:\/\/www.europesays.com\/fr\/wp-json\/wp\/v2\/posts"}],"about":[{"href":"https:\/\/www.europesays.com\/fr\/wp-json\/wp\/v2\/types\/post"}],"author":[{"embeddable":true,"href":"https:\/\/www.europesays.com\/fr\/wp-json\/wp\/v2\/users\/2"}],"replies":[{"embeddable":true,"href":"https:\/\/www.europesays.com\/fr\/wp-json\/wp\/v2\/comments?post=146581"}],"version-history":[{"count":0,"href":"https:\/\/www.europesays.com\/fr\/wp-json\/wp\/v2\/posts\/146581\/revisions"}],"wp:featuredmedia":[{"embeddable":true,"href":"https:\/\/www.europesays.com\/fr\/wp-json\/wp\/v2\/media\/146582"}],"wp:attachment":[{"href":"https:\/\/www.europesays.com\/fr\/wp-json\/wp\/v2\/media?parent=146581"}],"wp:term":[{"taxonomy":"category","embeddable":true,"href":"https:\/\/www.europesays.com\/fr\/wp-json\/wp\/v2\/categories?post=146581"},{"taxonomy":"post_tag","embeddable":true,"href":"https:\/\/www.europesays.com\/fr\/wp-json\/wp\/v2\/tags?post=146581"}],"curies":[{"name":"wp","href":"https:\/\/api.w.org\/{rel}","templated":true}]}}