{"id":146595,"date":"2025-06-02T14:38:13","date_gmt":"2025-06-02T14:38:13","guid":{"rendered":"https:\/\/www.europesays.com\/fr\/146595\/"},"modified":"2025-06-02T14:38:13","modified_gmt":"2025-06-02T14:38:13","slug":"rupeni-caucaunibuca-bientot-de-retour-sur-les-pelouses-de-france","status":"publish","type":"post","link":"https:\/\/www.europesays.com\/fr\/146595\/","title":{"rendered":"Rupeni Caucaunibuca bient\u00f4t de retour sur les pelouses de France"},"content":{"rendered":"<p>            Par<br \/>\n        <strong><br \/>\n            <a href=\"https:\/\/actu.fr\/auteur\/nathan-heuillet\" title=\"Consulter tous les articles de Nathan Heuillet\" target=\"_blank\" rel=\"noopener\">Nathan Heuillet<\/a><br \/>\n        <\/strong><\/p>\n<p>        Publi\u00e9 le<\/p>\n<p>            2 juin 2025 \u00e0 15h08        <\/p>\n<p>\u00c2g\u00e9 de 44 ans et bien loin des terrains de rugby, <strong>Rupeni Caucaunibuca<\/strong> se contente d\u00e9sormais de regarder jouer son fils, Junior. Ce dernier vient de parapher un contrat avec une \u00e9curie du <a href=\"https:\/\/actu.fr\/rugby\/top-14\" target=\"_blank\" rel=\"noopener\">Top 14<\/a> pour ce qui pourrait s\u2019av\u00e9rer \u00e0 l\u2019avenir un joli <a href=\"https:\/\/actu.fr\/tag\/transferts-rugby\" target=\"_blank\" rel=\"noopener\">transfert<\/a>. Il y aura donc selon Midi Olympique un Rupeni Caucaunibuca, Junior celui-l\u00e0, sur les terrains de France la saison prochaine.<\/p>\n<p>Transferts : un Rupeni Caucaunibuca en France l\u2019an prochain<\/p>\n<p class=\" wall-content\">C\u2019est peut-\u00eatre la nouvelle p\u00e9pite du c\u00f4t\u00e9 de Montpellier : Rupeni Junior Caucaunibuca, 19 ans, va rejoindre l\u2019H\u00e9rault la saison prochaine. Celui qui jongle entre l\u2019athl\u00e9tisme et le rugby est dot\u00e9 d\u2019une qualit\u00e9 d\u2019appuis hors normes. Selon le site Fijivillage, le futur Ciste a \u00e9tabli un record de 11,02 secondes sur 100 m\u00e8tres.<\/p>\n<p class=\" wall-content\">De quoi rivaliser avec les fl\u00e8ches du Top 14, comme Louis Bielle-Biarrey, flash\u00e9 \u00e0 35 km\/h contre la Nouvelle-Z\u00e9lande en novembre dernier, lors d\u2019une course de 50 m\u00e8tres r\u00e9alis\u00e9e en 6 secondes.<\/p>\n<p class=\" wall-content\">Reste \u00e0 voir si le fils arrivera \u00e0 marcher dans les pas de son illustre p\u00e8re, v\u00e9ritable ph\u00e9nom\u00e8ne du rugby mondial qui avait explos\u00e9 sur la sc\u00e8ne internationale lors de la Coupe du monde 2003.<\/p>\n<p>Rupeni Junior plus pr\u00e9coce que son p\u00e8re<\/p>\n<p class=\" wall-content\">Ic\u00f4ne du Top 14 de 2004 \u00e0 2014, avec des passages remarqu\u00e9s \u00e0 Agen et Toulouse, Rupeni Caucaunibuca \u00e9tait un joueur p\u00e9tri de talent. Champion de Pro D2 avec Agen en 2010, et meilleur marqueur du championnat cette saison-l\u00e0 (13 essais), il avait attir\u00e9 les convoitises des meilleures \u00e9curies europ\u00e9ennes. L\u2019ann\u00e9e suivante, il rejoint Toulouse pour deux saisons, avec \u00e0 la cl\u00e9 deux Boucliers de Brennus en 2011 et 2012.<\/p>\n<p class=\" wall-content\">Trois titres d\u2019affil\u00e9e pour \u201cRups\u201d, qui avait termin\u00e9 sa carri\u00e8re en rugby \u00e0 7 au Sri Lanka. Longtemps per\u00e7u comme le joueur le plus talentueux du monde, il n\u2019a probablement pas r\u00e9alis\u00e9 une carri\u00e8re \u00e0 la hauteur de son potentiel.<\/p>\n<p>Vid\u00e9os : en ce moment sur Actu<\/p>\n<p class=\" wall-content\">Il aura pourtant marqu\u00e9 tous les adorateurs de la balle ovale, et m\u00eame probablement inspir\u00e9 son fils Junior, qui, en signant tr\u00e8s jeune dans une structure professionnelle, s\u2019est peut-\u00eatre donn\u00e9 une chance que son p\u00e8re n\u2019avait pas eue.<\/p>\n<p class=\" wall-content\">Suivez toute l\u2019actualit\u00e9 de vos villes et m\u00e9dias favoris en vous inscrivant \u00e0 <a href=\"https:\/\/moncompte.actu.fr\" title=\"D\u00e9couvez Mon Actu\" rel=\"nofollow noopener\" data-trk=\"{&quot;cta&quot;:{&quot;action&quot;:&quot;https:\\\/\\\/moncompte.actu.fr&quot;,&quot;category&quot;:&quot;mon compte&quot;,&quot;from&quot;:&quot;article footer&quot;,&quot;name&quot;:&quot;Mon actu&quot;,&quot;type&quot;:&quot;cta&quot;}}\" target=\"_blank\">Mon Actu<\/a>.<\/p>\n<ul class=\"ac-article-tag wall-content\">\n<li><a href=\"https:\/\/actu.fr\/tag\/montpellier-herault-rugby\" data-trk=\"{&quot;cta&quot;:{&quot;action&quot;:&quot;Montpellier H\\u00e9rault Rugby (MHR)&quot;,&quot;category&quot;:&quot;tag&quot;,&quot;from&quot;:&quot;article footer&quot;,&quot;name&quot;:&quot;Montpellier H\\u00e9rault Rugby (MHR)&quot;,&quot;type&quot;:&quot;cta&quot;}}\" target=\"_blank\" rel=\"noopener\">#Montpellier H\u00e9rault Rugby (MHR)<\/a><\/li>\n<li><a href=\"https:\/\/actu.fr\/tag\/transferts-rugby\" data-trk=\"{&quot;cta&quot;:{&quot;action&quot;:&quot;Transferts rugby&quot;,&quot;category&quot;:&quot;tag&quot;,&quot;from&quot;:&quot;article footer&quot;,&quot;name&quot;:&quot;Transferts rugby&quot;,&quot;type&quot;:&quot;cta&quot;}}\" target=\"_blank\" rel=\"noopener\">#Transferts rugby<\/a><\/li>\n<\/ul>\n","protected":false},"excerpt":{"rendered":"Par Nathan Heuillet Publi\u00e9 le 2 juin 2025 \u00e0 15h08 \u00c2g\u00e9 de 44 ans et bien loin des&hellip;\n","protected":false},"author":2,"featured_media":146596,"comment_status":"","ping_status":"","sticky":false,"template":"","format":"standard","meta":{"footnotes":""},"categories":[1416],"tags":[1011,27,20544,479,1468,60,478,477],"class_list":{"0":"post-146595","1":"post","2":"type-post","3":"status-publish","4":"format-standard","5":"has-post-thumbnail","7":"category-rugby","8":"tag-fr","9":"tag-france","10":"tag-montpellier-herault-rugby-mhr","11":"tag-rugby","12":"tag-rugby-football","13":"tag-sports","14":"tag-top-14","15":"tag-transferts-rugby"},"share_on_mastodon":{"url":"https:\/\/pubeurope.com\/@fr\/114614285283524357","error":""},"_links":{"self":[{"href":"https:\/\/www.europesays.com\/fr\/wp-json\/wp\/v2\/posts\/146595","targetHints":{"allow":["GET"]}}],"collection":[{"href":"https:\/\/www.europesays.com\/fr\/wp-json\/wp\/v2\/posts"}],"about":[{"href":"https:\/\/www.europesays.com\/fr\/wp-json\/wp\/v2\/types\/post"}],"author":[{"embeddable":true,"href":"https:\/\/www.europesays.com\/fr\/wp-json\/wp\/v2\/users\/2"}],"replies":[{"embeddable":true,"href":"https:\/\/www.europesays.com\/fr\/wp-json\/wp\/v2\/comments?post=146595"}],"version-history":[{"count":0,"href":"https:\/\/www.europesays.com\/fr\/wp-json\/wp\/v2\/posts\/146595\/revisions"}],"wp:featuredmedia":[{"embeddable":true,"href":"https:\/\/www.europesays.com\/fr\/wp-json\/wp\/v2\/media\/146596"}],"wp:attachment":[{"href":"https:\/\/www.europesays.com\/fr\/wp-json\/wp\/v2\/media?parent=146595"}],"wp:term":[{"taxonomy":"category","embeddable":true,"href":"https:\/\/www.europesays.com\/fr\/wp-json\/wp\/v2\/categories?post=146595"},{"taxonomy":"post_tag","embeddable":true,"href":"https:\/\/www.europesays.com\/fr\/wp-json\/wp\/v2\/tags?post=146595"}],"curies":[{"name":"wp","href":"https:\/\/api.w.org\/{rel}","templated":true}]}}