{"id":146599,"date":"2025-06-02T14:40:10","date_gmt":"2025-06-02T14:40:10","guid":{"rendered":"https:\/\/www.europesays.com\/fr\/146599\/"},"modified":"2025-06-02T14:40:10","modified_gmt":"2025-06-02T14:40:10","slug":"un-nouveau-cycle-avec-58-joueurs-pour-lequipe-de-france-basket-usa","status":"publish","type":"post","link":"https:\/\/www.europesays.com\/fr\/146599\/","title":{"rendered":"Un nouveau cycle avec 58 joueurs pour l&rsquo;Equipe de France \u2022 Basket USA"},"content":{"rendered":"<p><img fetchpriority=\"high\" decoding=\"async\" class=\"alignnone size-full wp-image-735634\" src=\"https:\/\/www.europesays.com\/fr\/wp-content\/uploads\/2025\/06\/edf.jpg\" alt=\"L'\u00e9quipe de France- de basket du s\u00e9lectionneur Freddy Fauthoux\" width=\"1200\" height=\"800\"  \/><\/p>\n<p>Apr\u00e8s une premi\u00e8re version fructueuse entre 2017 et 2025, la F\u00e9d\u00e9ration fran\u00e7aise de basket renouvelle son \u00ab\u00a0Team France\u00a0\u00bb. La s\u00e9lection \u00e9largie qui doit emmener les Bleus sur un cycle allant a minima jusqu\u2019aux JO de Los Angeles comprend 58 joueurs. Des proportions similaires \u00e0 celle de la g\u00e9n\u00e9ration 2017-2025, o\u00f9 61 joueurs avaient particip\u00e9 aux 36 matchs totaux des campagnes de qualification pour les Euro 2022 et 2025, ainsi que les Coupes du monde 2019 et 2023.<\/p>\n<p>Les vices-champions olympiques de Paris sont bien l\u00e0, exception faites des retrait\u00e9s Nicolas Batum et Nando De Colo. Les leaders Victor Wembanyama, Guerschon Yabusele ou Rudy Gobert sont \u00e9videmment de la partie, m\u00eame s\u2019ils ne pourront \u00eatre disponibles que lors des fen\u00eatres estivales. La nouvelle g\u00e9n\u00e9ration Zaccharie Risacher, Alexandre Sarr ou Bilal Coulibaly en fera de m\u00eame.<\/p>\n<p>Ils sont au total 13 \u00e0 \u00e9voluer outre-Atlantique, parmi lesquels figure aussi Maxime Raynaud, qui va d\u00e9couvrir le monde pro apr\u00e8s son cursus NCAA \u00e0 Stanford, ou Killian Hayes, qui a majoritairement jou\u00e9 en G-League cette saison, et qui ne compte toujours pas la moindre s\u00e9lection.<\/p>\n<blockquote class=\"twitter-tweet\" data-width=\"550\" data-dnt=\"true\">\n<p lang=\"fr\" dir=\"ltr\">Le Team France Basket mis \u00e0 jour \ud83d\udd04<\/p>\n<p>Avant le d\u00e9but de nouvelles \u00e9ch\u00e9ances, le Team France Basket \u00e9volue. 18 joueurs int\u00e8grent cette liste dont Alexandre Sarr, Maxime Raynaud, Joan Beringer ou Noah Penda \ud83d\udcaa<\/p>\n<p>\ud83d\udc49 <a href=\"https:\/\/t.co\/OGOeW1rPrp\">https:\/\/t.co\/OGOeW1rPrp<\/a><a href=\"https:\/\/twitter.com\/hashtag\/TeamFranceBasket?src=hash&amp;ref_src=twsrc%5Etfw\" target=\"_blank\" rel=\"noopener\">#TeamFranceBasket<\/a> | <a href=\"https:\/\/twitter.com\/hashtag\/Passionn%C3%A9mentBleu?src=hash&amp;ref_src=twsrc%5Etfw\" target=\"_blank\" rel=\"noopener\">#Passionn\u00e9mentBleu<\/a> <a href=\"https:\/\/t.co\/h5LgLsdROx\">pic.twitter.com\/h5LgLsdROx<\/a><\/p>\n<p>&mdash; \u00c9quipes de France de Basket (@FRABasketball) <a href=\"https:\/\/twitter.com\/FRABasketball\/status\/1929508399143637040?ref_src=twsrc%5Etfw\" target=\"_blank\" rel=\"noopener\">June 2, 2025<\/a><\/p><\/blockquote>\n<p><script async src=\"https:\/\/platform.twitter.com\/widgets.js\" charset=\"utf-8\"><\/script><\/p>\n<p>Ce contingent devrait grossir, alors que Noa Essengue, Nolan Traor\u00e9, Joan Beringer ou Noah Penda figurent \u00e9galement dans cette Team France avant d\u2019\u00eatre vraisemblablement retenus <a href=\"https:\/\/www.basketusa.com\/news\/751828\/draft-maxime-raynaud-grimpe-dans-la-hierarchie-noa-essengue-vers-le-top-10\/\" target=\"_blank\" rel=\"noopener\">au premier tour de la prochaine Draft<\/a> le 25 juin prochain. Les nouveaux visages \u00e9voluant notamment en Europe ne manquent pas, avec 22 joueurs pour le moment non cap\u00e9s et 18 qui n\u2019avaient jamais \u00e9t\u00e9 int\u00e9gr\u00e9 jusque-l\u00e0 au groupe France.<\/p>\n<p>\u00ab\u00a0Le projet Team France Basket a fait ses preuves depuis maintenant huit ans et est l\u2019illustration de l\u2019important r\u00e9servoir du basket fran\u00e7ais\u00a0\u00bb a expliqu\u00e9 le s\u00e9lectionneur Fr\u00e9d\u00e9ric Fauthoux <a href=\"https:\/\/www.teamfrancebasket.com\/voir-actualite\/87911\" target=\"_blank\" rel=\"noopener\">dans un communiqu\u00e9<\/a>. \u00ab\u00a0Avec mon staff technique nous avons longuement \u00e9chang\u00e9 pour mettre \u00e0 jour le Team France Basket et les nombreuses incertitudes autour des calendriers internationaux rendent n\u00e9cessaire de cr\u00e9er un groupe large et qui sera, j\u2019en suis certain, amen\u00e9 \u00e0 \u00e9voluer dans les semaines qui viennent. Le basket fran\u00e7ais a conscience qu\u2019il devra fr\u00e9quemment se passer de ses joueurs NBA et EuroLeague et les performances, l\u2019implication et le talent des \u00e9l\u00e9ments qui \u00e9voluent dans les autres ligues \u00e0 travers le monde sont indispensables \u00e0 la r\u00e9ussite des Bleus. Je souhaite que ce Team France Basket soit une source de motivation pour ceux qui en font aujourd\u2019hui partie comme pour ceux qui aspirent \u00e0 le rejoindre.\u00ab\u00a0<\/p>\n<p>A noter qu\u2019en d\u00e9pit de son retour sur le Vieux Continent, en Espagne, Thomas Heurtel ne figure pas dans ce Team France. Autre ancien joueur important de Vincent Collet parti un temps en Russie, Amath M\u2019Baye n\u2019est pas non plus de cette liste, m\u00eame si la rumeur de sa signature la saison prochaine au Paris Basketball pourrait ouvrir la voie \u00e0 une s\u00e9lection.<\/p>\n<p>Le Team France au complet<\/p>\n<p><strong>Meneurs\u00a0:<\/strong> Andrew Albicy (Gran Canaria), Jo\u00ebl Ayayi (Bourg-en-Bresse), Hugo Benitez (Bourg-en-Bresse), Sylvain Francisco (Zalgiris Kaunas), Killian Hayes (Long Island Nets), Th\u00e9o Maledon (ASVEL), Frank Ntilikina (Partizan Belgrade), Benjamin Sene (Nanterre), Matthew Strazel (Monaco), Nolan Traor\u00e9 (Saint-Quentin)<\/p>\n<p><strong>Arri\u00e8res\u00a0:<\/strong> G\u00e9rald Ayayi (Cholet), Milan Barbitch (Nanterre), Juhann Begarin (Monaco), Hugo Besson (Manisa), Malcolm Cazalon (Bilbao), Isa\u00cfa Cordinier (Virtus Bologne), Bilal Coulibaly (Washington Wizards), Evan Fournier (Olympiakos), Nadir Hifi (Paris), Adam Mokoka (Cluj-Napoca), Elie Okobo (Monaco), Rayan Rupert (Portland Trail Blazers)<\/p>\n<p><strong>Ailiers\u00a0:<\/strong> Melvin Ajin\u00e7a (ASVEL), Axel Bouteille (Bah\u00e7esehir Koleji), Sidy Cissoko (Portland Trail Blazers), Mohamed Diawara (Cholet), Ousmane Dieng (Oklahoma City Thunder), Sekou Doumbouya (Morabanc Andorra), Noa Essengue (Ratiopharm Ulm), William Howard (Nanterre), Timoth\u00e9 Luwawu-Cabarrot (Baskonia Vitoria), Noah Penda (Le Mans), Zaccharie Risacher (Atlanta Hawks)<\/p>\n<p><strong>Ailiers-forts\u00a0:<\/strong> Petr Cornelie (Monaco), Moussa Diabat\u00e9 (Charlotte Hornets), Jaylen Hoard (Maccabi Tel-Aviv), Damien Inglis (Yokohama), Yoan Makoundou (Ankara), Amina Noua (Grenade), Yves Pons (Girona), Tidjane Sala\u00fcn (Charlotte Hornets), Alexandre Sarr (Washington Wizards), Armel Traor\u00e9 (Manresa), Guerschon Yabusele (Philadelphia 76ers)<\/p>\n<p><strong>Pivots\u00a0:<\/strong> Joan Beringer (Cedevita Olimpija), Brice Dessert (Strasbourg), Moustapha Fall (Olympiakos), Rudy Gobert (Minnesota Timberwolves), Mam Jaiteh (Monaco), Jonathan Jeanne (Poitiers), Mathias Lessort (Panathina\u00efkos), Bodian Massa (Manresa), Vincent Poirier (Anadolou Efes), Maxime Raynaud (Stanford), Neal Sako (ASVEL), Olivier Sarr (sans club), Killian Tillie (Malaga), Victor Wembanyama (San Antonio Spurs)<\/p>\n<p>    <script async src=\"https:\/\/platform.twitter.com\/widgets.js\" charset=\"utf-8\"><\/script><\/p>\n","protected":false},"excerpt":{"rendered":"Apr\u00e8s une premi\u00e8re version fructueuse entre 2017 et 2025, la F\u00e9d\u00e9ration fran\u00e7aise de basket renouvelle son \u00ab\u00a0Team France\u00a0\u00bb.&hellip;\n","protected":false},"author":2,"featured_media":146600,"comment_status":"","ping_status":"","sticky":false,"template":"","format":"standard","meta":{"footnotes":""},"categories":[1414],"tags":[1465,1464,1011,27,60],"class_list":{"0":"post-146599","1":"post","2":"type-post","3":"status-publish","4":"format-standard","5":"has-post-thumbnail","7":"category-basket","8":"tag-basket","9":"tag-basketball","10":"tag-fr","11":"tag-france","12":"tag-sports"},"share_on_mastodon":{"url":"https:\/\/pubeurope.com\/@fr\/114614293288369779","error":""},"_links":{"self":[{"href":"https:\/\/www.europesays.com\/fr\/wp-json\/wp\/v2\/posts\/146599","targetHints":{"allow":["GET"]}}],"collection":[{"href":"https:\/\/www.europesays.com\/fr\/wp-json\/wp\/v2\/posts"}],"about":[{"href":"https:\/\/www.europesays.com\/fr\/wp-json\/wp\/v2\/types\/post"}],"author":[{"embeddable":true,"href":"https:\/\/www.europesays.com\/fr\/wp-json\/wp\/v2\/users\/2"}],"replies":[{"embeddable":true,"href":"https:\/\/www.europesays.com\/fr\/wp-json\/wp\/v2\/comments?post=146599"}],"version-history":[{"count":0,"href":"https:\/\/www.europesays.com\/fr\/wp-json\/wp\/v2\/posts\/146599\/revisions"}],"wp:featuredmedia":[{"embeddable":true,"href":"https:\/\/www.europesays.com\/fr\/wp-json\/wp\/v2\/media\/146600"}],"wp:attachment":[{"href":"https:\/\/www.europesays.com\/fr\/wp-json\/wp\/v2\/media?parent=146599"}],"wp:term":[{"taxonomy":"category","embeddable":true,"href":"https:\/\/www.europesays.com\/fr\/wp-json\/wp\/v2\/categories?post=146599"},{"taxonomy":"post_tag","embeddable":true,"href":"https:\/\/www.europesays.com\/fr\/wp-json\/wp\/v2\/tags?post=146599"}],"curies":[{"name":"wp","href":"https:\/\/api.w.org\/{rel}","templated":true}]}}