{"id":146601,"date":"2025-06-02T14:41:11","date_gmt":"2025-06-02T14:41:11","guid":{"rendered":"https:\/\/www.europesays.com\/fr\/146601\/"},"modified":"2025-06-02T14:41:11","modified_gmt":"2025-06-02T14:41:11","slug":"le-programme-du-gp-daragon-motogp-2025","status":"publish","type":"post","link":"https:\/\/www.europesays.com\/fr\/146601\/","title":{"rendered":"Le programme du GP d&rsquo;Arag\u00f3n MotoGP 2025"},"content":{"rendered":"<p>Arriv\u00e9 au calendrier en 2010 apr\u00e8s avoir \u00e9t\u00e9 nomm\u00e9 circuit de r\u00e9serve et avoir remplac\u00e9 une piste hongroise qui n&rsquo;allait finalement jamais rejoindre le programme, le <a href=\"https:\/\/fr.motorsport.com\/location\/motorland-aragon\/1514\/\" target=\"_self\" rel=\"noopener nofollow\">MotorLand Arag\u00f3n<\/a> contribue aujourd&rsquo;hui \u00e0 la pr\u00e9sence massive de l&rsquo;Espagne sur l&rsquo;agenda. Install\u00e9 pr\u00e8s de la ville d&rsquo;Alca\u00f1iz, le MotorLand Arag\u00f3n draine moins de foule que les pistes plus traditionnelles et a parfois manqu\u00e9 \u00e0 l&rsquo;agenda, mais il est assur\u00e9 de\u00a0<a href=\"https:\/\/fr.motorsport.com\/motogp\/news\/gp-aragon-assure-presence-chaque-saison-2026\/10594044\/\" target=\"_self\" rel=\"noopener nofollow\">ne plus subir d&rsquo;alternance jusqu&rsquo;en 2026<\/a>.<\/p>\n<p>Voil\u00e0 en tout cas un rendez-vous tr\u00e8s attendu par\u00a0<a href=\"https:\/\/fr.motorsport.com\/driver\/marc-marquez\/92646\/\" target=\"_blank\" rel=\"noopener nofollow\">Marc M\u00e1rquez<\/a>, qui y a souvent brill\u00e9 par le pass\u00e9, auteur de cinq des sept succ\u00e8s qu&rsquo;y a conquis Honda, la marque la plus victorieuse sur place, avant d&rsquo;\u00eatre battu en 2021 par un <a href=\"https:\/\/fr.motorsport.com\/driver\/pecco-bagnaia\/109394\/\" rel=\"nofollow noopener\" target=\"_blank\">Pecco Bagnaia<\/a>\u00a0qui avait impeccablement r\u00e9sist\u00e9 \u00e0 la pression pour aller chercher sa premi\u00e8re victoire. L&rsquo;Espagnol y a renou\u00e9 avec le succ\u00e8s l&rsquo;an dernier, m\u00ealant son nom aux records du circuit qui, d\u00e9sormais, appartiennent tous \u00e0 Ducati.<\/p>\n<p>Lire aussi :<\/p>\n<p>Les horaires du GP d&rsquo;Arag\u00f3n<\/p>\n<tr>\n<p style=\"text-align: left;\"><strong>Date<\/strong><\/p>\n<p style=\"text-align: left;\"><strong>S\u00e9ance<\/strong><\/p>\n<p style=\"text-align: left;\"><strong>Heure fran\u00e7aise<\/strong><\/p>\n<\/tr>\n<tr>\n<td style=\"width: 34%;\"><strong>Vendredi 6 juin<\/strong><\/td>\n<td style=\"width: 33%;\">Essais Libres 1<\/td>\n<td style=\"width: 33%;\">10h45 &#8211; 11h30<\/td>\n<\/tr>\n<tr>\n<td style=\"width: 34%;\">\u00a0<\/td>\n<td style=\"width: 33%;\">Essais<\/td>\n<td style=\"width: 33%;\">15h00 &#8211; 16h00<\/td>\n<\/tr>\n<tr>\n<td style=\"width: 34%;\">\u00a0<\/td>\n<td style=\"width: 33%;\">\u00a0<\/td>\n<td style=\"width: 33%;\">\u00a0<\/td>\n<\/tr>\n<tr>\n<td style=\"width: 34%;\"><strong>Samedi 7 juin<\/strong><\/td>\n<td style=\"width: 33%;\">Essais Libres 2<\/td>\n<td style=\"width: 33%;\">10h10 &#8211; 10h40<\/td>\n<\/tr>\n<tr>\n<td style=\"width: 34%;\">\u00a0<\/td>\n<td style=\"width: 33%;\">Qualifications<\/td>\n<td style=\"width: 33%;\">10h50 &#8211; 11h30<\/td>\n<\/tr>\n<tr>\n<td style=\"width: 34%;\">\u00a0<\/td>\n<td style=\"width: 33%;\">Course sprint<\/td>\n<td style=\"width: 33%;\">15h00<\/td>\n<\/tr>\n<tr>\n<td style=\"width: 34%;\">\u00a0<\/td>\n<td style=\"width: 33%;\">\u00a0<\/td>\n<td style=\"width: 33%;\">\u00a0<\/td>\n<\/tr>\n<tr>\n<td style=\"width: 34%;\"><strong>Dimanche 8 juin<\/strong><\/td>\n<td style=\"width: 33%;\">Warm-up<\/td>\n<td style=\"width: 33%;\">9h40 &#8211; 9h50<\/td>\n<\/tr>\n<tr>\n<td style=\"width: 34%;\">\u00a0<\/td>\n<td style=\"width: 33%;\">Course<\/td>\n<td style=\"width: 33%;\">14h00<\/td>\n<\/tr>\n<p>Les horaires de ce Grand Prix sont traditionnels. Le d\u00e9part de la course sprint sera donc donn\u00e9 samedi \u00e0 15h et celui de la course principale MotoGP dimanche \u00e0 14h. Un test officiel aura ensuite lieu lundi, de 10h \u00e0 18h.<\/p>\n<p>Retrouvez le programme \u00e0 votre heure <a href=\"https:\/\/fr.motorsport.com\/location\/motorland-aragon\/1514\/\" target=\"_self\" rel=\"noopener nofollow\">ici<\/a>.<\/p>\n<p>O\u00f9 regarder le Grand Prix d&rsquo;Arag\u00f3n\u00a0?<\/p>\n<p>Les cha\u00eenes du groupe Canal+ sont le diffuseur officiel du MotoGP en France. Comme \u00e0 l&rsquo;accoutum\u00e9e, elles retransmettront l&rsquo;int\u00e9gralit\u00e9 du programme du Grand Prix cette semaine. Il faudra s&rsquo;installer sur Canal+ Sport 360 pour suivre les deux premi\u00e8res journ\u00e9es, pour les trois cat\u00e9gories, ce qui inclut les essais, les qualifications et la course sprint MotoGP.<\/p>\n<p>Dimanche, le warm-up sera toujours diffus\u00e9 sur Canal+ Sport 360, de m\u00eame que les courses des cat\u00e9gories Moto3 et Moto2. En revanche, il faudra basculer sur Canal+ pour la course MotoGP.<\/p>\n<p>Le circuit du MotorLand Arag\u00f3n<\/p>\n<p>Circuit moderne, dessin\u00e9 par Hermann Tilke au milieu des collines ocres du d\u00e9sert du Teruel, le MotorLand Arag\u00f3n a d&#8217;embl\u00e9e s\u00e9duit le paddock, il y a 15 ans. Cette piste reste aujourd&rsquo;hui l&rsquo;une des rares \u00e0 tourner dans le sens inverse des aiguilles d&rsquo;une montre.<\/p>\n<p>Le circuit impose une longue ligne droite dans laquelle les 350\u00a0km\/h ont \u00e9t\u00e9 d\u00e9pass\u00e9s pour la premi\u00e8re fois en 2020, mais aussi un profil complexe et vari\u00e9 avec des virages tant\u00f4t rapides tant\u00f4t serr\u00e9s. Peu utilis\u00e9 pendant l&rsquo;ann\u00e9e, il est g\u00e9n\u00e9ralement sale en d\u00e9but de week-end, balay\u00e9 par de forts vents qui drainent du sable, et son bitume a la r\u00e9putation d&rsquo;\u00eatre abrasif. D&rsquo;importants travaux de r\u00e9novation ont \u00e9t\u00e9 men\u00e9s sur place en 2023 et l&rsquo;int\u00e9gralit\u00e9 du trac\u00e9 a \u00e9t\u00e9 resurfac\u00e9.<\/p>\n<p><img decoding=\"async\" class=\"sizer\" draggable=\"false\" src=\"blob:https:\/\/fr-thewall.motorsport.com\/952860c0-3d13-4b7e-9686-ca5a0a08fb62\" alt=\"\" loading=\"lazy\"\/><\/p>\n<p class=\"title\">VID\u00c9O &#8211; Un tour du circuit de MotorLand Arag\u00f3n<\/p>\n<p><strong>Caract\u00e9ristiques de la piste :<\/strong><\/p>\n<tr>\n<td style=\"width: 50%;\"><strong>Construction<\/strong><\/td>\n<td style=\"width: 50%; border-style: solid;\">2009<\/td>\n<\/tr>\n<tr>\n<td style=\"width: 50%;\"><strong>Longueur de la piste<\/strong><\/td>\n<td style=\"width: 50%; border-style: solid;\">5,077 km<\/td>\n<\/tr>\n<tr>\n<td style=\"width: 50%;\"><strong>Largeur de la piste<\/strong><\/td>\n<td style=\"width: 50%; border-style: solid;\">15\u00a0m<\/td>\n<\/tr>\n<tr>\n<td style=\"width: 50%;\"><strong>Virages<\/strong><\/td>\n<td style=\"width: 50%; border-style: solid;\">10 gauche &#8211; 7 droite<\/td>\n<\/tr>\n<tr>\n<td style=\"width: 50%;\"><strong>Plus longue ligne droite<\/strong><\/td>\n<td style=\"width: 50%; border-style: solid;\">968 m<\/td>\n<\/tr>\n<tr>\n<td style=\"width: 50%;\"><strong>Pole position<\/strong><\/td>\n<td style=\"width: 50%; border-style: solid;\">\u00e0 droite<\/td>\n<\/tr>\n<tr>\n<td style=\"width: 50%;\"><strong>Distance de la course MotoGP<\/strong><\/td>\n<td style=\"width: 50%; border-style: solid;\">116,771 km (23 tours)<\/td>\n<\/tr>\n<tr>\n<td style=\"width: 50%;\"><strong>Distance de la course sprint<\/strong><\/td>\n<td style=\"width: 50%; border-style: solid;\">55,847 km (11 tours)<\/td>\n<\/tr>\n<p><strong>Records en vigueur\u00a0:<\/strong><\/p>\n<p>Le palmar\u00e8s du GP d&rsquo;Arag\u00f3n<\/p>\n<p>Six pole positions et six victoires : Marc M\u00e1rquez est le ma\u00eetre incontest\u00e9 d&rsquo;Arag\u00f3n. C&rsquo;est l\u00e0 qu&rsquo;il a d\u00e9croch\u00e9 son premier succ\u00e8s avec Ducati, l&rsquo;an dernier, mettant fin \u00e0 trois ans sans s&rsquo;\u00eatre impos\u00e9. Avant cela, il a longtemps \u00e9t\u00e9 imbattable sur cette piste, et ce jusqu&rsquo;\u00e0 la prouesse de Pecco Bagnaia en 2021.<\/p>\n<p>Pour aller chercher ce qui \u00e9tait sa premi\u00e8re victoire MotoGP, l&rsquo;Italien \u00e9tait parti de la pole position mais avait d\u00fb composer avec la pression constante exerc\u00e9e par le ma\u00eetre des lieux, M\u00e1rquez le mena\u00e7ant d\u00e8s l&rsquo;extinction des feux et faisant avec lui la course en t\u00eate jusqu&rsquo;\u00e0 la r\u00e9sistance ultime de Bagnaia dans une une performance magistrale.<\/p>\n<p>Comme sur toute piste tournant dans le sens inverse des aiguilles d&rsquo;une montre et faisant la part belle aux virages \u00e0 gauche, Arag\u00f3n reste toutefois un endroit o\u00f9 M\u00e1rquez est particuli\u00e8rement attendu. Ce sera d&rsquo;autant plus le cas cette saison au guidon de la Ducati et alors qu&rsquo;il a domin\u00e9 le d\u00e9but de championnat. C&rsquo;est lui qui avait encore fait gagner Ducati \u00e0 Alca\u00f1iz l&rsquo;an dernier, apr\u00e8s le succ\u00e8s d&rsquo;Enea Bastianini il y a trois ans, puis une courte absence de ce Grand Prix au calendrier.<\/p>\n<p><strong>Les derniers polemen et vainqueurs du GP d&rsquo;Arag\u00f3n\u00a0:<\/strong><\/p>\n<p><strong>Course suivante\u00a0:<\/strong> Grand Prix d&rsquo;Italie (20-22 juin)<\/p>\n<p><a href=\"https:\/\/fr.motorsport.com\/motogp\/schedule\/2025\/?event_types%5B%5D=race\" target=\"_self\" rel=\"noopener nofollow\">Calendrier MotoGP<\/a><\/p>\n<p>Dans cet article<\/p>\n<p>Soyez le premier inform\u00e9 et souscrivez aux alertes mails pour recevoir les infos en temps r\u00e9el<\/p>\n<p>    S&rsquo;abonner aux alertes de news<\/p>\n","protected":false},"excerpt":{"rendered":"Arriv\u00e9 au calendrier en 2010 apr\u00e8s avoir \u00e9t\u00e9 nomm\u00e9 circuit de r\u00e9serve et avoir remplac\u00e9 une piste hongroise&hellip;\n","protected":false},"author":2,"featured_media":146602,"comment_status":"","ping_status":"","sticky":false,"template":"","format":"standard","meta":{"footnotes":""},"categories":[1413],"tags":[1011,27,26452,1457,1456,1458,26453,60],"class_list":{"0":"post-146601","1":"post","2":"type-post","3":"status-publish","4":"format-standard","5":"has-post-thumbnail","7":"category-moto","8":"tag-fr","9":"tag-france","10":"tag-gp-daragu00f3n","11":"tag-moto","12":"tag-motocycle","13":"tag-motogp","14":"tag-motorland-aragu00f3n","15":"tag-sports"},"share_on_mastodon":{"url":"https:\/\/pubeurope.com\/@fr\/114614297202271721","error":""},"_links":{"self":[{"href":"https:\/\/www.europesays.com\/fr\/wp-json\/wp\/v2\/posts\/146601","targetHints":{"allow":["GET"]}}],"collection":[{"href":"https:\/\/www.europesays.com\/fr\/wp-json\/wp\/v2\/posts"}],"about":[{"href":"https:\/\/www.europesays.com\/fr\/wp-json\/wp\/v2\/types\/post"}],"author":[{"embeddable":true,"href":"https:\/\/www.europesays.com\/fr\/wp-json\/wp\/v2\/users\/2"}],"replies":[{"embeddable":true,"href":"https:\/\/www.europesays.com\/fr\/wp-json\/wp\/v2\/comments?post=146601"}],"version-history":[{"count":0,"href":"https:\/\/www.europesays.com\/fr\/wp-json\/wp\/v2\/posts\/146601\/revisions"}],"wp:featuredmedia":[{"embeddable":true,"href":"https:\/\/www.europesays.com\/fr\/wp-json\/wp\/v2\/media\/146602"}],"wp:attachment":[{"href":"https:\/\/www.europesays.com\/fr\/wp-json\/wp\/v2\/media?parent=146601"}],"wp:term":[{"taxonomy":"category","embeddable":true,"href":"https:\/\/www.europesays.com\/fr\/wp-json\/wp\/v2\/categories?post=146601"},{"taxonomy":"post_tag","embeddable":true,"href":"https:\/\/www.europesays.com\/fr\/wp-json\/wp\/v2\/tags?post=146601"}],"curies":[{"name":"wp","href":"https:\/\/api.w.org\/{rel}","templated":true}]}}