{"id":146606,"date":"2025-06-02T14:43:19","date_gmt":"2025-06-02T14:43:19","guid":{"rendered":"https:\/\/www.europesays.com\/fr\/146606\/"},"modified":"2025-06-02T14:43:19","modified_gmt":"2025-06-02T14:43:19","slug":"cyclisme-alpes-isere-tour-les-succes-saccumulent-et-les-ambitions-grandissent-aubin-sparfel-graine-de-champion-le-dauphine-libere","status":"publish","type":"post","link":"https:\/\/www.europesays.com\/fr\/146606\/","title":{"rendered":"Cyclisme &#8211; Alpes Is\u00e8re Tour. Les succ\u00e8s s&#039;accumulent et les ambitions grandissent : Aubin Sparfel, graine de champion &#8211; Le Dauphin\u00e9 Lib\u00e9r\u00e9"},"content":{"rendered":"<ol>\n<li><a href=\"https:\/\/news.google.com\/rss\/articles\/CBMiekFVX3lxTE9Ua1lTblI1VXFMSVNXTWt1V0xuZUFUd1ZiZUVFdzhoaGFKN1ViWEZ0UEdRX3NyOTVITXlmenIyRk51UmRSNjNnelNfelVITkxDNnpCNmNGMDhRSUV1S29MNGR6ZEFFV3VIc0lyY2Rkai16dHJQT2REb2tn?oc=5\" target=\"_blank\" rel=\"noopener\">Cyclisme &#8211; Alpes Is\u00e8re Tour. Les succ\u00e8s s&rsquo;accumulent et les ambitions grandissent : Aubin Sparfel, graine de champion<\/a>&nbsp;&nbsp;Le Dauphin\u00e9 Lib\u00e9r\u00e9<\/li>\n<li><a href=\"https:\/\/news.google.com\/rss\/articles\/CBMi6gFBVV95cUxNaWRoTkYzb2ZsQmd4bnJuenN2ZlctUEJRLUIzSmVDZXllaWZfcm8yOThFV2kxMXhsSDJhLU5tWV9Dd2hHWGZvcVFTUTlXQjlwUl9tcDNTSG81S3ZiRlJpcmNTeWZocjlaSW43MkxQVjZPY0I0ZE1WWjNRWTlpR1VoVzlkVDZ0MlEtbHlTa01jdzFDcjlvSGZ4T05TMTlrbGdFdnNXbkowUnJyTWpGejhBNWctb3FOSC1EaDRJVGtDLWlxOFUyQnpDeXdVTmpGSzFaNUc4MG5aMjg5N3QzUllSeTBmdl9pSW5VNGc?oc=5\" target=\"_blank\" rel=\"noopener\">En images. Cinq cols, 180 km et une \u00e9quipe fran\u00e7aise victorieuse, revivez la derni\u00e8re \u00e9tape de l&rsquo;Alpes-Is\u00e8re Tour<\/a>&nbsp;&nbsp;Le Dauphin\u00e9 Lib\u00e9r\u00e9<\/li>\n<li><a href=\"https:\/\/news.google.com\/rss\/articles\/CBMisgFBVV95cUxQUlpfN1hhdGVBMk5iWDRicWF2WURKRDZqS1huVGRBNTJRMUxSaWZ4NEZtWXdnZDRRUk9kZEVCQl9tRzlZN1Y0eV95U1gzMWJleWpoaFRxRUxLNFd0VFU5MW5rUmQ4djNEYllsV0dsTFdMczNQeGxXZ2x6cnlCdktlaVQ0ckVVYXkwelVIaW9kNGtaZXgzcDdvLXhYS25sempWWkZsTlI4UDhRVUh1YTRIb1ZB?oc=5\" target=\"_blank\" rel=\"noopener\">Anjou. Quand la course cycliste de l\u2019Alpes Is\u00e8re Tour passe dans la commune<\/a>&nbsp;&nbsp;Le Dauphin\u00e9 Lib\u00e9r\u00e9<\/li>\n<li><a href=\"https:\/\/news.google.com\/rss\/articles\/CBMigwFBVV95cUxONlg4elc1N1B0SXZSWFhsa2h0WG15ek1CSkg3ZXVMV1VPY1dLeXdJN0xSR2xqX0JfeHFrNDlRZjJrZ1dtaW5jMHUxRklWMXliQ05xdS02NUprbzBILTdHYTlPdEhUNXRuSE9kQU1lM1N2TXk5RndYOTI2YmFlZnplR09Ycw?oc=5\" target=\"_blank\" rel=\"noopener\">Alpes Is\u00e8re Tour &#8211; Et. 5 : Classements<\/a>&nbsp;&nbsp;DirectVelo<\/li>\n<li><a href=\"https:\/\/news.google.com\/rss\/articles\/CBMinwFBVV95cUxPeHczbzVXTldiMzFzOWg4SXVDWHdzakUwSDNja1lQTnEwTjZuZ3Vra1NobFhqdFk2aTVnTnAwSGMwVjRUd0FNazdFem1mamZPbkJqWXgzdmMtMEo1ZXRDNTJEeGxiZ2NRUWhRcC10SzBQR0duZ2NFVHpzVnh0NGI2V1JzWkFNVTJBeUVHdVJXRVBfVk5jVlNYUU5NQll2dWM?oc=5\" target=\"_blank\" rel=\"noopener\">Cyclisme &#8211; Alpes-Is\u00e8re-Tour. Aubin Sparfel, la patience et la polyvalence r\u00e9compens\u00e9es<\/a>&nbsp;&nbsp;Le Progr\u00e8s<\/li>\n<\/ol>\n","protected":false},"excerpt":{"rendered":"Cyclisme &#8211; Alpes Is\u00e8re Tour. Les succ\u00e8s s&rsquo;accumulent et les ambitions grandissent : Aubin Sparfel, graine de champion&nbsp;&nbsp;Le&hellip;\n","protected":false},"author":2,"featured_media":146607,"comment_status":"","ping_status":"","sticky":false,"template":"","format":"standard","meta":{"footnotes":""},"categories":[1411],"tags":[25260,1154,207,4633,113,1701,1011,27,6225,25266,27566,517,1947,60],"class_list":{"0":"post-146606","1":"post","2":"type-post","3":"status-publish","4":"format-standard","5":"has-post-thumbnail","7":"category-cyclisme","8":"tag-alpes-isere-tour","9":"tag-cycling","10":"tag-cyclisme","11":"tag-decathlon-ag2r-la-mondiale-cyclisme","12":"tag-edition-gresivaudan-oisans","13":"tag-fil-info-sport","14":"tag-fr","15":"tag-france","16":"tag-la-matinale","17":"tag-la-mure","18":"tag-matheysine","19":"tag-sport","20":"tag-sport-national","21":"tag-sports"},"share_on_mastodon":{"url":"https:\/\/pubeurope.com\/@fr\/114614304979987830","error":""},"_links":{"self":[{"href":"https:\/\/www.europesays.com\/fr\/wp-json\/wp\/v2\/posts\/146606","targetHints":{"allow":["GET"]}}],"collection":[{"href":"https:\/\/www.europesays.com\/fr\/wp-json\/wp\/v2\/posts"}],"about":[{"href":"https:\/\/www.europesays.com\/fr\/wp-json\/wp\/v2\/types\/post"}],"author":[{"embeddable":true,"href":"https:\/\/www.europesays.com\/fr\/wp-json\/wp\/v2\/users\/2"}],"replies":[{"embeddable":true,"href":"https:\/\/www.europesays.com\/fr\/wp-json\/wp\/v2\/comments?post=146606"}],"version-history":[{"count":0,"href":"https:\/\/www.europesays.com\/fr\/wp-json\/wp\/v2\/posts\/146606\/revisions"}],"wp:featuredmedia":[{"embeddable":true,"href":"https:\/\/www.europesays.com\/fr\/wp-json\/wp\/v2\/media\/146607"}],"wp:attachment":[{"href":"https:\/\/www.europesays.com\/fr\/wp-json\/wp\/v2\/media?parent=146606"}],"wp:term":[{"taxonomy":"category","embeddable":true,"href":"https:\/\/www.europesays.com\/fr\/wp-json\/wp\/v2\/categories?post=146606"},{"taxonomy":"post_tag","embeddable":true,"href":"https:\/\/www.europesays.com\/fr\/wp-json\/wp\/v2\/tags?post=146606"}],"curies":[{"name":"wp","href":"https:\/\/api.w.org\/{rel}","templated":true}]}}