{"id":146612,"date":"2025-06-02T14:46:19","date_gmt":"2025-06-02T14:46:19","guid":{"rendered":"https:\/\/www.europesays.com\/fr\/146612\/"},"modified":"2025-06-02T14:46:19","modified_gmt":"2025-06-02T14:46:19","slug":"les-photographies-de-quatre-artistes-au-coeur-dune-exposition-sur-le-voyage","status":"publish","type":"post","link":"https:\/\/www.europesays.com\/fr\/146612\/","title":{"rendered":"les photographies de quatre artistes au c\u0153ur d&rsquo;une exposition sur le voyage"},"content":{"rendered":"<p>\u00c0 travers leurs \u0153uvres, quatre artistes chevronn\u00e9s vous entra\u00eenent dans une odyss\u00e9e photographique. Leurs \u00e2mes cr\u00e9atrices capturent, cr\u00e9ent, partagent, et leurs images offrent un voyage in\u00e9dit, port\u00e9 dans un r\u00eave visuel o\u00f9 une voix off murmure \u00e0 l&rsquo;oreille. \u00ab\u00a0M\u00e9moire de villes\u00a0\u00bb, est le th\u00e8me qu&rsquo;ils ont choisi pour leur exposition, du 2 au 9\u00a0juin \u00e0 la <a href=\"https:\/\/www.laprovence.com\/article\/edition-aubagne-la-ciotat\/4427110\/jeanne-pour-linstant-en-solo-a-la-gare-de-lescalet.html\" target=\"_blank\" rel=\"nofollow noopener\">gare de l&rsquo;Escalet<\/a>.<\/p>\n<p>Quatre visions<\/p>\n<p>Nasrine Safa, photographe professionnelle et vid\u00e9aste, a plus d&rsquo;un clic dans sa cam\u00e9ra. Ce th\u00e8me patrimonial convient bien \u00e0 cette artiste originaire du Liban, native du S\u00e9n\u00e9gal mais vivant \u00e0 <a href=\"https:\/\/www.laprovence.com\/article\/culture-loisirs\/46229715813514\/avec-une-nouvelle-exposition-a-la-ciotat-marcel-pagnol-est-aussi-chez-lui-en-bord-de-mer\" target=\"_blank\" rel=\"nofollow noopener\">La Ciotat<\/a> depuis sept ans. Passionn\u00e9e par les photos d&rsquo;architecture, elle nous emm\u00e8ne en voyage \u00e0 travers la m\u00e9moire des pierres de ces trois pays.<\/p>\n<p>\u00c0 ses c\u00f4t\u00e9s, <a href=\"https:\/\/www.laprovence.com\/article\/culture-loisirs\/132510630555914\/l-artiste-crislo-expose-a-la-ciotat-ses-oeuvres-autour-de-la-statue-du-christ-de-l-ile-verte\" target=\"_blank\" rel=\"nofollow noopener\">Crislo<\/a> aime \u00e9perdument La Ciotat o\u00f9 elle a jet\u00e9 l&rsquo;ancre depuis trois ans, et dont elle ne se lasse pas de faire des portraits. Elle propose ici un tour du Vieux-Port \u00e0 180\u00b0 o\u00f9 gabians, mouettes et cormorans nous baladent depuis la grue de l&rsquo;Escalet jusqu&rsquo;au mus\u00e9e. Treize \u0153uvres de petits et grands formats qui subjuguent et surprennent, par sa vision contrast\u00e9e \u00e9mouvante.<\/p>\n<p>Dans son atelier, install\u00e9 lui aussi au c\u0153ur du <a href=\"https:\/\/www.laprovence.com\/article\/papier\/5750805\/priorite-aux-pietons-dans-les-rues-du-vieux-la-ciotat.html\" target=\"_blank\" rel=\"nofollow noopener\">vieux La Ciotat<\/a>, Mehdi Jraif, peintre et photographe, a La Ciotat au c\u0153ur. Il la raconte avec ses couleurs, ses reliefs. L&rsquo;\u00e9motion de la mati\u00e8re et des sens est au rendez-vous. Quant \u00e0 Battoil, l&rsquo;art de la photo le fascine depuis toujours. Il a m\u00eame cr\u00e9\u00e9 dans les ann\u00e9es 2000 un club de photos num\u00e9riques, et ses expositions en France et \u00e0 l&rsquo;\u00e9tranger ont touch\u00e9 des milliers de personnes.<\/p>\n<p>Il aime capturer les bouts de vie ordinaires, capter des d\u00e9tails qui donnent envie de regarder de plus pr\u00e8s, et faire d\u00e9couvrir des beaut\u00e9s cach\u00e9es comme un fragment de mur du XVe\u00a0si\u00e8cle, qui rappelle l&rsquo;existence du 1er bourg, incrust\u00e9 dans un nouveau mur. Pour <a href=\"https:\/\/www.laprovence.com\/article\/edition-aubagne-la-ciotat\/3808046\/365-photos-pour-une-expo-a-la-gare-de-lescalet.html\" target=\"_blank\" rel=\"nofollow noopener\">donner \u00e0 ses photos<\/a> la dimension qu&rsquo;elles m\u00e9ritent, Battoil a con\u00e7u des photos b\u00e2ches, qui se d\u00e9roulent dans une maison ou une boutique. Depuis peu, il les transforme en papier peint. Quatre artistes qui vous attendent avec impatience.<\/p>\n<p>Du 2 au 9 juin de 10 \u00e0 18h \u00e0 la gare de l&rsquo;Escalet. Vernissage le 3 \u00e0 17\u00a0h.<\/p>\n","protected":false},"excerpt":{"rendered":"\u00c0 travers leurs \u0153uvres, quatre artistes chevronn\u00e9s vous entra\u00eenent dans une odyss\u00e9e photographique. Leurs \u00e2mes cr\u00e9atrices capturent, cr\u00e9ent,&hellip;\n","protected":false},"author":2,"featured_media":146613,"comment_status":"","ping_status":"","sticky":false,"template":"","format":"standard","meta":{"footnotes":""},"categories":[1358],"tags":[17,2937,1348,1384,1385,4411,1386,58,59,1011,27,7533,27567,151,27568,9702,16],"class_list":{"0":"post-146612","1":"post","2":"type-post","3":"status-publish","4":"format-standard","5":"has-post-thumbnail","7":"category-arts-et-design","8":"tag-17","9":"tag-artistes","10":"tag-arts","11":"tag-arts-and-design","12":"tag-arts-et-design","13":"tag-ciotat","14":"tag-design","15":"tag-divertissement","16":"tag-entertainment","17":"tag-fr","18":"tag-france","19":"tag-gare","20":"tag-lescalet","21":"tag-les","22":"tag-photographies","23":"tag-quatre","24":"tag-region"},"share_on_mastodon":{"url":"https:\/\/pubeurope.com\/@fr\/114614316775586114","error":""},"_links":{"self":[{"href":"https:\/\/www.europesays.com\/fr\/wp-json\/wp\/v2\/posts\/146612","targetHints":{"allow":["GET"]}}],"collection":[{"href":"https:\/\/www.europesays.com\/fr\/wp-json\/wp\/v2\/posts"}],"about":[{"href":"https:\/\/www.europesays.com\/fr\/wp-json\/wp\/v2\/types\/post"}],"author":[{"embeddable":true,"href":"https:\/\/www.europesays.com\/fr\/wp-json\/wp\/v2\/users\/2"}],"replies":[{"embeddable":true,"href":"https:\/\/www.europesays.com\/fr\/wp-json\/wp\/v2\/comments?post=146612"}],"version-history":[{"count":0,"href":"https:\/\/www.europesays.com\/fr\/wp-json\/wp\/v2\/posts\/146612\/revisions"}],"wp:featuredmedia":[{"embeddable":true,"href":"https:\/\/www.europesays.com\/fr\/wp-json\/wp\/v2\/media\/146613"}],"wp:attachment":[{"href":"https:\/\/www.europesays.com\/fr\/wp-json\/wp\/v2\/media?parent=146612"}],"wp:term":[{"taxonomy":"category","embeddable":true,"href":"https:\/\/www.europesays.com\/fr\/wp-json\/wp\/v2\/categories?post=146612"},{"taxonomy":"post_tag","embeddable":true,"href":"https:\/\/www.europesays.com\/fr\/wp-json\/wp\/v2\/tags?post=146612"}],"curies":[{"name":"wp","href":"https:\/\/api.w.org\/{rel}","templated":true}]}}