{"id":146616,"date":"2025-06-02T14:48:12","date_gmt":"2025-06-02T14:48:12","guid":{"rendered":"https:\/\/www.europesays.com\/fr\/146616\/"},"modified":"2025-06-02T14:48:12","modified_gmt":"2025-06-02T14:48:12","slug":"nouveau-jour-on-a-vu-le-premier-episode-du-futur-feuilleton-quotidien-de-m-6-et-il-demarre-fort","status":"publish","type":"post","link":"https:\/\/www.europesays.com\/fr\/146616\/","title":{"rendered":"\u00ab\u00a0Nouveau jour\u00a0\u00bb\u00a0: on a vu le premier \u00e9pisode du futur feuilleton quotidien de M\u00a06 et il d\u00e9marre fort"},"content":{"rendered":"<p class=\"paragraph text_align_left\">\u00ab Nouveau jour \u00bb, nouveau d\u00e9part et d\u00e9cors \u00e0 la hauteur du d\u00e9fi. C\u2019est ce qui frappe d\u2019embl\u00e9e en d\u00e9couvrant le premier \u00e9pisode, pr\u00e9sent\u00e9 \u00e0 la presse ce lundi matin, de la future s\u00e9rie quotidienne de M 6 attendue avant l\u2019\u00e9t\u00e9. Plus de doute : le groupe priv\u00e9 a vu grand pour cette saga familiale <a href=\"https:\/\/www.leparisien.fr\/culture-loisirs\/tv\/nouveau-jour-dans-les-coulisses-du-futur-feuilleton-quotidien-de-m6-qui-deploie-les-grands-moyens-12-04-2025-DX2POSTLW5HRBGJELXMG7LSUYM.php\" target=\"_blank\" rel=\"noreferrer nofollow noopener\">tourn\u00e9e depuis avril dans la r\u00e9gion de Montpellier<\/a> (H\u00e9rault), entre deux rues reconstitu\u00e9es en ext\u00e9rieur sur un ancien parking et un ch\u00e2teau transform\u00e9 en h\u00f4tel dans un \u00e9cran de verdure. <\/p>\n<p class=\"paragraph text_align_left\">C\u2019est ici que tout commence d\u00e8s les premi\u00e8res images o\u00f9 une femme, camp\u00e9e par La\u00ebtitia Milot, surgit dans le hall les mains en sang avant qu\u2019on devine un corps allong\u00e9 dans le plan suivant. Surprise : \u00ab Nouveau jour \u00bb, la chanson pop vitamin\u00e9e du g\u00e9n\u00e9rique qui retentit ensuite, est interpr\u00e9t\u00e9e par <a href=\"https:\/\/www.leparisien.fr\/culture-loisirs\/musique\/mon-medicament-cest-vous-lemotion-de-hoshi-au-zenith-pour-un-concert-intense-et-militant-13-04-2024-FIAYZW2ZRZFJ3CQD6B6MLBV6L4.php\" target=\"_blank\" rel=\"noreferrer nofollow noopener\">Hoshi,<\/a> l\u2019artiste branch\u00e9e de 28 ans r\u00e9v\u00e9l\u00e9e en 2018 avec son tube \u00ab Ta marini\u00e8re \u00bb.<\/p>\n","protected":false},"excerpt":{"rendered":"\u00ab Nouveau jour \u00bb, nouveau d\u00e9part et d\u00e9cors \u00e0 la hauteur du d\u00e9fi. C\u2019est ce qui frappe d\u2019embl\u00e9e&hellip;\n","protected":false},"author":2,"featured_media":146617,"comment_status":"","ping_status":"","sticky":false,"template":"","format":"standard","meta":{"footnotes":""},"categories":[1356],"tags":[872,58,59,1011,27,252,2205,1364],"class_list":{"0":"post-146616","1":"post","2":"type-post","3":"status-publish","4":"format-standard","5":"has-post-thumbnail","7":"category-television","8":"tag-culture-et-loisirs","9":"tag-divertissement","10":"tag-entertainment","11":"tag-fr","12":"tag-france","13":"tag-television","14":"tag-television-medias","15":"tag-tv"},"share_on_mastodon":{"url":"https:\/\/pubeurope.com\/@fr\/114614324666025853","error":""},"_links":{"self":[{"href":"https:\/\/www.europesays.com\/fr\/wp-json\/wp\/v2\/posts\/146616","targetHints":{"allow":["GET"]}}],"collection":[{"href":"https:\/\/www.europesays.com\/fr\/wp-json\/wp\/v2\/posts"}],"about":[{"href":"https:\/\/www.europesays.com\/fr\/wp-json\/wp\/v2\/types\/post"}],"author":[{"embeddable":true,"href":"https:\/\/www.europesays.com\/fr\/wp-json\/wp\/v2\/users\/2"}],"replies":[{"embeddable":true,"href":"https:\/\/www.europesays.com\/fr\/wp-json\/wp\/v2\/comments?post=146616"}],"version-history":[{"count":0,"href":"https:\/\/www.europesays.com\/fr\/wp-json\/wp\/v2\/posts\/146616\/revisions"}],"wp:featuredmedia":[{"embeddable":true,"href":"https:\/\/www.europesays.com\/fr\/wp-json\/wp\/v2\/media\/146617"}],"wp:attachment":[{"href":"https:\/\/www.europesays.com\/fr\/wp-json\/wp\/v2\/media?parent=146616"}],"wp:term":[{"taxonomy":"category","embeddable":true,"href":"https:\/\/www.europesays.com\/fr\/wp-json\/wp\/v2\/categories?post=146616"},{"taxonomy":"post_tag","embeddable":true,"href":"https:\/\/www.europesays.com\/fr\/wp-json\/wp\/v2\/tags?post=146616"}],"curies":[{"name":"wp","href":"https:\/\/api.w.org\/{rel}","templated":true}]}}