{"id":14662,"date":"2025-04-10T09:57:11","date_gmt":"2025-04-10T09:57:11","guid":{"rendered":"https:\/\/www.europesays.com\/fr\/14662\/"},"modified":"2025-04-10T09:57:11","modified_gmt":"2025-04-10T09:57:11","slug":"la-reine-camilla-reporte-sa-tenue-de-mariage-le-jour-de-ses-noces-de-porcelaine-en-italie","status":"publish","type":"post","link":"https:\/\/www.europesays.com\/fr\/14662\/","title":{"rendered":"La reine Camilla reporte sa tenue de mariage le jour de ses noces de porcelaine en Italie"},"content":{"rendered":"<p>Ce 9 avril 2025, le roi Charles III et la reine Camilla f\u00eataient leurs 20 ans de mariage. Le couple effectue en m\u00eame temps une visite d\u2019\u00c9tat en Italie. Ce mercredi, il s\u2019agissait d\u2019une journ\u00e9e de travail presque comme toutes les autres, emp\u00eachant le roi Charles et la reine Camilla de c\u00e9l\u00e9brer leur anniversaire de mariage dans l\u2019intimit\u00e9. La reine Camilla a eu l\u2019id\u00e9e de marquer symboliquement cette journ\u00e9e en reportant sa tenue blanche de mariage, 20 ans plus tard, en y apportant quelques modifications.<\/p>\n<p><strong>Lire aussi : <a href=\"https:\/\/histoiresroyales.fr\/roi-charles-iii-reine-camilla-colisee-visite-detat-romantique-a-rome\/\" rel=\"nofollow noopener\" target=\"_blank\">Le roi Charles III et la reine Camilla au Colis\u00e9e lors de leur visite d\u2019\u00c9tat romantique \u00e0 Rome<\/a><\/strong><\/p>\n<p>Le geste symbolique de la reine Camilla lors de sa visite au parlement italien<\/p>\n<p>Le roi Charles III, 76 ans, et la <a href=\"https:\/\/histoiresroyales.fr\/famille-royale-britannique\/camilla-parker-bowles-duchesse-de-cornouailles\/\" rel=\"nofollow noopener\" target=\"_blank\">reine Camilla du Royaume-Uni<\/a>, 77 ans, ont assur\u00e9 leur troisi\u00e8me journ\u00e9e en Italie, la deuxi\u00e8me du programme officiel de leur visite d\u2019\u00c9tat qui les emm\u00e8ne \u00e0 Rome et \u00e0 Ravenne. Lors de cette journ\u00e9e, le roi Charles et la reine Camilla ont notamment visit\u00e9 le parlement italien. Charles a marqu\u00e9 l\u2019histoire en devenant le premier monarque britannique \u00e0 s\u2019adresser aux deux chambres parlementaires r\u00e9unies. Mais pour les souverains, outre leurs obligations publiques, cette journ\u00e9e \u00e9tait particuli\u00e8re puisqu\u2019ils f\u00eataient aussi leurs 20 ans de mariage.<\/p>\n<p><img fetchpriority=\"high\" decoding=\"async\" width=\"933\" height=\"1400\" src=\"https:\/\/www.europesays.com\/fr\/wp-content\/uploads\/2025\/04\/roi-charles-iii-reine-camilla-tenue-de-mariage-robe-souvenir-933x1400.jpg\" alt=\"\" class=\"wp-image-148647 lazyload\" data-  \/>Ce mercredi 9 avril, le roi Charles III et la reine Camilla dans les rues de Rome, devant le parlement italien o\u00f9 le souverain a prononc\u00e9 un discours. La reine Camilla reporte son manteau de mariage, 20 ans plus tard (Photo : Victoria Jones\/PA Wire\/ABACAPRESS.COM)<\/p>\n<p><strong>Lire aussi : <a href=\"https:\/\/histoiresroyales.fr\/roi-charles-iii-reine-camilla-se-recueillent-monument-victor-emmanuel-ii\/\" rel=\"nofollow noopener\" target=\"_blank\">Le roi Charles III et la reine Camilla se recueillent au Monument \u00e0 Victor-Emmanuel II<\/a><\/strong><\/p>\n<p>Le roi Charles III et la reine Camilla n\u2019ont pas pu c\u00e9l\u00e9brer leur anniversaire de mariage dans l\u2019intimit\u00e9, comme ils l\u2019auraient souhait\u00e9, puisque ce mercredi \u00e9tait une journ\u00e9e de travail comme les autres. Camilla, toujours soucieuse des d\u00e9tails et habitu\u00e9e \u00e0 diss\u00e9miner des symboles dans ses tenues, avait choisi de porter un manteau blanc qui \u00e9voquait une robe de mari\u00e9e. Et pour cause, ce manteau est bien celui qu\u2019elle portait le jour de son mariage, le 9 avril 2005, \u00e0 l\u2019h\u00f4tel de ville de Windsor. <\/p>\n<p><img loading=\"lazy\" decoding=\"async\" width=\"1300\" height=\"867\" src=\"https:\/\/www.europesays.com\/fr\/wp-content\/uploads\/2025\/04\/reine-camilla-fiere-roi-charles-iii-discours-parlement-italien-robe-de-mariee.jpg\" alt=\"\" class=\"wp-image-148646 lazyload\" data-  \/>La reine Camilla est fi\u00e8re de son \u00e9poux, le roi Charles III devient le premier monarque britannique de l\u2019histoire \u00e0 s\u2019adresser face aux deux chambres parlementaires r\u00e9unies (Photo : Ian Vogler\/Daily Mirror\/PA Wire\/ABACAPRESS.COM)<\/p>\n<p>Il y a 20 ans, le prince de Galles \u00e9pousait Camilla Parker Bowles, n\u00e9e Camilla Shand, lors d\u2019une c\u00e9r\u00e9monie civile \u00e0 Windsor. La reine Elizabeth II avait donn\u00e9 son consentement \u00e0 son fils de se remarier mais elle a uniquement assist\u00e9 \u00e0 la c\u00e9r\u00e9monie religieuse, organis\u00e9e dans la foul\u00e9e. Le couple n\u2019est pas mari\u00e9 religieusement, bien que l\u2019\u00c9glise anglicane permette aux divorc\u00e9s de se remarier sous certaines conditions. La c\u00e9r\u00e9monie religieuse n\u2019\u00e9tait pas un mariage religieux mais une c\u00e9r\u00e9monie de b\u00e9n\u00e9dictions. Pour cette deuxi\u00e8me partie, Camilla s\u2019\u00e9tait chang\u00e9e et avait enfil\u00e9 une tenue vert d\u2019eau tr\u00e8s p\u00e2le.<\/p>\n<p><img loading=\"lazy\" decoding=\"async\" width=\"1062\" height=\"1400\" src=\"https:\/\/www.europesays.com\/fr\/wp-content\/uploads\/2025\/04\/reine-camilla-duchesse-de-cornouailles-anna-valentine-1062x1400.jpg\" alt=\"\" class=\"wp-image-148648 lazyload\" data-  \/>Le 9 avril 2005, le prince Charles \u00e9pousait Camilla civilement \u00e0 l\u2019h\u00f4tel de ville de Windsor. La mari\u00e9e portait un manteau blanc Anna Valentine, ce m\u00eame manteau port\u00e9 20 ans plus tard en Italie (Photo : Mirrorpix, Trinity Mirror \/ Mirrorpix \/ Alamy \/ Abacapress)<\/p>\n<p><strong>Lire aussi : <a href=\"https:\/\/histoiresroyales.fr\/roi-charles-iii-reine-camilla-accueillis-rome-president-mattarella\/\" rel=\"nofollow noopener\" target=\"_blank\">Le roi Charles III et la reine Camilla accueillis \u00e0 Rome par le pr\u00e9sident Mattarella avec un d\u00e9fil\u00e9 a\u00e9rien<\/a><\/strong><\/p>\n<p>La reine Camilla recycle sa tenue de mariage en y ajoutant des broderies<\/p>\n<p>\u00c0 l\u2019h\u00f4tel de ville de Windsor tout comme au parlement italien vingt ans plus tard, Camilla portait un long manteau sign\u00e9 Anna Valentine. Selon <a href=\"https:\/\/www.townandcountrymag.com\/society\/tradition\/a64431585\/queen-camilla-rewears-wedding-day-outfit-20th-anniversary\/\" rel=\"nofollow noopener\" target=\"_blank\">Town &amp; Country<\/a> le manteau port\u00e9 ce mercredi a \u00e9t\u00e9 revisit\u00e9 car des broderies ont \u00e9t\u00e9 ajout\u00e9es par l\u2019artisane Beth Somerville, soutenue par la King\u2019s Foundation. Notons que ce n\u2019est pas la premi\u00e8re fois que Camilla reporte sa tenue de mariage. Elle avait d\u00e9j\u00e0 choisi de la porter lors d\u2019une visite au pays de Galles en 2007, quand elle \u00e9tait encore duchesse de Cornouailles.\u00a0Toutefois, c\u2019est la premi\u00e8re fois que la tenue appara\u00eet orn\u00e9e de nouvelles broderies.<\/p>\n<p><img loading=\"lazy\" decoding=\"async\" width=\"1300\" height=\"1257\" src=\"https:\/\/www.europesays.com\/fr\/wp-content\/uploads\/2025\/04\/couple-royal-heureux-anniversaire-de-mariage-20-ans-porcelaine.jpg\" alt=\"\" class=\"wp-image-148649 lazyload\" data-  \/>Le roi Charles III et la reine Camilla tr\u00e8s heureux ce 9 avril, jour de leurs noces de porcelaine, lors de leur visite au parlement italien (Photo : Ian Vogler\/Daily Mirror\/PA Wire\/ABACAPRESS.COM)<\/p>\n<p><strong>Lire aussi : <a href=\"https:\/\/histoiresroyales.fr\/nouvelles-photos-romantiques-du-roi-charles-iii-et-de-la-reine-camilla-pour-leurs-noces-de-porcelaine-en-italie\/\" rel=\"nofollow noopener\" target=\"_blank\">Nouvelles photos romantiques du roi Charles III et de la reine Camilla pour leurs noces de porcelaine en Italie<\/a><\/strong><\/p>\n<p>La reine portait un collier de perles \u00e0 trois rangs, des bracelets en or et sa bague de fian\u00e7ailles. Au <a href=\"https:\/\/www.hellomagazine.com\/brides\/825432\/queen-camilla-rewears-wedding-dress\/\" target=\"_blank\" rel=\"noreferrer noopener nofollow\">Telegraph<\/a>, la cr\u00e9atrice des tenues de mariage de Camilla a expliqu\u00e9 que ces ensembles \u00ab\u00a0avaient \u00e9t\u00e9 particuli\u00e8rement difficiles \u00bb\u00a0\u00e0 dessiner et confectionner \u00ab en raison de l\u2019attention m\u00e9diatique \u00bb. La cr\u00e9atrice et Camilla ont longuement \u00e9chang\u00e9 lors de la cr\u00e9ation des tenues afin que le r\u00e9sultat soit \u00ab beau, doux et discret. Nous n\u2019essayions pas d\u2019\u00eatre trop ostentatoires. \u00bb.<\/p>\n<p>\u00c0 l\u2019instar du mariage plut\u00f4t \u00ab\u00a0low profile \u00bb, cette journ\u00e9e de c\u00e9l\u00e9bration des noces de porcelaine n\u2019\u00e9tait marqu\u00e9e par aucun \u00e9v\u00e9nement festif sp\u00e9cifique. En soir\u00e9e, le couple a assist\u00e9 au traditionnel banquet d\u2019\u00c9tat organis\u00e9 par le pr\u00e9sident Sergio Mattarella. Ce d\u00eener de gala faisait office de f\u00eate d\u2019anniversaire. Dans son discours, le roi Charles III n\u2019a pas manqu\u00e9 d\u2019humour en s\u2019adressant au pr\u00e9sident italien : \u00ab\u00a0Aujourd\u2019hui marque, comme vous le dites, notre vingti\u00e8me anniversaire de mariage avec la Reine. \u00c0 ce propos, je dois dire que c\u2019est vraiment tr\u00e8s gentil de votre part, Monsieur le Pr\u00e9sident, d\u2019avoir organis\u00e9 ce petit d\u00eener romantique aux chandelles pour deux\u2026\u00a0! \u00bb<\/p>\n<p>\t\t\t\t<img loading=\"lazy\" alt=\"Avatar photo\" src=\"https:\/\/www.europesays.com\/fr\/wp-content\/uploads\/2025\/04\/1516945716303-164x164.jpeg\"  class=\"avatar avatar-164 photo lazyload\" height=\"164\" width=\"164\" decoding=\"async\"\/><br \/>\n\t\t<a href=\"https:\/\/histoiresroyales.fr\/author\/royaliste123\/\" rel=\"nofollow noopener\" target=\"_blank\">Nicolas Fontaine<\/a><br \/>\n\t\t\t\t\tR\u00e9dacteur en chef<\/p>\n<p>Nicolas Fontaine a \u00e9t\u00e9 concepteur-r\u00e9dacteur et auteur pour de nombreuses marques et m\u00e9dias belges et fran\u00e7ais. Sp\u00e9cialiste de l&rsquo;actualit\u00e9 des familles royales, Nicolas a fond\u00e9 le site Histoires royales dont il est le r\u00e9dacteur en chef.&#13;<br \/>\n&#13;<br \/>\nnicolas@histoiresroyales.fr<\/p>\n<p>\t\t\t\t\t\t\t<a href=\"https:\/\/twitter.com\/ActusRoyales\" class=\"boxed-icon fill twitter\" target=\"_blank\" rel=\"nofollow noopener\"><\/a><br \/>\n\t\t\t\t\t\t\t\t\t<a href=\"https:\/\/www.instagram.com\/histoiresroyales.fr\/\" class=\"boxed-icon fill instagram\" target=\"_blank\" rel=\"nofollow noopener\"><\/a><\/p>\n<p>\t\t\t\t\t\t\t\t\t\t\t\t\t<script async src=\"https:\/\/platform.twitter.com\/widgets.js\" charset=\"utf-8\"><\/script><script async src=\"\/\/www.instagram.com\/embed.js\"><\/script><\/p>\n","protected":false},"excerpt":{"rendered":"Ce 9 avril 2025, le roi Charles III et la reine Camilla f\u00eataient leurs 20 ans de mariage.&hellip;\n","protected":false},"author":2,"featured_media":14663,"comment_status":"","ping_status":"","sticky":false,"template":"","format":"standard","meta":{"footnotes":""},"categories":[8],"tags":[6302,4793,58,59,1011,27,452,6303,4795,6304,1051],"class_list":{"0":"post-14662","1":"post","2":"type-post","3":"status-publish","4":"format-standard","5":"has-post-thumbnail","7":"category-divertissement","8":"tag-anna-valentine","9":"tag-camilla-parker-bowles","10":"tag-divertissement","11":"tag-entertainment","12":"tag-fr","13":"tag-france","14":"tag-italie","15":"tag-robe-de-mariu00e9e","16":"tag-roi-charles-iii","17":"tag-symbole","18":"tag-visite-du00c9tat"},"share_on_mastodon":{"url":"https:\/\/pubeurope.com\/@fr\/114313078029023436","error":""},"_links":{"self":[{"href":"https:\/\/www.europesays.com\/fr\/wp-json\/wp\/v2\/posts\/14662","targetHints":{"allow":["GET"]}}],"collection":[{"href":"https:\/\/www.europesays.com\/fr\/wp-json\/wp\/v2\/posts"}],"about":[{"href":"https:\/\/www.europesays.com\/fr\/wp-json\/wp\/v2\/types\/post"}],"author":[{"embeddable":true,"href":"https:\/\/www.europesays.com\/fr\/wp-json\/wp\/v2\/users\/2"}],"replies":[{"embeddable":true,"href":"https:\/\/www.europesays.com\/fr\/wp-json\/wp\/v2\/comments?post=14662"}],"version-history":[{"count":0,"href":"https:\/\/www.europesays.com\/fr\/wp-json\/wp\/v2\/posts\/14662\/revisions"}],"wp:featuredmedia":[{"embeddable":true,"href":"https:\/\/www.europesays.com\/fr\/wp-json\/wp\/v2\/media\/14663"}],"wp:attachment":[{"href":"https:\/\/www.europesays.com\/fr\/wp-json\/wp\/v2\/media?parent=14662"}],"wp:term":[{"taxonomy":"category","embeddable":true,"href":"https:\/\/www.europesays.com\/fr\/wp-json\/wp\/v2\/categories?post=14662"},{"taxonomy":"post_tag","embeddable":true,"href":"https:\/\/www.europesays.com\/fr\/wp-json\/wp\/v2\/tags?post=14662"}],"curies":[{"name":"wp","href":"https:\/\/api.w.org\/{rel}","templated":true}]}}