{"id":146626,"date":"2025-06-02T14:53:09","date_gmt":"2025-06-02T14:53:09","guid":{"rendered":"https:\/\/www.europesays.com\/fr\/146626\/"},"modified":"2025-06-02T14:53:09","modified_gmt":"2025-06-02T14:53:09","slug":"dany-boon-raconte-la-verite-sur-son-accident-de-la-route","status":"publish","type":"post","link":"https:\/\/www.europesays.com\/fr\/146626\/","title":{"rendered":"Dany Boon raconte la v\u00e9rit\u00e9 sur son accident de la route"},"content":{"rendered":"<p> \u00abCe sont toujours les meilleurs qui partent les premiers\u00a0\u00bb, soupirait <a href=\"https:\/\/www.20minutes.fr\/arts-stars\/people\/4093913-20240531-dany-boon-laurence-arne-livrent-rencontre-histoire-amour\" target=\"_blank\" class=\"color-ultramarine c-link\" rel=\"noopener\">Dany Boon<\/a> au sujet de sa propre mort dans une vid\u00e9o post\u00e9e sur Instagram. A la suite d\u2019un accident de la route survenu sur la A4, le 6\u00a0mai dernier, certains <a href=\"https:\/\/www.20minutes.fr\/arts-stars\/cinema\/4152956-20250512-mefiez-fake-news-dany-boon-dement-rumeurs-deces-accident-voiture\" target=\"_blank\" class=\"color-ultramarine c-link\" rel=\"noopener\">avaient eu t\u00f4t fait d\u2019enterrer<\/a> l\u2019humoriste.<\/p>\n<p>Ce 1er\u00a0juin, au micro du \u00ab\u00a0Bon dimanche show\u00a0\u00bb de RTL, <a href=\"https:\/\/www.20minutes.fr\/arts-stars\/people\/4078292-20240226-noe-fils-judith-godreche-dany-boon-exprime-apres-discours-mere-cesar\" target=\"_blank\" class=\"color-ultramarine c-link\" rel=\"noopener\">l\u2019ex de Judith Godr\u00e8che<\/a> a expliqu\u00e9 les circonstances de ce retour malheureux d\u2019une sortie en famille \u00e0 Europa Park. \u00ab\u00a0J\u2019\u00e9tais seul en voiture, j\u2019ai pris un camion et je me suis retrouv\u00e9 dans un champ\u00a0\u00bb a-t-il ainsi <a href=\"https:\/\/www.rtl.fr\/programmes\/bon-dimanche-show\" rel=\"nofollow noopener\" target=\"_blank\" class=\"color-ultramarine c-link\">racont\u00e9<\/a> \u00e0 Bruno Guillon.<\/p>\n<p>Heureusement, \u00ab\u00a0\u00e7a s\u2019est bien termin\u00e9\u00a0\u00bb, l\u2019artiste n\u2019a \u00ab\u00a0rien\u00a0\u00bb, seule la \u00ab\u00a0voiture est d\u00e9molie\u00a0\u00bb. L\u2019humoriste souhaitait \u00e0 tout prix rester discret sur cet incident. Seulement, difficile de passer inaper\u00e7u quand on est connu.<\/p>\n<p>\u00ab\u00a0Ne le dites pas\u00a0!\u00a0\u00bb<\/p>\n<p>\u00ab\u00a0J\u2019\u00e9tais dans ma bagnole. Les gens venaient me voir. Il y a des gens qui s\u2019\u00e9taient arr\u00eat\u00e9s pour venir me voir dans la voiture. Ils me disaient\u00a0: \u00ab\u00a0\u00c7a va, monsieur\u00a0?\u00a0\u00bb\u00a0\u00bb, avant d\u2019encha\u00eener un long \u00ab\u00a0ooooh\u2026\u00a0\u00bb de surprise en reconnaissant l\u2019acteur de Bienvenue chez les Ch\u2019tis. \u00ab\u00a0Je disais\u00a0: \u00ab\u00a0oui, c\u2019est bien moi, ce n\u2019est pas grave\u00a0\u00bb\u00a0\u00bb puis de supplier \u00ab\u00a0ne le dites pas\u00a0!\u00a0\u00bb<\/p>\n<\/p>\n<p>Malgr\u00e9 l\u2019emballement, tout est bien qui finit bien, m\u00eame si l\u2019acteur ne voulait pas aller aux urgences. \u00ab\u00a0Je pensais que je n\u2019avais rien. Je n\u2019avais rien d\u2019ailleurs\u00a0\u00bb, assure-t-il. Gage de reconnaissance, Dany Boon a \u00ab\u00a0invit\u00e9 tout le monde \u00e0 Metz au Z\u00e9nith\u00a0\u00bb \u00e0 assister \u00e0 son prochain spectacle, Clown n\u2019est pas un m\u00e9tier, le 30\u00a0janvier 2026\u00a0: \u00ab\u00a0les pompiers, les gendarmes et les gens des urgences\u00a0\u00bb. Il faudra s\u00fbrement s\u2019attendre \u00e0 une petite d\u00e9dicace pour marquer le coup\u00a0!<\/p>\n","protected":false},"excerpt":{"rendered":"\u00abCe sont toujours les meilleurs qui partent les premiers\u00a0\u00bb, soupirait Dany Boon au sujet de sa propre mort&hellip;\n","protected":false},"author":2,"featured_media":146627,"comment_status":"","ping_status":"","sticky":false,"template":"","format":"standard","meta":{"footnotes":""},"categories":[8],"tags":[4376,253,17146,58,59,1011,27,775,776,6212,5599,973,178],"class_list":{"0":"post-146626","1":"post","2":"type-post","3":"status-publish","4":"format-standard","5":"has-post-thumbnail","7":"category-divertissement","8":"tag-accident-de-la-route","9":"tag-acteur","10":"tag-dany-boon","11":"tag-divertissement","12":"tag-entertainment","13":"tag-fr","14":"tag-france","15":"tag-grand-est","16":"tag-lorraine","17":"tag-metz","18":"tag-moselle","19":"tag-people","20":"tag-rumeur"},"share_on_mastodon":{"url":"https:\/\/pubeurope.com\/@fr\/114614344482165750","error":""},"_links":{"self":[{"href":"https:\/\/www.europesays.com\/fr\/wp-json\/wp\/v2\/posts\/146626","targetHints":{"allow":["GET"]}}],"collection":[{"href":"https:\/\/www.europesays.com\/fr\/wp-json\/wp\/v2\/posts"}],"about":[{"href":"https:\/\/www.europesays.com\/fr\/wp-json\/wp\/v2\/types\/post"}],"author":[{"embeddable":true,"href":"https:\/\/www.europesays.com\/fr\/wp-json\/wp\/v2\/users\/2"}],"replies":[{"embeddable":true,"href":"https:\/\/www.europesays.com\/fr\/wp-json\/wp\/v2\/comments?post=146626"}],"version-history":[{"count":0,"href":"https:\/\/www.europesays.com\/fr\/wp-json\/wp\/v2\/posts\/146626\/revisions"}],"wp:featuredmedia":[{"embeddable":true,"href":"https:\/\/www.europesays.com\/fr\/wp-json\/wp\/v2\/media\/146627"}],"wp:attachment":[{"href":"https:\/\/www.europesays.com\/fr\/wp-json\/wp\/v2\/media?parent=146626"}],"wp:term":[{"taxonomy":"category","embeddable":true,"href":"https:\/\/www.europesays.com\/fr\/wp-json\/wp\/v2\/categories?post=146626"},{"taxonomy":"post_tag","embeddable":true,"href":"https:\/\/www.europesays.com\/fr\/wp-json\/wp\/v2\/tags?post=146626"}],"curies":[{"name":"wp","href":"https:\/\/api.w.org\/{rel}","templated":true}]}}