{"id":146649,"date":"2025-06-02T15:05:09","date_gmt":"2025-06-02T15:05:09","guid":{"rendered":"https:\/\/www.europesays.com\/fr\/146649\/"},"modified":"2025-06-02T15:05:09","modified_gmt":"2025-06-02T15:05:09","slug":"la-spa-de-villeneuve-ouvre-ses-portes-aux-familles","status":"publish","type":"post","link":"https:\/\/www.europesays.com\/fr\/146649\/","title":{"rendered":"la SPA de Villeneuve ouvre ses portes aux familles"},"content":{"rendered":"<p>            Par<br \/>\n        <strong><br \/>\n            <a href=\"https:\/\/actu.fr\/auteur\/metropoop\" title=\"Consulter tous les articles de R\u00e9daction M\u00e9tropolitain\" target=\"_blank\" rel=\"noopener\">R\u00e9daction M\u00e9tropolitain<\/a><br \/>\n        <\/strong><\/p>\n<p>        Publi\u00e9 le<\/p>\n<p>            2 juin 2025 \u00e0 17h02        <\/p>\n<p><strong>La SPA de Montpellier<\/strong> <a href=\"https:\/\/actu.fr\/occitanie\/villeneuve-les-maguelone_34337\/pres-de-montpellier-saturation-historique-a-la-spa-de-villeneuve-les-maguelone_62167215.html\" target=\"_blank\" rel=\"noopener\">se trouve dans une situation critique<\/a>. Le site d\u2019accueil de la structure, d\u00e9j\u00e0 habitu\u00e9 aux surcharges estivales, a atteint ses limites. Les box sont pleins, la chatterie d\u00e9borde. Les raisons sont multiples\u202f: hausse du co\u00fbt de la vie, d\u00e9parts en vacances, manque d\u2019anticipation ou d\u2019information sur les responsabilit\u00e9s li\u00e9es \u00e0 un animal. Dans ce contexte, le refuge organise ses Journ\u00e9es Portes Ouvertes <strong>ces samedi 7 et dimanche 8 juin 2025<\/strong>, de 10h \u00e0 17h, dans le cadre de \u00ab\u00a0l\u2019\u00c9t\u00e9 des animaux\u00a0\u00bb.<\/p>\n<p>    <a href=\"https:\/\/www.google.com\/maps\/embed?pb=!1m18!1m12!1m3!1d2891.9428461783373!2d3.8174164764568626!3d43.54523327110747!2m3!1f0!2f0!3f0!3m2!1i1024!2i768!4f13.1!3m3!1m2!1s0x12b6ae0243b96a9b%3A0x15420b582c2f9421!2sSPA%20Montpellier%20M%C3%A9diterran%C3%A9e%20M%C3%A9tropole!5e0!3m2!1sen!2sfr!4v1748857773453!5m2!1sen!2sfr\" title=\"Ouvrie le lien\" target=\"_blank\" rel=\"noopener\">Cliquez ici pour visualiser le contenu<\/a><\/p>\n<p class=\" wall-content\">Cet \u00e9v\u00e9nement s\u2019adresse au grand public, aux familles, aux curieux comme aux amoureux des animaux. Il a un but simple\u202f: donner de la visibilit\u00e9 aux chiens et aux chats du refuge, encourager les adoptions et tisser des liens entre les visiteurs et les pensionnaires.<\/p>\n<p>Des rencontres, mais aussi des animations<\/p>\n<p class=\" wall-content\">Le week-end ne se r\u00e9sume pas \u00e0 une simple visite. La SPA de Montpellier a con\u00e7u un programme riche pour capter l\u2019attention et sensibiliser les visiteurs. <strong>Chaque matin \u00e0 11h<\/strong>, une d\u00e9monstration d\u2019agility aura lieu. Chiens et b\u00e9n\u00e9voles montreront leurs capacit\u00e9s de coop\u00e9ration et leur complicit\u00e9. \u00c0 14h, une initiation au canisport, en partenariat avec l\u2019association X-TREM 34, permettra aux curieux de d\u00e9couvrir les joies du sport partag\u00e9 avec son chien.<\/p>\n<p class=\" wall-content\">\u00c0 la m\u00eame heure, l\u2019\u00e9ducatrice Potentiel Canin animera un atelier \u00ab\u00a0faire son tapis de fouille\u00a0\u00bb. Il s\u2019agit d\u2019un jeu d\u2019enrichissement olfactif et mental pour chien, simple \u00e0 fabriquer soi-m\u00eame. Les enfants, eux, ne seront pas oubli\u00e9s. <strong>\u00c0 14h<\/strong>, Cultura proposera un atelier cr\u00e9atif le samedi\u202f: les plus jeunes pourront d\u00e9corer un masque animalier ou cr\u00e9er des origamis en forme de chien ou de chat. Pendant que les parents discuteront adoption ou b\u00e9n\u00e9volat, ils pourront aussi se faire maquiller par Maroussia, make-up artist professionnelle. <strong> \u00c0 13h50<\/strong>, un temps sera d\u00e9di\u00e9 \u00e0 la formation des futurs b\u00e9n\u00e9voles. La SPA compte sur cet \u00e9v\u00e9nement pour recruter de nouvelles forces vives.\u00a0<\/p>\n<p>Vid\u00e9os : en ce moment sur ActuUne tombola pour changer des vies<\/p>\n<p class=\" wall-content\">La grande tombola, organis\u00e9e au profit des animaux du refuge, permettra de financer les soins, les repas et l\u2019entretien des structures. Chaque ticket co\u00fbte <strong>2\u202feuros<\/strong>. Parmi les lots propos\u00e9s\u202f: un vol d\u00e9couverte de 30 minutes au-dessus de la Camargue, un lisseur professionnel, des soins en institut spa Kanji, des cartes cadeaux allant jusqu\u2019\u00e0 80\u202feuros, des repas dans des restaurants partenaires, ou encore des paniers garnis. La boutique de la SPA proposera des souvenirs : objets, accessoires pour animaux, t-shirts. Un stand buvette offrira cr\u00eapes, g\u00e2teaux et boissons. Chaque achat, chaque participation, chaque moment partag\u00e9 servira directement la cause animale.<\/p>\n<p><strong>&gt;<\/strong> Les billets de la tombola sont disponibles en ligne <strong>jusqu\u2019au 7 juin<\/strong> <a href=\"https:\/\/www.helloasso.com\/associations\/spa-mmm\/evenements\/tombola-spa-3m-du-8-juin-2025-un-vol-decouverte-de-la-camargue-de-30-min\" target=\"_blank\" rel=\"noopener\">sur la plateforme HelloAsso<\/a><\/p>\n<p class=\" wall-content\">Suivez toute l\u2019actualit\u00e9 de vos villes et m\u00e9dias favoris en vous inscrivant \u00e0 <a href=\"https:\/\/moncompte.actu.fr\" title=\"D\u00e9couvez Mon Actu\" rel=\"nofollow noopener\" data-trk=\"{&quot;cta&quot;:{&quot;action&quot;:&quot;https:\\\/\\\/moncompte.actu.fr&quot;,&quot;category&quot;:&quot;mon compte&quot;,&quot;from&quot;:&quot;article footer&quot;,&quot;name&quot;:&quot;Mon actu&quot;,&quot;type&quot;:&quot;cta&quot;}}\" target=\"_blank\">Mon Actu<\/a>.<\/p>\n","protected":false},"excerpt":{"rendered":"Par R\u00e9daction M\u00e9tropolitain Publi\u00e9 le 2 juin 2025 \u00e0 17h02 La SPA de Montpellier se trouve dans une&hellip;\n","protected":false},"author":2,"featured_media":146650,"comment_status":"","ping_status":"","sticky":false,"template":"","format":"standard","meta":{"footnotes":""},"categories":[9599],"tags":[1111,11,1867,1777,674,652,1011,27,2208,12,2680,25,104,3400],"class_list":{"0":"post-146649","1":"post","2":"type-post","3":"status-publish","4":"format-standard","5":"has-post-thumbnail","7":"category-montpellier","8":"tag-actu","9":"tag-actualites","10":"tag-animaux","11":"tag-eu","12":"tag-europe","13":"tag-famille","14":"tag-fr","15":"tag-france","16":"tag-montpellier","17":"tag-news","18":"tag-occitanie","19":"tag-republique-francaise","20":"tag-societe","21":"tag-solidarite"},"share_on_mastodon":{"url":"https:\/\/pubeurope.com\/@fr\/114614391465060298","error":""},"_links":{"self":[{"href":"https:\/\/www.europesays.com\/fr\/wp-json\/wp\/v2\/posts\/146649","targetHints":{"allow":["GET"]}}],"collection":[{"href":"https:\/\/www.europesays.com\/fr\/wp-json\/wp\/v2\/posts"}],"about":[{"href":"https:\/\/www.europesays.com\/fr\/wp-json\/wp\/v2\/types\/post"}],"author":[{"embeddable":true,"href":"https:\/\/www.europesays.com\/fr\/wp-json\/wp\/v2\/users\/2"}],"replies":[{"embeddable":true,"href":"https:\/\/www.europesays.com\/fr\/wp-json\/wp\/v2\/comments?post=146649"}],"version-history":[{"count":0,"href":"https:\/\/www.europesays.com\/fr\/wp-json\/wp\/v2\/posts\/146649\/revisions"}],"wp:featuredmedia":[{"embeddable":true,"href":"https:\/\/www.europesays.com\/fr\/wp-json\/wp\/v2\/media\/146650"}],"wp:attachment":[{"href":"https:\/\/www.europesays.com\/fr\/wp-json\/wp\/v2\/media?parent=146649"}],"wp:term":[{"taxonomy":"category","embeddable":true,"href":"https:\/\/www.europesays.com\/fr\/wp-json\/wp\/v2\/categories?post=146649"},{"taxonomy":"post_tag","embeddable":true,"href":"https:\/\/www.europesays.com\/fr\/wp-json\/wp\/v2\/tags?post=146649"}],"curies":[{"name":"wp","href":"https:\/\/api.w.org\/{rel}","templated":true}]}}