{"id":146653,"date":"2025-06-02T15:07:09","date_gmt":"2025-06-02T15:07:09","guid":{"rendered":"https:\/\/www.europesays.com\/fr\/146653\/"},"modified":"2025-06-02T15:07:09","modified_gmt":"2025-06-02T15:07:09","slug":"ce-maire-de-lagglo-de-rouen-est-dans-le-top-100-des-elus-locaux-la-reconnaissance-dun-travail-collectif","status":"publish","type":"post","link":"https:\/\/www.europesays.com\/fr\/146653\/","title":{"rendered":"Ce maire de l&rsquo;agglo de Rouen est dans le Top 100 des \u00e9lus locaux, \u00ab la reconnaissance d&rsquo;un travail collectif \u00bb"},"content":{"rendered":"<p>            Par<br \/>\n        <strong><br \/>\n            <a href=\"https:\/\/actu.fr\/auteur\/laredaction\" title=\"Consulter tous les articles de R\u00e9daction Normandie\" target=\"_blank\" rel=\"noopener\">R\u00e9daction Normandie<\/a><br \/>\n        <\/strong><\/p>\n<p>        Publi\u00e9 le<\/p>\n<p>            2 juin 2025 \u00e0 16h47        <\/p>\n<p>L\u2019institut Quorum et le Cercle des \u00e9lus locaux ont d\u00e9voil\u00e9 <strong>le classement 2025 des \u00e9lus locaux \u00ab les plus influents et les plus innovants de l\u2019ann\u00e9e \u00bb<\/strong>, selon six crit\u00e8res : l\u2019influence institutionnelle, l\u2019impact sur les politiques locales, la capacit\u00e9 d\u2019anticipation, le leadership, l\u2019engagement soci\u00e9tal et l\u2019innovation. <br \/>Parmi eux, se trouvent huit Normands dont deux Seinomarins : <a href=\"https:\/\/actu.fr\/tag\/nicolas-mayer-rossignol\" target=\"_blank\" rel=\"noopener\">Nicolas Mayer Rossignol, maire de Rouen et Pr\u00e9sident de la M\u00e9tropole de Rouen<\/a> et <strong>Th\u00e9o P\u00e9rez, maire de Bois-Guillaume<\/strong>, qui, apr\u00e8s sa distinction au S\u00e9nat, a accept\u00e9 de r\u00e9pondre \u00e0 nos questions.<\/p>\n<p class=\"ac-article-content__question wall-content\"><strong>Comment entrez-vous dans ce classement ?<\/strong><\/p>\n<p class=\" wall-content\">Nous avons \u00e9t\u00e9 approch\u00e9s en d\u00e9but d\u2019ann\u00e9e sans vraiment rien nous dire sauf qu\u2019ils suivaient notre profil et j\u2019imagine, qu\u2019un travail de suivi de la presse est \u00e9galement fait.<\/p>\n<p class=\" wall-content\"><strong>Personne n\u2019est venu ici.<\/strong> Nous avons simplement r\u00e9pondu \u00e0 trois questions : quelle est l\u2019action locale innovante que vous avez mise en place ? Quelle est l\u2019id\u00e9e\/r\u00e9alisation inspirante selon vous \u00e0 reprendre \u00e9manant de votre territoire ? Demain, vous \u00eates nomm\u00e9 au Gouvernement, quelle r\u00e9forme (notamment sur une politique publique locale) entamez-vous ? Apr\u00e8s, je ne sais pas comment ce Top\u00a0100, parmi plus de 35 000 maires, a \u00e9t\u00e9 r\u00e9alis\u00e9.<\/p>\n<p class=\"ac-article-content__question wall-content\"><strong>Qu\u2019est-ce que cela repr\u00e9sente ?<\/strong><\/p>\n<p class=\" wall-content\">J\u2019ai accueilli cette initiative avec enthousiasme, car c\u2019est r\u00e9ellement un coup de projecteur sur quelque 50 000 \u00e9lus locaux qui font un boulot du quotidien dans des conditions difficiles.<\/p>\n<p class=\" wall-content\">Me concernant, \u00e7a fait plaisir, mais je ne me r\u00e9serve pas les honneurs de cette distinction. <strong>C\u2019est la reconnaissance d\u2019un travail collectif<\/strong> avec les adjoints, les conseillers municipaux et tous les agents de la ville. Cette distinction, c\u2019est pour la Ville de Bois-Guillaume sur ses deux jambes. Celle de la politique et celle de l\u2019administration.<\/p>\n<p class=\"ac-article-content__question wall-content\"><strong>C\u2019est la reconnaissance d\u2019un bilan ?<\/strong><\/p>\n<p class=\" wall-content\">Oui, c\u2019est une reconnaissance de ce qui a \u00e9t\u00e9 fait depuis le d\u00e9but du mandat. On a d\u00e9velopp\u00e9 beaucoup d\u2019initiatives dans beaucoup de domaines assez innovants<a href=\"https:\/\/actu.fr\/normandie\/bois-guillaume_76108\/la-charte-de-l-urbanisme-a-bois-guillaume-retoquee-par-le-tribunal-administratif_58140795.html\" target=\"_blank\" rel=\"noopener\"> comme la charte de l\u2019urbanisme<\/a>. Nous \u00e9tions<strong> la premi\u00e8re commune de France \u00e0 la r\u00e9diger<\/strong>. Cela a fait les grands titres des m\u00e9dias locaux et nationaux.<\/p>\n<p class=\" wall-content\">Il y a aussi la subvention pour <a href=\"https:\/\/actu.fr\/normandie\/bois-guillaume_76108\/bois-guillaume-va-continuer-a-aider-l-installation-d-alarmes-chez-les-particuliers_61747563.html\" target=\"_blank\" rel=\"noopener\">aider les habitants \u00e0 s\u2019\u00e9quiper d\u2019un syst\u00e8me d\u2019alarme<\/a> afin de r\u00e9duire les cambriolages. <strong>C\u2019est une initiative qui n\u2019existe quasiment nulle part en France<\/strong>.<\/p>\n<p class=\" wall-content\">Il y a notre engagement sur la construction de logements, notamment sociaux, la r\u00e9alisation de notre c\u0153ur de ville, la mise en place d\u2019un budget participatif et de la d\u00e9mocratie participative et nous sommes parmi les cinq communes en France \u00e0 avoir le plus progress\u00e9 sur la transition \u00e9cologique, notamment avec notre boucle d\u2019autoconsommation collective.<\/p>\n<p class=\" wall-content\">Nous sommes vraiment <strong>all\u00e9s plus loin que les engagements de notre programme<\/strong>, car Bois-Guillaume a un potentiel incroyable, mais malheureusement \u00e9tait endormie sur ses acquis. Nous avons une population et un cadre de vie qui permet de d\u00e9velopper de belles initiatives. Nous sommes super fiers avec toute l\u2019\u00e9quipe de ces r\u00e9alisations et impatients d\u2019en avoir un usage complet. On a boss\u00e9 dur ! Et, peu importe comment cela se termine dans un an. Le bilan est objectivement positif. Je prends cette reconnaissance telle quelle.<\/p>\n<blockquote class=\"ac-article-quote wall-content\">\n<p>M\u00eame si je n\u2019ai pas encore annonc\u00e9 ma candidature, je crois que c\u2019est une carte blanche pour continuer, en restant les pieds sur terre. Il y a encore plein d\u2019enjeux \u00e0 mener \u00e0 Bois-Guillaume.<\/p>\n<p>Th\u00e9o P\u00e9rez<\/p><\/blockquote>\n<p class=\"ac-article-content__question wall-content\"><strong>Comment valoriser cette mise en avant au plus haut niveau ?<\/strong><\/p>\n<p class=\" wall-content\">C\u2019est difficile. Je suis mal \u00e0 l\u2019aise avec cela. On peut vite glisser dans, c\u2019est moi le meilleur. Je n\u2019ai pas fait de communication officielle \u00e0 cause de cela. Il reste encore plein de choses \u00e0 faire. Cette distinction vient sanctionner quelque chose \u00e0 l\u2019instant T. Est-ce que je peux m\u2019en servir pour avoir plus d\u2019influence sur ceux qui d\u00e9cident ? Je ne sais m\u00eame pas. <strong>Cela donne de la cr\u00e9dibilit\u00e9 pour agir<\/strong>, mais ce n\u2019est qu\u2019une voix de plus qui est d\u00e9j\u00e0 l\u00e0 sur les interpellations des maires.<\/p>\n<p class=\" wall-content\">Par contre, il faut mettre en parall\u00e8le le statut pourri des \u00e9lus locaux. Professionnel, personnel, leur protection. Alors, si je peux \u00eatre utile, je le ferais avec grand plaisir, mais je ne me fais pas beaucoup d\u2019illusions. L\u00e0, c\u2019est un coup de projecteur sur le travail des \u00e9lus locaux, car sans eux, on vit moins bien. Il faut \u00e9couter leurs appels.<\/p>\n<p class=\"ac-article-content__question wall-content\"><strong>\u00catre dans ce Top\u00a0100, ce n\u2019est pas contre-productif en vue des municipales 2026 ?<\/strong><\/p>\n<p class=\" wall-content\">Si on va dans ce sens, cela voudrait dire qu\u2019\u00e0 chaque fois qu\u2019un \u00e9lu local r\u00e9alise 100 % de son programme, il serait moins cr\u00e9dible pour se repr\u00e9senter, et qu\u2019\u00e0 l\u2019inverse, ceux qui n\u2019ont fait qu\u2019une partie de ce qu\u2019ils avaient promis seraient l\u00e9gitimes \u00e0 rester.<\/p>\n<p class=\" wall-content\">Alors, m\u00eame si je n\u2019ai pas encore annonc\u00e9 ma candidature, <strong>je crois que c\u2019est une carte blanche pour continuer<\/strong>, en restant les pieds sur terre. Il y a encore plein d\u2019enjeux \u00e0 mener \u00e0 Bois-Guillaume. Sur la transition \u00e9cologique, le chemin est encore long. Sur le vivre ensemble, il y a encore mille choses \u00e0 proposer. Avec la croissance d\u00e9mographique, il va y avoir de nouveaux besoins dont des services. Devrons-nous passer d\u2019un c\u0153ur de ville \u00e0 un centre-ville ? \u00c7a deviendra in\u00e9vitable. Je ne veux pas que Bois-Guillaume soit une ville-dortoir. <strong>Je veux qu\u2019elle soit une ville o\u00f9 on trouve tout<\/strong>.<\/p>\n<p>Suivez l\u2019actualit\u00e9 de Rouen <a href=\"https:\/\/www.whatsapp.com\/channel\/0029VaKfnf99hXF2ddApFB1D\" target=\"_blank\" rel=\"noopener\">sur notre cha\u00eene WhatsApp<\/a> et <a href=\"https:\/\/www.tiktok.com\/@76actu.fr?lang=fr\" target=\"_blank\" rel=\"noopener\">sur notre compte TikTok<\/a><\/p>\n<p class=\" wall-content\">Suivez toute l\u2019actualit\u00e9 de vos villes et m\u00e9dias favoris en vous inscrivant \u00e0 <a href=\"https:\/\/moncompte.actu.fr\" title=\"D\u00e9couvez Mon Actu\" rel=\"nofollow noopener\" data-trk=\"{&quot;cta&quot;:{&quot;action&quot;:&quot;https:\\\/\\\/moncompte.actu.fr&quot;,&quot;category&quot;:&quot;mon compte&quot;,&quot;from&quot;:&quot;article footer&quot;,&quot;name&quot;:&quot;Mon actu&quot;,&quot;type&quot;:&quot;cta&quot;}}\" target=\"_blank\">Mon Actu<\/a>.<\/p>\n<ul class=\"ac-article-tag wall-content\">\n<li><a href=\"https:\/\/actu.fr\/tag\/metropole-rouen\" data-trk=\"{&quot;cta&quot;:{&quot;action&quot;:&quot;M\\u00e9tropole Rouen&quot;,&quot;category&quot;:&quot;tag&quot;,&quot;from&quot;:&quot;article footer&quot;,&quot;name&quot;:&quot;M\\u00e9tropole Rouen&quot;,&quot;type&quot;:&quot;cta&quot;}}\" target=\"_blank\" rel=\"noopener\">#M\u00e9tropole Rouen<\/a><\/li>\n<li><a href=\"https:\/\/actu.fr\/tag\/municipales-2026\" data-trk=\"{&quot;cta&quot;:{&quot;action&quot;:&quot;Municipales 2026&quot;,&quot;category&quot;:&quot;tag&quot;,&quot;from&quot;:&quot;article footer&quot;,&quot;name&quot;:&quot;Municipales 2026&quot;,&quot;type&quot;:&quot;cta&quot;}}\" target=\"_blank\" rel=\"noopener\">#Municipales 2026<\/a><\/li>\n<\/ul>\n<p>                    <script async src=\"\/\/www.tiktok.com\/embed.js\"><\/script><\/p>\n","protected":false},"excerpt":{"rendered":"Par R\u00e9daction Normandie Publi\u00e9 le 2 juin 2025 \u00e0 16h47 L\u2019institut Quorum et le Cercle des \u00e9lus locaux&hellip;\n","protected":false},"author":2,"featured_media":146654,"comment_status":"","ping_status":"","sticky":false,"template":"","format":"standard","meta":{"footnotes":""},"categories":[9587],"tags":[1111,11,1777,674,1011,27,9725,3434,12,5161,316,25,9590],"class_list":{"0":"post-146653","1":"post","2":"type-post","3":"status-publish","4":"format-standard","5":"has-post-thumbnail","7":"category-rouen","8":"tag-actu","9":"tag-actualites","10":"tag-eu","11":"tag-europe","12":"tag-fr","13":"tag-france","14":"tag-metropole-rouen","15":"tag-municipales-2026","16":"tag-news","17":"tag-normandie","18":"tag-politique","19":"tag-republique-francaise","20":"tag-rouen"},"share_on_mastodon":{"url":"https:\/\/pubeurope.com\/@fr\/114614399374395534","error":""},"_links":{"self":[{"href":"https:\/\/www.europesays.com\/fr\/wp-json\/wp\/v2\/posts\/146653","targetHints":{"allow":["GET"]}}],"collection":[{"href":"https:\/\/www.europesays.com\/fr\/wp-json\/wp\/v2\/posts"}],"about":[{"href":"https:\/\/www.europesays.com\/fr\/wp-json\/wp\/v2\/types\/post"}],"author":[{"embeddable":true,"href":"https:\/\/www.europesays.com\/fr\/wp-json\/wp\/v2\/users\/2"}],"replies":[{"embeddable":true,"href":"https:\/\/www.europesays.com\/fr\/wp-json\/wp\/v2\/comments?post=146653"}],"version-history":[{"count":0,"href":"https:\/\/www.europesays.com\/fr\/wp-json\/wp\/v2\/posts\/146653\/revisions"}],"wp:featuredmedia":[{"embeddable":true,"href":"https:\/\/www.europesays.com\/fr\/wp-json\/wp\/v2\/media\/146654"}],"wp:attachment":[{"href":"https:\/\/www.europesays.com\/fr\/wp-json\/wp\/v2\/media?parent=146653"}],"wp:term":[{"taxonomy":"category","embeddable":true,"href":"https:\/\/www.europesays.com\/fr\/wp-json\/wp\/v2\/categories?post=146653"},{"taxonomy":"post_tag","embeddable":true,"href":"https:\/\/www.europesays.com\/fr\/wp-json\/wp\/v2\/tags?post=146653"}],"curies":[{"name":"wp","href":"https:\/\/api.w.org\/{rel}","templated":true}]}}