{"id":146657,"date":"2025-06-02T15:09:15","date_gmt":"2025-06-02T15:09:15","guid":{"rendered":"https:\/\/www.europesays.com\/fr\/146657\/"},"modified":"2025-06-02T15:09:15","modified_gmt":"2025-06-02T15:09:15","slug":"grenoble-derniere-semaine-pour-voir-la-tres-belle-exposition-sur-les-estampes","status":"publish","type":"post","link":"https:\/\/www.europesays.com\/fr\/146657\/","title":{"rendered":"Grenoble. Derni\u00e8re semaine pour voir la tr\u00e8s belle exposition sur les estampes"},"content":{"rendered":"<p>C\u2019est un monde fascinant et trop peu connu que nous d\u00e9voile le Mus\u00e9e de Grenoble. Avec l\u2019exposition, Chefs-d\u2019\u0153uvre inconnus de D\u00fcrer \u00e0 Fantin-Latour , on d\u00e9couvre 150 estampes jamais pr\u00e9sent\u00e9es au public, r\u00e9v\u00e9lant une richesse cr\u00e9ative infinie. Ces documents ne peuvent \u00eatre expos\u00e9s que trois mois. Pas plus. Ensuite, ils retrouveront l\u2019obscurit\u00e9 de leur bo\u00eete et ne pourront en ressortir que dans trois ans. \u00ab\u00a0Pour les exposer toute l\u2019ann\u00e9e, il faudrait cr\u00e9er un lieu hors des lumi\u00e8res du mus\u00e9e. On y r\u00e9fl\u00e9chit\u00a0\u00bb, explique S\u00e9bastien G\u00f6kalp, directeur du Mus\u00e9e de Grenoble. En attendant, ce sont 150 des plus de 20\u00a0000 estampes que comptent les r\u00e9serves qui sont pr\u00e9sent\u00e9es au public pour la premi\u00e8re fois. Le r\u00e9sultat du travail exceptionnel men\u00e9 par Val\u00e9rie Huss, conservatrice du patrimoine en charge des arts graphiques.<\/p>\n<p class=\"note\">Jusqu\u2019au lundi 9\u00a0juin au Mus\u00e9e de Grenoble. Tous les jours de 10\u00a0h \u00e0 18\u00a0h\u00a030, sauf le mardi. Gratuit.<\/p>\n","protected":false},"excerpt":{"rendered":"C\u2019est un monde fascinant et trop peu connu que nous d\u00e9voile le Mus\u00e9e de Grenoble. Avec l\u2019exposition, Chefs-d\u2019\u0153uvre&hellip;\n","protected":false},"author":2,"featured_media":146658,"comment_status":"","ping_status":"","sticky":false,"template":"","format":"standard","meta":{"footnotes":""},"categories":[9566],"tags":[1111,11,2430,1687,112,1777,674,2271,1011,27,2731,2732,108,12,25],"class_list":{"0":"post-146657","1":"post","2":"type-post","3":"status-publish","4":"format-standard","5":"has-post-thumbnail","7":"category-grenoble","8":"tag-actu","9":"tag-actualites","10":"tag-auvergne-rhone-alpes","11":"tag-culture-loisirs","12":"tag-edition-grenoble-agglomeration","13":"tag-eu","14":"tag-europe","15":"tag-exposition-arts-plastiques","16":"tag-fr","17":"tag-france","18":"tag-grenoble","19":"tag-grenoble-bassin","20":"tag-isere","21":"tag-news","22":"tag-republique-francaise"},"share_on_mastodon":{"url":"https:\/\/pubeurope.com\/@fr\/114614407209821563","error":""},"_links":{"self":[{"href":"https:\/\/www.europesays.com\/fr\/wp-json\/wp\/v2\/posts\/146657","targetHints":{"allow":["GET"]}}],"collection":[{"href":"https:\/\/www.europesays.com\/fr\/wp-json\/wp\/v2\/posts"}],"about":[{"href":"https:\/\/www.europesays.com\/fr\/wp-json\/wp\/v2\/types\/post"}],"author":[{"embeddable":true,"href":"https:\/\/www.europesays.com\/fr\/wp-json\/wp\/v2\/users\/2"}],"replies":[{"embeddable":true,"href":"https:\/\/www.europesays.com\/fr\/wp-json\/wp\/v2\/comments?post=146657"}],"version-history":[{"count":0,"href":"https:\/\/www.europesays.com\/fr\/wp-json\/wp\/v2\/posts\/146657\/revisions"}],"wp:featuredmedia":[{"embeddable":true,"href":"https:\/\/www.europesays.com\/fr\/wp-json\/wp\/v2\/media\/146658"}],"wp:attachment":[{"href":"https:\/\/www.europesays.com\/fr\/wp-json\/wp\/v2\/media?parent=146657"}],"wp:term":[{"taxonomy":"category","embeddable":true,"href":"https:\/\/www.europesays.com\/fr\/wp-json\/wp\/v2\/categories?post=146657"},{"taxonomy":"post_tag","embeddable":true,"href":"https:\/\/www.europesays.com\/fr\/wp-json\/wp\/v2\/tags?post=146657"}],"curies":[{"name":"wp","href":"https:\/\/api.w.org\/{rel}","templated":true}]}}