{"id":146659,"date":"2025-06-02T15:10:12","date_gmt":"2025-06-02T15:10:12","guid":{"rendered":"https:\/\/www.europesays.com\/fr\/146659\/"},"modified":"2025-06-02T15:10:12","modified_gmt":"2025-06-02T15:10:12","slug":"grenoble-jeremy-frerot-en-concert-a-la-belle-electrique-le-30-juin-2026","status":"publish","type":"post","link":"https:\/\/www.europesays.com\/fr\/146659\/","title":{"rendered":"Grenoble. J\u00e9r\u00e9my Frerot en concert \u00e0 La Belle \u00c9lectrique le 30\u00a0juin 2026"},"content":{"rendered":"<p>R\u00eaveur \u00e9veill\u00e9, J\u00e9r\u00e9my Frerot aime les utopies, les id\u00e9es en puissance et leur accomplissement. Sinc\u00e8re et \u00e9mouvante, sa musique est le fruit d\u2019une qu\u00eate d\u2019\u00e9quilibre et une d\u00e9marche cr\u00e9atrice libre d\u2019artifice. M\u00e9lancolie et autod\u00e9rision s\u2019y croisent en apesanteur dans un contrepoint foisonnant. \u00c0 une \u00e9poque o\u00f9 la musique se fait de plus en plus \u00e0 l\u2019aide de logiciels, rendant accessoire la pr\u00e9sence des instrumentistes, J\u00e9r\u00e9my Frerot fait partie d\u2019une nouvelle sc\u00e8ne de musiciens fran\u00e7ais capables de naviguer dans l\u2019\u00e9lectro et la synth-pop autant qu\u2019au fil d\u2019une orchestration \u00e9pur\u00e9e et de sons organiques, qui donnent la sensation r\u00e9jouissante d\u2019\u00e9couter de la musique live. Apr\u00e8s avoir connu six ann\u00e9es de succ\u00e8s au sein du duo star Frero Delavega, J\u00e9r\u00e9my Frerot a pris son envol en solo depuis 2017.<\/p>\n<p class=\"note\">Mardi 30\u00a0juin 2026 \u00e0 20 heures \u00e0 La Belle \u00c9lectrique \u00e0 Grenoble. De 32 \u00e0 37\u00a0\u20ac.<\/p>\n","protected":false},"excerpt":{"rendered":"R\u00eaveur \u00e9veill\u00e9, J\u00e9r\u00e9my Frerot aime les utopies, les id\u00e9es en puissance et leur accomplissement. Sinc\u00e8re et \u00e9mouvante, sa&hellip;\n","protected":false},"author":2,"featured_media":146660,"comment_status":"","ping_status":"","sticky":false,"template":"","format":"standard","meta":{"footnotes":""},"categories":[9566],"tags":[1111,11,2430,1687,112,1777,674,1011,27,2731,2732,108,873,12,25,3140],"class_list":{"0":"post-146659","1":"post","2":"type-post","3":"status-publish","4":"format-standard","5":"has-post-thumbnail","7":"category-grenoble","8":"tag-actu","9":"tag-actualites","10":"tag-auvergne-rhone-alpes","11":"tag-culture-loisirs","12":"tag-edition-grenoble-agglomeration","13":"tag-eu","14":"tag-europe","15":"tag-fr","16":"tag-france","17":"tag-grenoble","18":"tag-grenoble-bassin","19":"tag-isere","20":"tag-musique","21":"tag-news","22":"tag-republique-francaise","23":"tag-spectacle"},"share_on_mastodon":{"url":"https:\/\/pubeurope.com\/@fr\/114614411161868004","error":""},"_links":{"self":[{"href":"https:\/\/www.europesays.com\/fr\/wp-json\/wp\/v2\/posts\/146659","targetHints":{"allow":["GET"]}}],"collection":[{"href":"https:\/\/www.europesays.com\/fr\/wp-json\/wp\/v2\/posts"}],"about":[{"href":"https:\/\/www.europesays.com\/fr\/wp-json\/wp\/v2\/types\/post"}],"author":[{"embeddable":true,"href":"https:\/\/www.europesays.com\/fr\/wp-json\/wp\/v2\/users\/2"}],"replies":[{"embeddable":true,"href":"https:\/\/www.europesays.com\/fr\/wp-json\/wp\/v2\/comments?post=146659"}],"version-history":[{"count":0,"href":"https:\/\/www.europesays.com\/fr\/wp-json\/wp\/v2\/posts\/146659\/revisions"}],"wp:featuredmedia":[{"embeddable":true,"href":"https:\/\/www.europesays.com\/fr\/wp-json\/wp\/v2\/media\/146660"}],"wp:attachment":[{"href":"https:\/\/www.europesays.com\/fr\/wp-json\/wp\/v2\/media?parent=146659"}],"wp:term":[{"taxonomy":"category","embeddable":true,"href":"https:\/\/www.europesays.com\/fr\/wp-json\/wp\/v2\/categories?post=146659"},{"taxonomy":"post_tag","embeddable":true,"href":"https:\/\/www.europesays.com\/fr\/wp-json\/wp\/v2\/tags?post=146659"}],"curies":[{"name":"wp","href":"https:\/\/api.w.org\/{rel}","templated":true}]}}