{"id":146661,"date":"2025-06-02T15:11:08","date_gmt":"2025-06-02T15:11:08","guid":{"rendered":"https:\/\/www.europesays.com\/fr\/146661\/"},"modified":"2025-06-02T15:11:08","modified_gmt":"2025-06-02T15:11:08","slug":"la-zfe-a-t-elle-ete-supprimee-a-rennes-ce-quil-faut-savoir","status":"publish","type":"post","link":"https:\/\/www.europesays.com\/fr\/146661\/","title":{"rendered":"La ZFE a-t-elle \u00e9t\u00e9 supprim\u00e9e \u00e0 Rennes\u00a0? Ce qu\u2019il faut savoir"},"content":{"rendered":"<p>Comme toutes les m\u00e9tropoles de plus de 150 000 habitants, Rennes a d\u00fb mettre en place une \u00ab zone \u00e0 faible \u00e9mission \u00bb, sur son territoire. Dans ce p\u00e9rim\u00e8tre, qui est circonscrit \u00e0 l\u2019intra rocade rennaise, les voitures thermiques les plus polluantes seront petit \u00e0 petit interdites.<\/p>\n<p>Pour l\u2019instant, et ce, depuis le 1er janvier 2025, les v\u00e9hicules essence et diesel immatricul\u00e9s avant le 31 d\u00e9cembre 1996, ne doivent plus circuler dans le centre-ville. Ce principe \u00e9tait \u00e0 peu pr\u00e8s clair jusqu\u2019\u00e0 ce que l\u2019Assembl\u00e9e revienne sur ces ZFE.<\/p>\n<p>Les d\u00e9put\u00e9s ont, en effet, approuv\u00e9, mercredi 28 mai,<a href=\"https:\/\/www.letelegramme.fr\/france\/vehicules-thermiques-lassemblee-approuve-la-suppression-des-zones-a-faibles-emission-6826565.php\" target=\"_blank\" rel=\"noopener\"> la suppression<\/a> des \u00ab zones \u00e0 faibles \u00e9missions \u00bb, en adoptant un article du projet plus large de loi dit de \u00ab simplification \u00bb.<\/p>\n<p>Alors va-t-on devoir revenir en arri\u00e8re \u00e0 Rennes ? Pour l\u2019instant rien n\u2019est fait. La suppression des zones \u00e0 faibles \u00e9missions a \u00e9t\u00e9 acquise en commission, ce qui ne permet pas au vote d\u2019\u00eatre consid\u00e9r\u00e9 comme d\u00e9finitif. Il faudra attendre le r\u00e9sultat du vote portant sur la loi dans son ensemble &#8211; pour laquelle plus de 600 amendements ont \u00e9t\u00e9 d\u00e9pos\u00e9s.<\/p>\n<p>Par ailleurs, l\u2019abandon du dispositif au plan national n\u2019emp\u00eachera pas les communes d\u2019agir selon leurs pouvoirs et comp\u00e9tences, pour mettre \u00e9ventuellement en place des solutions similaires. Mais les ZFE, dans leur philosophie m\u00eame, n\u2019ont jamais fait l\u2019unanimit\u00e9, un certain nombre d\u2019\u00e9lus locaux pointant les <a href=\"https:\/\/www.letelegramme.fr\/ille-et-vilaine\/rennes-35000\/je-nirai-plus-a-rennes-comment-la-future-zfe-est-percue-par-les-habitants-de-la-metropole-6668257.php#:~:text=Pour%20les%20lecteurs%20du%20T%C3%A9l%C3%A9gramme,loin%20de%20faire%20l&#039;unanimit%C3%A9.&amp;text=%C3%80%20partir%20du%201er%20janvier,l&#039;%C3%89tat%20aux%20grandes%20villes.\" target=\"_blank\" rel=\"noopener\">discriminations<\/a> qu\u2019elles entra\u00eenaient.<\/p>\n","protected":false},"excerpt":{"rendered":"Comme toutes les m\u00e9tropoles de plus de 150 000 habitants, Rennes a d\u00fb mettre en place une \u00ab&hellip;\n","protected":false},"author":2,"featured_media":146662,"comment_status":"","ping_status":"","sticky":false,"template":"","format":"standard","meta":{"footnotes":""},"categories":[2821],"tags":[1111,11,829,21017,1777,674,1011,27,12,584,25],"class_list":{"0":"post-146661","1":"post","2":"type-post","3":"status-publish","4":"format-standard","5":"has-post-thumbnail","7":"category-rennes","8":"tag-actu","9":"tag-actualites","10":"tag-bretagne","11":"tag-deplacements-a-rennes","12":"tag-eu","13":"tag-europe","14":"tag-fr","15":"tag-france","16":"tag-news","17":"tag-rennes","18":"tag-republique-francaise"},"share_on_mastodon":{"url":"https:\/\/pubeurope.com\/@fr\/114614415198942628","error":""},"_links":{"self":[{"href":"https:\/\/www.europesays.com\/fr\/wp-json\/wp\/v2\/posts\/146661","targetHints":{"allow":["GET"]}}],"collection":[{"href":"https:\/\/www.europesays.com\/fr\/wp-json\/wp\/v2\/posts"}],"about":[{"href":"https:\/\/www.europesays.com\/fr\/wp-json\/wp\/v2\/types\/post"}],"author":[{"embeddable":true,"href":"https:\/\/www.europesays.com\/fr\/wp-json\/wp\/v2\/users\/2"}],"replies":[{"embeddable":true,"href":"https:\/\/www.europesays.com\/fr\/wp-json\/wp\/v2\/comments?post=146661"}],"version-history":[{"count":0,"href":"https:\/\/www.europesays.com\/fr\/wp-json\/wp\/v2\/posts\/146661\/revisions"}],"wp:featuredmedia":[{"embeddable":true,"href":"https:\/\/www.europesays.com\/fr\/wp-json\/wp\/v2\/media\/146662"}],"wp:attachment":[{"href":"https:\/\/www.europesays.com\/fr\/wp-json\/wp\/v2\/media?parent=146661"}],"wp:term":[{"taxonomy":"category","embeddable":true,"href":"https:\/\/www.europesays.com\/fr\/wp-json\/wp\/v2\/categories?post=146661"},{"taxonomy":"post_tag","embeddable":true,"href":"https:\/\/www.europesays.com\/fr\/wp-json\/wp\/v2\/tags?post=146661"}],"curies":[{"name":"wp","href":"https:\/\/api.w.org\/{rel}","templated":true}]}}