{"id":146663,"date":"2025-06-02T15:12:21","date_gmt":"2025-06-02T15:12:21","guid":{"rendered":"https:\/\/www.europesays.com\/fr\/146663\/"},"modified":"2025-06-02T15:12:21","modified_gmt":"2025-06-02T15:12:21","slug":"a-rennes-deux-medecins-de-retour-de-gaza-lancent-une-petition","status":"publish","type":"post","link":"https:\/\/www.europesays.com\/fr\/146663\/","title":{"rendered":"\u00e0 Rennes, deux m\u00e9decins de retour de Gaza lancent une p\u00e9tition"},"content":{"rendered":"<p>            Par<br \/>\n        <strong><br \/>\n            <a href=\"https:\/\/actu.fr\/auteur\/laurene-fertin\" title=\"Consulter tous les articles de Laur\u00e8ne Fertin\" target=\"_blank\" rel=\"noopener\">Laur\u00e8ne Fertin<\/a><br \/>\n        <\/strong><\/p>\n<p>        Publi\u00e9 le<\/p>\n<p>            2 juin 2025 \u00e0 16h41        <\/p>\n<p>\u00ab\u2009Ils meurent de <strong>froid,<\/strong> de <strong>faim, d\u2019infections,<\/strong> de <strong>pathologies chroniques<\/strong> qui ne sont plus prises en charge et de <strong>blessures graves<\/strong> li\u00e9es aux bombardements.\u2009\u00bb<\/p>\n<p class=\" wall-content\">Dans une lettre ouverte \u00e0 la ministre du Travail, de la Sant\u00e9, des Solidarit\u00e9s et des Familles, <a href=\"https:\/\/actu.fr\/politique\/gouvernement-barnier-qui-est-catherine-vautrin-la-nouvelle-ministre-des-territoires_61630962.html\" target=\"_blank\" rel=\"noopener\">Catherine Vautrin<\/a>, <strong>deux m\u00e9decins rennais<\/strong> demandent au gouvernement fran\u00e7ais de rouvrir l\u2019acc\u00e8s \u00e0 Gaza \u00e0 l\u2019aide humanitaire.<\/p>\n<p>\u00ab\u2009Inadmissible\u2009\u00bb<\/p>\n<p class=\" wall-content\">\u00ab\u2009Madame la Ministre, nous nous permettons de rappeler qu\u2019apr\u00e8s un an et demi de guerre d\u2019une violence indescriptible (avec au minimum 50\u2009000 morts et 115\u2009000 bless\u00e9s), les civils gazaouis tentent de survivre dans des <strong>conditions inhumaines\u2009\u00bb,<\/strong> d\u00e9butent la docteure <strong>Catherine Le Scolan-Qu\u00e9r\u00e9<\/strong> et le docteur <strong>J\u00e9r\u00f4me Blanchot<\/strong>, chirurgien gyn\u00e9cologue-obst\u00e9tricien, co-pr\u00e9sident de section rennaise de la Ligue des Droits de l\u2019Homme (LDH).<\/p>\n<p class=\" wall-content\"><a href=\"https:\/\/actu.fr\/monde\/israel-annonce-suspendre-l-aide-humanitaire-a-gaza-le-hamas-accuse-l-etat-hebreu-de-crime-de-guerre_62318738.html\" target=\"_blank\" rel=\"noopener\">Alors qu\u2019Isra\u00ebl interdit l\u2019acc\u00e8s de la Bande de Gaza aux m\u00e9decins envoy\u00e9s par les ONG<\/a>, les deux m\u00e9decins rennais appuient leur propos\u2009:<\/p>\n<blockquote class=\"ac-article-quote wall-content\">\n<p>En effet, depuis plus d\u2019un mois, toutes les missions m\u00e9dicales sont refus\u00e9es par le COGAT (unit\u00e9 isra\u00e9lienne charg\u00e9e de la coordination et de la facilitation des initiatives humanitaires). <\/p>\n<p>    <strong>Catherine Le Scolan-Qu\u00e9r\u00e9 &amp; J\u00e9r\u00f4me Blanchot<\/strong>\n            <\/p><\/blockquote>\n<p class=\" wall-content\">\u00ab\u2009Le 6\u00a0mars 2025\u2009: 6 m\u00e9decins sur 7 de Palmed-France se voient refuser l\u2019acc\u00e8s \u00e0 Gaza. Il en est de m\u00eame pour tous les m\u00e9decins de M\u00e9decins sans fronti\u00e8res\u2009\u00bb, abondent les professionnels de sant\u00e9. Idem le 18\u00a0mars 2025, o\u00f9 tous les soignants de Rahma sont \u00e0 nouveau refus\u00e9s. Sans compter les <strong>bombardements des h\u00f4pitaux.<\/strong><\/p>\n<p>Vid\u00e9os : en ce moment sur Actu<\/p>\n<blockquote class=\"ac-article-quote wall-content\">\n<p>Il est inadmissible de bombarder des h\u00f4pitaux, quel qu\u2019en soit le motif et m\u00eame en temps de guerre.  Il est inadmissible de refuser l\u2019entr\u00e9e de toute forme d\u2019aide humanitaire vitale \u00e0 Gaza, m\u00eame en temps de guerre. <\/p>\n<p>    <strong>Catherine Le Scolan-Qu\u00e9r\u00e9 &amp; J\u00e9r\u00f4me Blanchot<\/strong>\n            <\/p><\/blockquote>\n<p>\u00ab\u2009Nous vous demandons d\u2019intervenir\u2009\u00bb<\/p>\n<p class=\" wall-content\">Les deux m\u00e9decins l\u2019affirment\u2009: \u00ab\u2009Sans \u00e9tiquette politique ni syndicale, nous vous demandons aujourd\u2019hui <strong>d\u2019intervenir aupr\u00e8s des autorit\u00e9s isra\u00e9liennes<\/strong> afin qu\u2019elles autorisent l\u2019acc\u00e8s sans condition \u00e0 Gaza de l\u2019ensemble des m\u00e9decins humanitaires internationaux\u2009\u00bb.<\/p>\n<p class=\" wall-content\">\u00c0 ce jour, lundi 2\u00a0juin 2025, <strong>16\u2009278 signatures<\/strong> ont \u00e9t\u00e9 recens\u00e9es pour la p\u00e9tition. Si vous souhaitez y contribuer, c\u2019est <a href=\"https:\/\/www.change.org\/p\/laisser-entrer-les-humanitaires-%C3%A0-gaza?recruiter=8277642&amp;recruited_by_id=56253a30-e45a-012f-afbe-404046835f95&amp;utm_source=share_petition&amp;utm_campaign=petition_dashboard&amp;utm_medium=copylink\" target=\"_blank\" rel=\"noopener\">ici<\/a>.<\/p>\n<p class=\" wall-content\">Suivez toute l\u2019actualit\u00e9 de vos villes et m\u00e9dias favoris en vous inscrivant \u00e0 <a href=\"https:\/\/moncompte.actu.fr\" title=\"D\u00e9couvez Mon Actu\" rel=\"nofollow noopener\" data-trk=\"{&quot;cta&quot;:{&quot;action&quot;:&quot;https:\\\/\\\/moncompte.actu.fr&quot;,&quot;category&quot;:&quot;mon compte&quot;,&quot;from&quot;:&quot;article footer&quot;,&quot;name&quot;:&quot;Mon actu&quot;,&quot;type&quot;:&quot;cta&quot;}}\" target=\"_blank\">Mon Actu<\/a>.<\/p>\n","protected":false},"excerpt":{"rendered":"Par Laur\u00e8ne Fertin Publi\u00e9 le 2 juin 2025 \u00e0 16h41 \u00ab\u2009Ils meurent de froid, de faim, d\u2019infections, de&hellip;\n","protected":false},"author":2,"featured_media":146664,"comment_status":"","ping_status":"","sticky":false,"template":"","format":"standard","meta":{"footnotes":""},"categories":[2821],"tags":[1111,11,829,1777,674,1011,27,665,10264,2673,12,584,25,104],"class_list":{"0":"post-146663","1":"post","2":"type-post","3":"status-publish","4":"format-standard","5":"has-post-thumbnail","7":"category-rennes","8":"tag-actu","9":"tag-actualites","10":"tag-bretagne","11":"tag-eu","12":"tag-europe","13":"tag-fr","14":"tag-france","15":"tag-gaza","16":"tag-humanitaire","17":"tag-medecins","18":"tag-news","19":"tag-rennes","20":"tag-republique-francaise","21":"tag-societe"},"share_on_mastodon":{"url":"https:\/\/pubeurope.com\/@fr\/114614419082457125","error":""},"_links":{"self":[{"href":"https:\/\/www.europesays.com\/fr\/wp-json\/wp\/v2\/posts\/146663","targetHints":{"allow":["GET"]}}],"collection":[{"href":"https:\/\/www.europesays.com\/fr\/wp-json\/wp\/v2\/posts"}],"about":[{"href":"https:\/\/www.europesays.com\/fr\/wp-json\/wp\/v2\/types\/post"}],"author":[{"embeddable":true,"href":"https:\/\/www.europesays.com\/fr\/wp-json\/wp\/v2\/users\/2"}],"replies":[{"embeddable":true,"href":"https:\/\/www.europesays.com\/fr\/wp-json\/wp\/v2\/comments?post=146663"}],"version-history":[{"count":0,"href":"https:\/\/www.europesays.com\/fr\/wp-json\/wp\/v2\/posts\/146663\/revisions"}],"wp:featuredmedia":[{"embeddable":true,"href":"https:\/\/www.europesays.com\/fr\/wp-json\/wp\/v2\/media\/146664"}],"wp:attachment":[{"href":"https:\/\/www.europesays.com\/fr\/wp-json\/wp\/v2\/media?parent=146663"}],"wp:term":[{"taxonomy":"category","embeddable":true,"href":"https:\/\/www.europesays.com\/fr\/wp-json\/wp\/v2\/categories?post=146663"},{"taxonomy":"post_tag","embeddable":true,"href":"https:\/\/www.europesays.com\/fr\/wp-json\/wp\/v2\/tags?post=146663"}],"curies":[{"name":"wp","href":"https:\/\/api.w.org\/{rel}","templated":true}]}}