{"id":146665,"date":"2025-06-02T15:13:16","date_gmt":"2025-06-02T15:13:16","guid":{"rendered":"https:\/\/www.europesays.com\/fr\/146665\/"},"modified":"2025-06-02T15:13:16","modified_gmt":"2025-06-02T15:13:16","slug":"bischheim-apres-trois-ans-de-travaux-le-college-du-ried-devient-officiellement-le-college-alice-daul","status":"publish","type":"post","link":"https:\/\/www.europesays.com\/fr\/146665\/","title":{"rendered":"Bischheim. Apr\u00e8s trois ans de travaux, le coll\u00e8ge du Ried devient officiellement le \u00ab\u00a0coll\u00e8ge Alice-Daul\u00a0\u00bb"},"content":{"rendered":"<p>\u00c0 Bischheim, en cette journ\u00e9e symbolique du 27\u00a0mai, date anniversaire de la premi\u00e8re r\u00e9union du conseil national de la R\u00e9sistance, tenue clandestinement \u00e0 Paris en 1943 avec le soutien de Jean Moulin, <a href=\"http:\/\/www.dna.fr\/p\/frederic-bierry\" target=\"_blank\" rel=\"noopener\">Fr\u00e9d\u00e9ric Bierry<\/a>, pr\u00e9sident de la Collectivit\u00e9 europ\u00e9enne d\u2019Alsace (CEA) et les services de l\u2019\u00c9tat, entour\u00e9s de membres de la famille d\u2019 <a href=\"https:\/\/www.dna.fr\/culture-loisirs\/2021\/10\/15\/resistantes-alice-daul-et-les-pur-sang\" target=\"_blank\" rel=\"noopener\">Alice Daul<\/a> , de l\u2019\u00e9quipe de ma\u00eetrise d\u2019\u0153uvre et d\u2019\u00e9l\u00e8ves, ont officiellement inaugur\u00e9 <a href=\"https:\/\/www.dna.fr\/sport\/2025\/05\/20\/renovation-thermique-hall-d-accueil-cinq-millions-d-euros-pour-transformer-le-gymnase-du-ried\" target=\"_blank\" rel=\"noopener\"> la fin des travaux de restructuration du coll\u00e8ge<\/a> et son nouveau nom, coll\u00e8ge Alice-Daul, en d\u00e9voilant une plaque comm\u00e9morative.<\/p>\n<p>Un vote pour le choix du nom de l\u2019\u00e9tablissement<\/p>\n<p>\u00c0 la rentr\u00e9e 2024, Anne Villet, principale du coll\u00e8ge, a sollicit\u00e9 les enseignants pour qu\u2019ils proposent des noms de personnalit\u00e9s qu\u2019ils&#8230;<\/p>\n","protected":false},"excerpt":{"rendered":"\u00c0 Bischheim, en cette journ\u00e9e symbolique du 27\u00a0mai, date anniversaire de la premi\u00e8re r\u00e9union du conseil national de&hellip;\n","protected":false},"author":2,"featured_media":146666,"comment_status":"","ping_status":"","sticky":false,"template":"","format":"standard","meta":{"footnotes":""},"categories":[2820],"tags":[1111,11,13205,3599,2880,1057,1777,674,107,1011,27,775,12,25,104,640,3265],"class_list":{"0":"post-146665","1":"post","2":"type-post","3":"status-publish","4":"format-standard","5":"has-post-thumbnail","7":"category-strasbourg","8":"tag-actu","9":"tag-actualites","10":"tag-bischheim","11":"tag-college-lycee","12":"tag-edition-strasbourg","13":"tag-education","14":"tag-eu","15":"tag-europe","16":"tag-fil-info","17":"tag-fr","18":"tag-france","19":"tag-grand-est","20":"tag-news","21":"tag-republique-francaise","22":"tag-societe","23":"tag-strasbourg","24":"tag-strasbourg-nord"},"share_on_mastodon":{"url":"https:\/\/pubeurope.com\/@fr\/114614422964163086","error":""},"_links":{"self":[{"href":"https:\/\/www.europesays.com\/fr\/wp-json\/wp\/v2\/posts\/146665","targetHints":{"allow":["GET"]}}],"collection":[{"href":"https:\/\/www.europesays.com\/fr\/wp-json\/wp\/v2\/posts"}],"about":[{"href":"https:\/\/www.europesays.com\/fr\/wp-json\/wp\/v2\/types\/post"}],"author":[{"embeddable":true,"href":"https:\/\/www.europesays.com\/fr\/wp-json\/wp\/v2\/users\/2"}],"replies":[{"embeddable":true,"href":"https:\/\/www.europesays.com\/fr\/wp-json\/wp\/v2\/comments?post=146665"}],"version-history":[{"count":0,"href":"https:\/\/www.europesays.com\/fr\/wp-json\/wp\/v2\/posts\/146665\/revisions"}],"wp:featuredmedia":[{"embeddable":true,"href":"https:\/\/www.europesays.com\/fr\/wp-json\/wp\/v2\/media\/146666"}],"wp:attachment":[{"href":"https:\/\/www.europesays.com\/fr\/wp-json\/wp\/v2\/media?parent=146665"}],"wp:term":[{"taxonomy":"category","embeddable":true,"href":"https:\/\/www.europesays.com\/fr\/wp-json\/wp\/v2\/categories?post=146665"},{"taxonomy":"post_tag","embeddable":true,"href":"https:\/\/www.europesays.com\/fr\/wp-json\/wp\/v2\/tags?post=146665"}],"curies":[{"name":"wp","href":"https:\/\/api.w.org\/{rel}","templated":true}]}}