{"id":146667,"date":"2025-06-02T15:14:09","date_gmt":"2025-06-02T15:14:09","guid":{"rendered":"https:\/\/www.europesays.com\/fr\/146667\/"},"modified":"2025-06-02T15:14:09","modified_gmt":"2025-06-02T15:14:09","slug":"strasbourg-un-detenu-retrouve-pendu-a-la-maison-darret","status":"publish","type":"post","link":"https:\/\/www.europesays.com\/fr\/146667\/","title":{"rendered":"Strasbourg. Un d\u00e9tenu retrouv\u00e9 pendu \u00e0 la maison d\u2019arr\u00eat"},"content":{"rendered":"<p>Un homme, \u00e2g\u00e9 de 26 ans, a \u00e9t\u00e9 retrouv\u00e9 pendu dans sa cellule \u00e0 la maison d\u2019arr\u00eat de Strasbourg samedi 31\u00a0mai en d\u00e9but de soir\u00e9e. Ce sont des surveillants p\u00e9nitentiaires qui l\u2019ont vu \u00e0 l\u2019\u0153illeton lors de la premi\u00e8re ronde du service de nuit. Son cod\u00e9tenu n\u2019avait rien remarqu\u00e9. La police a \u00e9t\u00e9 avis\u00e9e vers 20\u00a0h\u00a045.<\/p>\n<p>Le d\u00e9funt \u00e9tait en d\u00e9tention provisoire, en attente de jugement. Le parquet de Strasbourg a ouvert une enqu\u00eate afin d\u2019\u00e9claircir les circonstances de son d\u00e9c\u00e8s.<\/p>\n","protected":false},"excerpt":{"rendered":"Un homme, \u00e2g\u00e9 de 26 ans, a \u00e9t\u00e9 retrouv\u00e9 pendu dans sa cellule \u00e0 la maison d\u2019arr\u00eat de&hellip;\n","protected":false},"author":2,"featured_media":146668,"comment_status":"","ping_status":"","sticky":false,"template":"","format":"standard","meta":{"footnotes":""},"categories":[2820],"tags":[1111,11,2389,2649,2880,1777,674,274,107,1011,27,775,12,25,640,2879],"class_list":{"0":"post-146667","1":"post","2":"type-post","3":"status-publish","4":"format-standard","5":"has-post-thumbnail","7":"category-strasbourg","8":"tag-actu","9":"tag-actualites","10":"tag-alsace","11":"tag-bas-rhin","12":"tag-edition-strasbourg","13":"tag-eu","14":"tag-europe","15":"tag-faits-divers-justice","16":"tag-fil-info","17":"tag-fr","18":"tag-france","19":"tag-grand-est","20":"tag-news","21":"tag-republique-francaise","22":"tag-strasbourg","23":"tag-strasbourg-ville"},"share_on_mastodon":{"url":"https:\/\/pubeurope.com\/@fr\/114614426931052236","error":""},"_links":{"self":[{"href":"https:\/\/www.europesays.com\/fr\/wp-json\/wp\/v2\/posts\/146667","targetHints":{"allow":["GET"]}}],"collection":[{"href":"https:\/\/www.europesays.com\/fr\/wp-json\/wp\/v2\/posts"}],"about":[{"href":"https:\/\/www.europesays.com\/fr\/wp-json\/wp\/v2\/types\/post"}],"author":[{"embeddable":true,"href":"https:\/\/www.europesays.com\/fr\/wp-json\/wp\/v2\/users\/2"}],"replies":[{"embeddable":true,"href":"https:\/\/www.europesays.com\/fr\/wp-json\/wp\/v2\/comments?post=146667"}],"version-history":[{"count":0,"href":"https:\/\/www.europesays.com\/fr\/wp-json\/wp\/v2\/posts\/146667\/revisions"}],"wp:featuredmedia":[{"embeddable":true,"href":"https:\/\/www.europesays.com\/fr\/wp-json\/wp\/v2\/media\/146668"}],"wp:attachment":[{"href":"https:\/\/www.europesays.com\/fr\/wp-json\/wp\/v2\/media?parent=146667"}],"wp:term":[{"taxonomy":"category","embeddable":true,"href":"https:\/\/www.europesays.com\/fr\/wp-json\/wp\/v2\/categories?post=146667"},{"taxonomy":"post_tag","embeddable":true,"href":"https:\/\/www.europesays.com\/fr\/wp-json\/wp\/v2\/tags?post=146667"}],"curies":[{"name":"wp","href":"https:\/\/api.w.org\/{rel}","templated":true}]}}