{"id":146669,"date":"2025-06-02T15:15:11","date_gmt":"2025-06-02T15:15:11","guid":{"rendered":"https:\/\/www.europesays.com\/fr\/146669\/"},"modified":"2025-06-02T15:15:11","modified_gmt":"2025-06-02T15:15:11","slug":"le-president-argentin-javier-milei-sera-present-a-nice-pour-la-conference-des-nations-unies-sur-locean-le-president-bresilien-lula-aussi","status":"publish","type":"post","link":"https:\/\/www.europesays.com\/fr\/146669\/","title":{"rendered":"Le pr\u00e9sident argentin Javier Milei sera pr\u00e9sent \u00e0 Nice pour la Conf\u00e9rence des Nations Unies sur l\u2019Oc\u00e9an, le pr\u00e9sident br\u00e9silien Lula aussi"},"content":{"rendered":"<p>Lors d\u2019une conf\u00e9rence de presse consacr\u00e9e au dispositif \u00ab\u00a0hors norme\u00a0\u00bb de s\u00e9curisation de la conf\u00e9rence sur l\u2019Oc\u00e9an qui doit se tenir \u00e0 Nice du 9 au 13 juin, le pr\u00e9fet des Alpes-Maritimes a annonc\u00e9 que <strong>70 chefs d\u2019\u00c9tat ou de gouvernement avaient d\u00e9j\u00e0 confirm\u00e9 leur pr\u00e9sence. <\/strong><\/p>\n<p>Le maire de Nice a ajout\u00e9 que de \u00ab\u00a0nouvelles r\u00e9servations\u00a0\u00bb avaient \u00e9t\u00e9 enregistr\u00e9es ce lundi, \u00e0 moins d\u2019une semaine de l\u2019\u00e9v\u00e9nement.<\/p>\n<p>L&rsquo;Am\u00e9rique latine bien repr\u00e9sent\u00e9e<\/p>\n<p>Christian Estrosi a ainsi annonc\u00e9 la participation du \u00ab\u00a0pr\u00e9sident argentin\u00a0\u00bb. Le tr\u00e8s lib\u00e9ral Javier Milei, cet \u00e9conomiste qui a entam\u00e9 des coupes \u00ab\u00a0\u00e0 la tron\u00e7onneuse\u00a0\u00bb dans les d\u00e9penses publiques de son pays depuis son accession au pouvoir en 2023, est donc lui aussi attendu dans la capitale azur\u00e9enne.<\/p>\n<p>L\u2019Am\u00e9rique Latine sera d\u2019ailleurs particuli\u00e8rement bien repr\u00e9sent\u00e9e.<\/p>\n<p>Hormis le pr\u00e9sident costaricain co-organisateur de ce sommet, <strong>l\u2019une des \u00ab\u00a0stars\u00a0\u00bb annonc\u00e9es n\u2019est autre que le pr\u00e9sident br\u00e9silien Luiz In\u00e1cio Lula da Silva<\/strong>, pour sa part ancien ouvrier m\u00e9tallurgiste et figure historique du parti des travailleurs.<\/p>\n","protected":false},"excerpt":{"rendered":"Lors d\u2019une conf\u00e9rence de presse consacr\u00e9e au dispositif \u00ab\u00a0hors norme\u00a0\u00bb de s\u00e9curisation de la conf\u00e9rence sur l\u2019Oc\u00e9an qui&hellip;\n","protected":false},"author":2,"featured_media":146670,"comment_status":"","ping_status":"","sticky":false,"template":"","format":"standard","meta":{"footnotes":""},"categories":[2819],"tags":[1111,11,1129,1777,674,1011,27,12,2401,882,25],"class_list":{"0":"post-146669","1":"post","2":"type-post","3":"status-publish","4":"format-standard","5":"has-post-thumbnail","7":"category-nice","8":"tag-actu","9":"tag-actualites","10":"tag-climat","11":"tag-eu","12":"tag-europe","13":"tag-fr","14":"tag-france","15":"tag-news","16":"tag-nice","17":"tag-provence-alpes-cote-dazur","18":"tag-republique-francaise"},"share_on_mastodon":{"url":"https:\/\/pubeurope.com\/@fr\/114614430880957722","error":""},"_links":{"self":[{"href":"https:\/\/www.europesays.com\/fr\/wp-json\/wp\/v2\/posts\/146669","targetHints":{"allow":["GET"]}}],"collection":[{"href":"https:\/\/www.europesays.com\/fr\/wp-json\/wp\/v2\/posts"}],"about":[{"href":"https:\/\/www.europesays.com\/fr\/wp-json\/wp\/v2\/types\/post"}],"author":[{"embeddable":true,"href":"https:\/\/www.europesays.com\/fr\/wp-json\/wp\/v2\/users\/2"}],"replies":[{"embeddable":true,"href":"https:\/\/www.europesays.com\/fr\/wp-json\/wp\/v2\/comments?post=146669"}],"version-history":[{"count":0,"href":"https:\/\/www.europesays.com\/fr\/wp-json\/wp\/v2\/posts\/146669\/revisions"}],"wp:featuredmedia":[{"embeddable":true,"href":"https:\/\/www.europesays.com\/fr\/wp-json\/wp\/v2\/media\/146670"}],"wp:attachment":[{"href":"https:\/\/www.europesays.com\/fr\/wp-json\/wp\/v2\/media?parent=146669"}],"wp:term":[{"taxonomy":"category","embeddable":true,"href":"https:\/\/www.europesays.com\/fr\/wp-json\/wp\/v2\/categories?post=146669"},{"taxonomy":"post_tag","embeddable":true,"href":"https:\/\/www.europesays.com\/fr\/wp-json\/wp\/v2\/tags?post=146669"}],"curies":[{"name":"wp","href":"https:\/\/api.w.org\/{rel}","templated":true}]}}