{"id":146671,"date":"2025-06-02T15:16:09","date_gmt":"2025-06-02T15:16:09","guid":{"rendered":"https:\/\/www.europesays.com\/fr\/146671\/"},"modified":"2025-06-02T15:16:09","modified_gmt":"2025-06-02T15:16:09","slug":"a-nice-un-preambule-scientifique-avant-la-grande-conference-des-nations-unies-sur-locean","status":"publish","type":"post","link":"https:\/\/www.europesays.com\/fr\/146671\/","title":{"rendered":"\u00c0 Nice, un pr\u00e9ambule scientifique avant la grande conf\u00e9rence des Nations unies sur l\u2019oc\u00e9an"},"content":{"rendered":"<p><strong>D\u00c9CRYPTAGE &#8211; <\/strong>Avant l\u2019arriv\u00e9e des chefs d\u2019\u00c9tat le 8\u00a0juin au soir, plus de 2300 chercheurs du monde entier se r\u00e9unissent pour faire un bilan des mers et pr\u00e9coniser une s\u00e9rie d\u2019actions.<\/p>\n<p class=\"fig-paragraph\">Fonder les d\u00e9cisions politiques sur les connaissances scientifiques r\u00e9centes est devenu la r\u00e8gle des grandes r\u00e9unions internationales sur l\u2019environnement. Les fameuses COP (Conf\u00e9rences des parties ou des pays) sur les changements climatiques ont leur\u00a0<a href=\"https:\/\/www.lefigaro.fr\/sciences\/pyrenees-orientales-une-situation-coherente-avec-les-predictions-du-giec-sur-le-rechauffement-climatique-20240306\" target=\"_blank\" data-fig-type=\"Article\" rel=\"noopener\" data-gtm-custom-categorie=\"navigation\" data-gtm-custom-action=\"crossclick\" data-gtm-custom-label=\"Contextuel\" data-gtm-event=\"customEventSPE\" data-fig-domain=\"LEFIGARO\">Giec (Groupe d\u2019experts intergouvernemental sur l\u2019\u00e9volution du climat)<\/a>\u00a0qui publie r\u00e9guli\u00e8rement des rapports sur la sant\u00e9 de la plan\u00e8te. Celles sur la nature disposent de l\u2019Ipbes, la plateforme intergouvernementale scientifique et politique sur la biodiversit\u00e9 et les services \u00e9cosyst\u00e9miques.<\/p>\n<p class=\"fig-paragraph\">Mais pour les oc\u00e9ans, il n\u2019y avait rien. Dans ce but, il a \u00e9t\u00e9 d\u00e9cid\u00e9 de cr\u00e9er un congr\u00e8s scientifique international baptis\u00e9 One Ocean Science, du 3 au 6\u00a0juin, \u00e0 Nice en pr\u00e9ambule de l\u2019Unoc\u00a03, la troisi\u00e8me conf\u00e9rence des Nations unies sur l\u2019oc\u00e9an qui s\u2019y d\u00e9roulera du 9 au 13\u00a0juin. Le nom de ce sommet scientifique, coorganis\u00e9 par l\u2019Ifremer et le CNRS, porte l\u2019empreinte d\u2019<a href=\"http:\/\/www.lefigaro.fr\/conjoncture\/c-est-un-budget-combien-vaut-la-statue-d-emmanuel-macron-derobee-au-musee-grevin-20250602\" target=\"_blank\" data-fig-type=\"NewsFlash\" rel=\"noopener\" data-gtm-custom-categorie=\"navigation\" data-gtm-custom-action=\"crossclick\" data-gtm-custom-label=\"Contextuel\" data-gtm-event=\"customEventSPE\" data-fig-domain=\"LEFIGARO\">Emmanuel Macron<\/a>\u00a0qui avait initi\u00e9 le premier One Ocean Summit, \u00e0 Brest (Finist\u00e8re), en\u2026<\/p>\n<p class=\"fig-premium-paywall__infos\">\n        Cet article est r\u00e9serv\u00e9 aux abonn\u00e9s.        Il vous reste 85% \u00e0 d\u00e9couvrir.\n    <\/p>\n<p>                <img  data- alt=\"Le Figaro\" class=\"fig-img--complete fig-img\"\/><\/p>\n<p class=\"fig-premium-paywall__title\">Vente Flash<\/p>\n<p class=\"fig-premium-paywall__subtitle\">4,99\u20ac par mois pendant 12 mois. Sans engagement.<\/p>\n<p class=\"fig-premium-paywall__connect\">\n                D\u00e9j\u00e0 abonn\u00e9\u00a0?                <a class=\"fig-premium-paywall__connect-link\" href=\"https:\/\/connect.lefigaro.fr\/login?client=horizon_web&amp;type=main&amp;redirect_uri=https%3A%2F%2Fwww.lefigaro.fr%2Fsciences%2Fa-nice-un-preambule-scientifique-avant-la-grande-conference-des-nations-unies-sur-l-ocean-20250602\" data-js-gtm=\"{&quot;customCategorie&quot;: &quot;conversion&quot;, &quot;customAction&quot;: &quot;before_Landing_Connexion_paywall_auto&quot;, &quot;customLabel&quot;: &quot;bGVmaWdhcm8uZnJfXzFmMDNmMGY0LWZjYzQtNjdjMC1hYmE5LTc1ODIwODdhZTJhNF9fQXJ0aWNsZQ==_\u00c0 Nice, un pr\u00e9ambule scientifique avant la grande conf\u00e9rence des Nations unies sur l\u2019oc\u00e9an_458&quot;, &quot;customIDSPE&quot;: &quot;bGVmaWdhcm8uZnJfXzFmMDNmMGY0LWZjYzQtNjdjMC1hYmE5LTc1ODIwODdhZTJhNF9fQXJ0aWNsZQ==&quot;, &quot;event&quot;: &quot;customEventSPE&quot;}\" target=\"_blank\" rel=\"noopener\"><br \/>\n                    Connectez-vous<br \/>\n                <\/a>\n            <\/p>\n","protected":false},"excerpt":{"rendered":"D\u00c9CRYPTAGE &#8211; Avant l\u2019arriv\u00e9e des chefs d\u2019\u00c9tat le 8\u00a0juin au soir, plus de 2300 chercheurs du monde entier&hellip;\n","protected":false},"author":2,"featured_media":146672,"comment_status":"","ping_status":"","sticky":false,"template":"","format":"standard","meta":{"footnotes":""},"categories":[2819],"tags":[1111,47,49,11,48,51,1777,674,54,1011,27,12,2401,12687,52,882,25,41,50,53],"class_list":{"0":"post-146671","1":"post","2":"type-post","3":"status-publish","4":"format-standard","5":"has-post-thumbnail","7":"category-nice","8":"tag-actu","9":"tag-actualite","10":"tag-actualite-scientifique","11":"tag-actualites","12":"tag-astronomie","13":"tag-ecologie","14":"tag-eu","15":"tag-europe","16":"tag-faune-et-flore","17":"tag-fr","18":"tag-france","19":"tag-news","20":"tag-nice","21":"tag-oceans","22":"tag-planete","23":"tag-provence-alpes-cote-dazur","24":"tag-republique-francaise","25":"tag-sciences","26":"tag-sciences-humaines","27":"tag-zoologie"},"share_on_mastodon":{"url":"https:\/\/pubeurope.com\/@fr\/114614434899587270","error":""},"_links":{"self":[{"href":"https:\/\/www.europesays.com\/fr\/wp-json\/wp\/v2\/posts\/146671","targetHints":{"allow":["GET"]}}],"collection":[{"href":"https:\/\/www.europesays.com\/fr\/wp-json\/wp\/v2\/posts"}],"about":[{"href":"https:\/\/www.europesays.com\/fr\/wp-json\/wp\/v2\/types\/post"}],"author":[{"embeddable":true,"href":"https:\/\/www.europesays.com\/fr\/wp-json\/wp\/v2\/users\/2"}],"replies":[{"embeddable":true,"href":"https:\/\/www.europesays.com\/fr\/wp-json\/wp\/v2\/comments?post=146671"}],"version-history":[{"count":0,"href":"https:\/\/www.europesays.com\/fr\/wp-json\/wp\/v2\/posts\/146671\/revisions"}],"wp:featuredmedia":[{"embeddable":true,"href":"https:\/\/www.europesays.com\/fr\/wp-json\/wp\/v2\/media\/146672"}],"wp:attachment":[{"href":"https:\/\/www.europesays.com\/fr\/wp-json\/wp\/v2\/media?parent=146671"}],"wp:term":[{"taxonomy":"category","embeddable":true,"href":"https:\/\/www.europesays.com\/fr\/wp-json\/wp\/v2\/categories?post=146671"},{"taxonomy":"post_tag","embeddable":true,"href":"https:\/\/www.europesays.com\/fr\/wp-json\/wp\/v2\/tags?post=146671"}],"curies":[{"name":"wp","href":"https:\/\/api.w.org\/{rel}","templated":true}]}}