{"id":146673,"date":"2025-06-02T15:17:49","date_gmt":"2025-06-02T15:17:49","guid":{"rendered":"https:\/\/www.europesays.com\/fr\/146673\/"},"modified":"2025-06-02T15:17:49","modified_gmt":"2025-06-02T15:17:49","slug":"debord-de-loire-2025-parades-bateaux-horaires-village-tout-ce-quil-faut-savoir","status":"publish","type":"post","link":"https:\/\/www.europesays.com\/fr\/146673\/","title":{"rendered":"D\u00e9bord de Loire 2025. Parades, bateaux, horaires, village\u2026 Tout ce qu\u2019il faut savoir"},"content":{"rendered":"<p>Samedi 14\u00a0juin 2025, ce sera le clou du spectacle\u00a0: la grande parade nautique. Le d\u00e9part sera donn\u00e9 \u00e0 14\u00a0h\u00a040 du Pont de Saint-Nazaire pour une arriv\u00e9e en fanfare \u00e0 Nantes vers 20\u00a0h. Pr\u00e8s de 152\u00a0bateaux sont attendus, men\u00e9s par des unit\u00e9s d\u2019exception\u00a0: l\u2019ancien vapeur n\u00e9erlandais Hydrograaf, la fr\u00e9gate \u00c9toile du Roy, et le c\u00e9l\u00e8bre trois-m\u00e2ts Belem, de retour apr\u00e8s avoir port\u00e9 la flamme olympique. L\u2019Imoca Les P\u2019tits Doudous, La Recouvrance et l\u2019Andr\u00e9-Yvette se joindront \u00e0 ce cort\u00e8ge unique. Nombre de ces navires seront ouverts aux visites.<\/p>\n<p><a href=\"https:\/\/nantes.maville.com\/actu\/actudet_-debord-de-loire-2025.-le-belem-remontera-la-loire-en-compagnie-d-un-drakkar-viking-_8-6831929_actu.Htm\" target=\"_blank\" rel=\"nofollow noopener\"> <strong>LIRE AUSSI.<\/strong> D\u00e9bord de Loire 2025 : Le Belem remontera la Loire en compagnie d\u2019un drakkar viking<\/a><\/p>\n<p>F\u00eate populaire et r\u00e9flexions \u00e0 quai<\/p>\n<p>D\u00e8s le vendredi 13\u00a0juin \u00e0 Saint-Brevin-les-Pins et sur les quais nantais, puis tout au long du week-end dans les seize villes participantes, les rives de Loire vibreront. Au programme\u00a0: bals, ateliers d\u2019initiation \u00e0 la danse, spectacles et animations musicales. En parall\u00e8le, des conf\u00e9rences, tables rondes et expositions aborderont les routes maritimes, la d\u00e9carbonation et le retour du bois dans la construction navale.<\/p>\n<p>Au total, 165\u00a0rendez-vous artistiques, festifs et r\u00e9flexifs sont pr\u00e9vus, dont 70 \u00e0 Nantes, pour c\u00e9l\u00e9brer le fleuve et son territoire.<\/p>\n<\/p>\n<p> <a href=\"https:\/\/www.canva.com\/design\/DAGg0V91tzU\/9gkPv9XL5YPgqM2dDXMCQA\/view?utm_content=DAGg0V91tzU&amp;utm_campaign=designshare&amp;utm_medium=embeds&amp;utm_source=link\" target=\"_blank\" rel=\"noopener nofollow\">5<\/a> par Presse Oc\u00e9an<\/p>\n<p>Parmi les bateaux invit\u00e9s<\/p>\n<p>Le Belem\u00a0: trois-m\u00e2ts barque construit en 1896 \u00e0 Nantes &#8211; port d\u2019attache\u00a0: Nantes (F).<\/p>\n<p>?? Visites. Du 15 au 18\u00a0juin \u00e0 Nantes, ponton\u00a0Belem.<\/p>\n<p>L\u2019Hydrograaf\u00a0: bateau \u00e0 vapeur construit en 1910 aux Pays-Bas &#8211; port d\u2019attache\u00a0: Weesp (NL).<\/p>\n<p>?? Visites. Du 15 au 18\u00a0juin \u00e0\u00a0Nantes, ponton des chantiers.<\/p>\n<p>L\u2019\u00c9toile du Roy\u00a0: fr\u00e9gate construite en 1996 en Turquie &#8211; port d\u2019attache\u00a0: Saint-Malo (F).<\/p>\n<p>?? Visites.\u00a0Les 13 et 14\u00a0juin \u00e0 Paimb\u0153uf\u00a0; et les 15 et 16\u00a0juin \u00e0 Nantes, ponton\u00a0Belem.<\/p>\n<p>La Recouvrance\u00a0: R\u00e9plique d\u2019un aviso militaire du XIXe\u00a0si\u00e8cle construit \u00e0 Brest &#8211; port d\u2019attache\u00a0: Brest (F).<\/p>\n<p>?? Visites.\u00a0Les\u00a013 et 14\u00a0juin \u00e0 Cou\u00ebron\u00a0; et le 15\u00a0juin \u00e0 Nantes, ponton Belem.<\/p>\n<p>Andr\u00e9-Yvette\u00a0: gabare d\u2019Iroise construit en 1936 \u00e0 Camaret &#8211; port d\u2019attache\u00a0: Arradon (F).<\/p>\n<p>?? Visites. Du\u00a015 au 17\u00a0juin \u00e0 Nantes, ponton Belem.<\/p>\n<p>Saint-Michel II\u00a0: cotre de plaisance construit en 2011 \u00e0 Nantes\u00a0; port d\u2019attache\u00a0: Nantes (F).<\/p>\n<p>?? Visites. Dimanche 15\u00a0juin de 10\u00a0h \u00e0 18\u00a0h, \u00e0\u00a0Nantes, ponton Belem (gratuit).<\/p>\n<p>Le Mutin\u00a0: Dundee, navire \u00e9cole construit en 1926 aux Sables-d\u2019Olonne &#8211; port d\u2019attache\u00a0: Brest (F).<\/p>\n<p>?? Visites. Dimanche 15\u00a0juin de 10\u00a0h \u00e0 18\u00a0h, \u00e0 Nantes, ponton\u00a0Belem (gratuit).<\/p>\n<p>Grande parade nautique, samedi 14\u00a0juin<\/p>\n<p>14\u00a0h\u00a040 \u2013 Coup d\u2019envoi de la remont\u00e9e de la Loire, au pont de Saint-Nazaire<\/p>\n<p>15\u00a0h\u00a048 \u2013 Passage \u00e0 Paimb\u0153uf<\/p>\n<p>16\u00a0h\u00a022 \u2013 Passage \u00e0 Cordemais<\/p>\n<p>18\u00a0h\u00a022 \u2013 Regroupement des flottes fluviale et maritime au Pellerin<\/p>\n<p>18\u00a0h\u00a036 \u2013 Passage \u00e0 Cou\u00ebron<\/p>\n<p>19\u00a0h\u00a016 \u2013 Passage \u00e0 Haute-Indre<\/p>\n<p>19\u00a0h\u00a031 \u2013 Passage sous le Pont de Chevir\u00e9<\/p>\n<p>20\u00a0h \u2013 Passage devant Trentemoult, \u00e0 Rez\u00e9<\/p>\n<p>20\u00a0h\u00a010 \u2013 Arriv\u00e9e de la parade en fanfare au pont Anne-de-Bretagne, \u00e0 Nantes.<\/p>\n<\/p>\n<p>Parades fluviales, dimanche 15\u00a0juin<\/p>\n<p>? Bateaux traditionnels<\/p>\n<p>08\u00a0h \u2013 D\u00e9part des bateaux traditionnels de Nantes<\/p>\n<p>09\u00a0h\u00a015 \u2013 Passage devant Sainte-Luce-sur-Loire<\/p>\n<p>10\u00a0h\u00a015 \u2013 Passage du pont de Thouar\u00e9-sur-Loire<\/p>\n<p>11\u00a0h\u00a030 &#8211; 15\u00a0h\u00a030 \u2013 Escale \u00e0 Mauves-sur-Loire<\/p>\n<p>16\u00a0h \u2013 D\u00e9part vers Divatte-sur-Loire<\/p>\n<p>16\u00a0h\u00a045 \u2013 Arriv\u00e9e \u00e0 la Pierre Perc\u00e9e, \u00e0 Divatte-sur-Loire<\/p>\n<p>?? Bateaux motoris\u00e9s<\/p>\n<p>14\u00a0h\u00a030 \u2013 D\u00e9part des bateaux motoris\u00e9s de Nantes<\/p>\n<p>15\u00a0h\u00a030 \u2013 Passage devant Sainte-Luce-sur-Loire<\/p>\n<p>16\u00a0h \u2013 Passage du pont de Thouar\u00e9-sur-Loire<\/p>\n<p>16\u00a0h\u00a015 \u2013 Passage et demi-tour devant la Chebuette, Saint-Julien-de-Concelles<\/p>\n<p>16\u00a0h\u00a045 \u2013 Passage du pont de Thouar\u00e9-sur-Loire<\/p>\n<p>17\u00a0h\u00a015 \u2013 Passage devant Sainte-Luce-sur-Loire<\/p>\n<p>18\u00a0h\u00a015 \u2013 Arriv\u00e9e \u00e0 Nantes, bras de la Madeleine.<\/p>\n<p>?? LIRE AUSSI : <a href=\"https:\/\/nantes.maville.com\/actu\/actudet_-debord-de-loire.-parade-du-belem-et-de-150-bateaux-le-fleuve-et-ses-rives-en-fete-_8-6780027_actu.Htm\" target=\"_blank\" rel=\"nofollow noopener\">D\u00e9bord de Loire. Parade du Belem et de 150 bateaux : le fleuve et ses rives en f\u00eate<\/a> <\/p>\n<p>?? Animations fluviales<\/p>\n<p>15\u00a0h \u2013 Nantes, bras de la Madeleine\u00a0: D\u00e9monstration comment\u00e9e de navigation voile et voile-aviron par le Centre Nautique S\u00e8vre et Loire<\/p>\n<p>14\u00a0h\u00a030 \u2013 Divatte-sur-Loire\u00a0: D\u00e9monstration de p\u00eache au carrelet sur des plates et futreaux par l\u2019Association D\u00e9partementale des P\u00eacheurs Amateurs aux Engins et aux Filets.<\/p>\n<p>??? \u00c0 noter. Les horaires indiqu\u00e9s sont calcul\u00e9s selon la mar\u00e9e et sont susceptibles\u00a0d\u2019\u00e9voluer selon les conditions r\u00e9elles (mar\u00e9e, m\u00e9t\u00e9o, d\u00e9bit de la Loire, chenal\u00a0navigable, travaux). Il est recommand\u00e9 d\u2019arriver plus t\u00f4t que l\u2019horaire annonc\u00e9.<\/p>\n<p>Nantes\u00a0: le village<\/p>\n<p>D\u00e9bord de Loire anime le quai de la Fosse \u00e0 Nantes, <strong>du 13 au 15\u00a0juin 2025<\/strong>. EN rive nord de la Loire, \u00e0 proximit\u00e9 du tramway \u00ab\u00a0Gare Maritime\u00a0\u00bb, le village propose danse sous chapiteau, rencontres avec les exposants, jeux nautiques et restauration. Il est install\u00e9 dans un secteur en pleine mutation avec notamment, \u00e0 proximit\u00e9,<strong>\u00a0<a href=\"https:\/\/nantes.maville.com\/actu\/actudet_-le-plus-grand-pont-place-d-europe-se-dessine-a-nantes-_8-6822837_actu.Htm\" target=\"_blank\" rel=\"nofollow noopener\">le <\/a> <a href=\"https:\/\/nantes.maville.com\/actu\/actudet_-le-plus-grand-pont-place-d-europe-se-dessine-a-nantes-_8-6822837_actu.Htm\" target=\"_blank\" rel=\"nofollow noopener\"> <strong>chantier du pont Anne-de-Bretagne<\/strong> <\/a> <\/strong>.<\/p>\n<p>?? Le point info<\/p>\n<p>Ouvert d\u00e8s\u00a0le vendredi 13\u00a0juin et jusqu\u2019au mercredi 18\u00a0juin.<\/p>\n<p>?? <a href=\"https:\/\/www.deborddeloire.fr\/billetterie\/\" target=\"_blank\" rel=\"nofollow noopener\">La billetterie<\/a> <\/p>\n<p>Vendredi\u00a0: 17\u00a0h &#8211; 19\u00a0h\u00a030\u00a0;<\/p>\n<p>Samedi\u00a0: 16\u00a0h &#8211; 20\u00a0h\u00a0;<\/p>\n<p>Dimanche\u00a0: 9\u00a0h\u00a030 &#8211; 18\u00a0h\u00a0;<\/p>\n<p>Lundi\u00a0: 9\u00a0h\u00a030 &#8211; 18\u00a0h\u00a0;<\/p>\n<p>Mardi\u00a0: 9\u00a0h\u00a030 &#8211; 12\u00a0h et 14\u00a0h &#8211; 18\u00a0h\u00a0;<\/p>\n<p>Mercredi\u00a0: 9\u00a0h\u00a030 &#8211; 18\u00a0h.<\/p>\n<p>Stands exposants<\/p>\n<p>Vendredi\u00a0: 17\u00a0h &#8211; 22\u00a0h<\/p>\n<p>Samedi\u00a0: 14\u00a0h &#8211; 22\u00a0h<\/p>\n<p>Dimanche\u00a0: 10\u00a0h &#8211; 20\u00a0h<\/p>\n<p>Restaurations et bars<\/p>\n<p>Vendredi\u00a0: 17\u00a0h &#8211; 23\u00a0h<\/p>\n<p>Samedi\u00a0: 16\u00a0h &#8211; 22\u00a0h<\/p>\n<p>Dimanche\u00a0: 10\u00a0h &#8211; 20\u00a0h.<\/p>\n<p>??? \u00c0 noter. Tout le programme, les rencontres, d\u00e9bats, animations spectacles \u00e0 Nantes et dans les autres villes en suivant ce lien\u00a0: <a href=\"https:\/\/www.deborddeloire.fr\/edition-2025\/\" target=\"_blank\" rel=\"nofollow noopener\">D\u00e9bord de Loire \u2013 4e \u00e9dition, du 12 au 18\u00a0juin 2025<\/a> <\/p>\n<p>\u00a0<\/p>\n","protected":false},"excerpt":{"rendered":"Samedi 14\u00a0juin 2025, ce sera le clou du spectacle\u00a0: la grande parade nautique. Le d\u00e9part sera donn\u00e9 \u00e0&hellip;\n","protected":false},"author":2,"featured_media":146674,"comment_status":"","ping_status":"","sticky":false,"template":"","format":"standard","meta":{"footnotes":""},"categories":[2818],"tags":[17,1111,11,17879,17881,1777,674,8290,1011,27,10093,3367,766,12,27569,2636,9576,25,6689,6456,9693],"class_list":{"0":"post-146673","1":"post","2":"type-post","3":"status-publish","4":"format-standard","5":"has-post-thumbnail","7":"category-nantes","8":"tag-17","9":"tag-actu","10":"tag-actualites","11":"tag-bateaux","12":"tag-debord","13":"tag-eu","14":"tag-europe","15":"tag-faut","16":"tag-fr","17":"tag-france","18":"tag-horaires","19":"tag-loire","20":"tag-nantes","21":"tag-news","22":"tag-parades","23":"tag-pays-de-la-loire","24":"tag-qu","25":"tag-republique-francaise","26":"tag-roche","27":"tag-village","28":"tag-yon"},"share_on_mastodon":{"url":"https:\/\/pubeurope.com\/@fr\/114614442667621076","error":""},"_links":{"self":[{"href":"https:\/\/www.europesays.com\/fr\/wp-json\/wp\/v2\/posts\/146673","targetHints":{"allow":["GET"]}}],"collection":[{"href":"https:\/\/www.europesays.com\/fr\/wp-json\/wp\/v2\/posts"}],"about":[{"href":"https:\/\/www.europesays.com\/fr\/wp-json\/wp\/v2\/types\/post"}],"author":[{"embeddable":true,"href":"https:\/\/www.europesays.com\/fr\/wp-json\/wp\/v2\/users\/2"}],"replies":[{"embeddable":true,"href":"https:\/\/www.europesays.com\/fr\/wp-json\/wp\/v2\/comments?post=146673"}],"version-history":[{"count":0,"href":"https:\/\/www.europesays.com\/fr\/wp-json\/wp\/v2\/posts\/146673\/revisions"}],"wp:featuredmedia":[{"embeddable":true,"href":"https:\/\/www.europesays.com\/fr\/wp-json\/wp\/v2\/media\/146674"}],"wp:attachment":[{"href":"https:\/\/www.europesays.com\/fr\/wp-json\/wp\/v2\/media?parent=146673"}],"wp:term":[{"taxonomy":"category","embeddable":true,"href":"https:\/\/www.europesays.com\/fr\/wp-json\/wp\/v2\/categories?post=146673"},{"taxonomy":"post_tag","embeddable":true,"href":"https:\/\/www.europesays.com\/fr\/wp-json\/wp\/v2\/tags?post=146673"}],"curies":[{"name":"wp","href":"https:\/\/api.w.org\/{rel}","templated":true}]}}