{"id":146683,"date":"2025-06-02T15:22:10","date_gmt":"2025-06-02T15:22:10","guid":{"rendered":"https:\/\/www.europesays.com\/fr\/146683\/"},"modified":"2025-06-02T15:22:10","modified_gmt":"2025-06-02T15:22:10","slug":"toulouse-avec-larrivee-de-la-ligne-c-du-metro-cet-axe-tres-passant-du-centre-ville-change-de-visage","status":"publish","type":"post","link":"https:\/\/www.europesays.com\/fr\/146683\/","title":{"rendered":"Toulouse. Avec l&rsquo;arriv\u00e9e de la ligne C du m\u00e9tro, cet axe tr\u00e8s passant du centre-ville change de visage"},"content":{"rendered":"<p>            Par<br \/>\n        <strong><br \/>\n            <a href=\"https:\/\/actu.fr\/auteur\/lea-afonso\" title=\"Consulter tous les articles de L\u00e9a Afonso\" target=\"_blank\" rel=\"noopener\">L\u00e9a Afonso<\/a><br \/>\n        <\/strong><\/p>\n<p>        Publi\u00e9 le<\/p>\n<p>            2 juin 2025 \u00e0 17h04        <\/p>\n<p>En vue de l\u2019arriv\u00e9e de la<strong> <a href=\"https:\/\/actu.fr\/tag\/ligne-c-du-metro-de-toulouse\" target=\"_blank\" rel=\"noopener\">ligne C du m\u00e9tro<\/a> \u00e0 Toulouse<\/strong>, le <a href=\"https:\/\/actu.fr\/occitanie\/toulouse_31555\/nouvelle-etape-pour-la-ligne-c-du-metro-a-toulouse-la-station-bonnefoy-est-percee_62537693.html\" target=\"_blank\" rel=\"noopener\">quartier <strong>Bonnefoy<\/strong><\/a> se transforme et se tourne vers une <strong>v\u00e9g\u00e9talisation<\/strong>. Ce projet d\u2019am\u00e9nagement fait partie du<a href=\"https:\/\/actu.fr\/occitanie\/toulouse_31555\/toulouse-la-premiere-grosse-operation-de-ce-nouveau-quartier-inauguree-pres-de-1000-personnes-y-travaillent_62691554.html\" target=\"_blank\" rel=\"noopener\"> Grand Matabiau quais d\u2019Oc<\/a>, autour de la gare, qui verra le jour en 2030. En ce d\u00e9but juin\u00a02025, quelques nouveaut\u00e9s sont d\u00e9j\u00e0 \u00e0 noter. On fait le point.<\/p>\n<p>    <a href=\"https:\/\/www.google.com\/maps\/embed?pb=!1m18!1m12!1m3!1d5776.8754067477485!2d1.4514542005276472!3d43.6182481015918!2m3!1f0!2f0!3f0!3m2!1i1024!2i768!4f13.1!3m3!1m2!1s0x12aebcb08ab76ca1%3A0xf50bf3399299c2b6!2sBonnefoy%2C%20Toulouse!5e0!3m2!1sfr!2sfr!4v1748857402275!5m2!1sfr!2sfr\" title=\"Ouvrie le lien\" target=\"_blank\" rel=\"noopener\">Cliquez ici pour visualiser le contenu<\/a><\/p>\n<p>Peinture et v\u00e9g\u00e9talisation<br \/>\n    <img   decoding=\"async\" loading=\"lazy\" src=\"https:\/\/www.europesays.com\/fr\/wp-content\/uploads\/2025\/06\/bonnefoy-2-960x640.jpg\" alt=\"Une toute nouvelle v\u00e9g\u00e9talisation qui peut surprendre les habitants \" width=\"960\" height=\"640\"\/><br \/>\n    Une toute nouvelle v\u00e9g\u00e9talisation qui peut surprendre les habitants (\u00a9L\u00e9a Afonso \/ Actu Toulouse)<\/p>\n<p class=\" wall-content\">Les habitants l\u2019auront sans doute remarqu\u00e9, fin mai, des <strong>arbres<\/strong> ont pouss\u00e9 <strong>le long du Faubourg Bonnefoy<\/strong>\u2026 Une dizaine de bacs en bois, contenant des arbres \u2014 assez menus pour le moment \u2014, ou des v\u00e9g\u00e9taux, ont \u00e9t\u00e9 install\u00e9s dans un espace compris entre la <strong>rue des Cheminots et la rue d\u2019Armagnac<\/strong>. Ces bacs sont install\u00e9s sur la route ou bien sur les trottoirs.<\/p>\n<p class=\" wall-content\">R\u00e9alis\u00e9e par <strong>Europolia<\/strong>, cette v\u00e9g\u00e9talisation du Faubourg prolonge celle de<a href=\"https:\/\/actu.fr\/occitanie\/toulouse_31555\/voici-le-projet-definitif-pour-l-avenue-fantome-de-toulouse-la-metamorphose-se-concretise-debut-2025_62023164.html\" target=\"_blank\" rel=\"noopener\"> l\u2019avenue de Lyon<\/a> pour amorcer la future image du Grand Matabiau quais d\u2019Oc. Quelques peintures au sol, une connexion au syst\u00e8me d\u2019irrigation et une remise en \u00e9tat de l\u2019actuel syst\u00e8me ont aussi \u00e9t\u00e9 r\u00e9alis\u00e9es.<\/p>\n<p>Les travaux \u00e0 venir<br \/>\n    <img   decoding=\"async\" loading=\"lazy\" src=\"https:\/\/www.europesays.com\/fr\/wp-content\/uploads\/2025\/06\/img-2941-960x640.jpg\" alt=\"Les deux phases de la v\u00e9g\u00e9talisation du Faubourg Bonnefoy\" width=\"960\" height=\"640\"\/><br \/>\n    Les deux phases de la v\u00e9g\u00e9talisation du Faubourg Bonnefoy (\u00a9Europolia)<\/p>\n<p class=\" wall-content\">Outre les travaux du m\u00e9tro, qui ne prendront fin que dans trois ans, d\u2019autres am\u00e9nagements et v\u00e9g\u00e9talisation \u00e0 plus long terme sont pr\u00e9vus sur le haut du Faubourg. Ils se feront hors p\u00e9rim\u00e8tre du Grand Matabiau quais d\u2019Oc et seront donc r\u00e9alis\u00e9s par Toulouse M\u00e9tropole.<\/p>\n<p class=\" wall-content\">De <strong>mi-juillet \u00e0 fin juillet\u00a02025<\/strong>, une petite portion sera concern\u00e9e \u00e0 hauteur de<strong> l\u2019avenue Bellevue<\/strong> et de<strong> mi-octobre \u00e0 mi-novembre,<\/strong> ce sera entre la<strong> rue Dieu et la rue Lavoisier<\/strong>.<\/p>\n<p class=\" wall-content\">Concr\u00e8tement, des tron\u00e7ons de <strong>pistes cyclables<\/strong> seront momentan\u00e9ment <strong>ferm\u00e9s<\/strong> et un <strong>cheminement pi\u00e9ton provisoire<\/strong> sera balis\u00e9.<\/p>\n<p class=\" wall-content\">Suivez toute l\u2019actualit\u00e9 de vos villes et m\u00e9dias favoris en vous inscrivant \u00e0 <a href=\"https:\/\/moncompte.actu.fr\" title=\"D\u00e9couvez Mon Actu\" rel=\"nofollow noopener\" data-trk=\"{&quot;cta&quot;:{&quot;action&quot;:&quot;https:\\\/\\\/moncompte.actu.fr&quot;,&quot;category&quot;:&quot;mon compte&quot;,&quot;from&quot;:&quot;article footer&quot;,&quot;name&quot;:&quot;Mon actu&quot;,&quot;type&quot;:&quot;cta&quot;}}\" target=\"_blank\">Mon Actu<\/a>.<\/p>\n","protected":false},"excerpt":{"rendered":"Par L\u00e9a Afonso Publi\u00e9 le 2 juin 2025 \u00e0 17h04 En vue de l\u2019arriv\u00e9e de la ligne C&hellip;\n","protected":false},"author":2,"featured_media":146684,"comment_status":"","ping_status":"","sticky":false,"template":"","format":"standard","meta":{"footnotes":""},"categories":[2816],"tags":[1111,11,1777,674,1011,27,5224,12,2680,4798,25,104,2312,1352],"class_list":{"0":"post-146683","1":"post","2":"type-post","3":"status-publish","4":"format-standard","5":"has-post-thumbnail","7":"category-toulouse","8":"tag-actu","9":"tag-actualites","10":"tag-eu","11":"tag-europe","12":"tag-fr","13":"tag-france","14":"tag-ligne-c-du-metro-de-toulouse","15":"tag-news","16":"tag-occitanie","17":"tag-pistes-cyclables","18":"tag-republique-francaise","19":"tag-societe","20":"tag-toulouse","21":"tag-urbanisme"},"share_on_mastodon":{"url":"https:\/\/pubeurope.com\/@fr\/114614459353290991","error":""},"_links":{"self":[{"href":"https:\/\/www.europesays.com\/fr\/wp-json\/wp\/v2\/posts\/146683","targetHints":{"allow":["GET"]}}],"collection":[{"href":"https:\/\/www.europesays.com\/fr\/wp-json\/wp\/v2\/posts"}],"about":[{"href":"https:\/\/www.europesays.com\/fr\/wp-json\/wp\/v2\/types\/post"}],"author":[{"embeddable":true,"href":"https:\/\/www.europesays.com\/fr\/wp-json\/wp\/v2\/users\/2"}],"replies":[{"embeddable":true,"href":"https:\/\/www.europesays.com\/fr\/wp-json\/wp\/v2\/comments?post=146683"}],"version-history":[{"count":0,"href":"https:\/\/www.europesays.com\/fr\/wp-json\/wp\/v2\/posts\/146683\/revisions"}],"wp:featuredmedia":[{"embeddable":true,"href":"https:\/\/www.europesays.com\/fr\/wp-json\/wp\/v2\/media\/146684"}],"wp:attachment":[{"href":"https:\/\/www.europesays.com\/fr\/wp-json\/wp\/v2\/media?parent=146683"}],"wp:term":[{"taxonomy":"category","embeddable":true,"href":"https:\/\/www.europesays.com\/fr\/wp-json\/wp\/v2\/categories?post=146683"},{"taxonomy":"post_tag","embeddable":true,"href":"https:\/\/www.europesays.com\/fr\/wp-json\/wp\/v2\/tags?post=146683"}],"curies":[{"name":"wp","href":"https:\/\/api.w.org\/{rel}","templated":true}]}}