{"id":146689,"date":"2025-06-02T15:25:08","date_gmt":"2025-06-02T15:25:08","guid":{"rendered":"https:\/\/www.europesays.com\/fr\/146689\/"},"modified":"2025-06-02T15:25:08","modified_gmt":"2025-06-02T15:25:08","slug":"doit-on-craindre-un-ete-plus-que-difficile","status":"publish","type":"post","link":"https:\/\/www.europesays.com\/fr\/146689\/","title":{"rendered":"doit-on craindre un \u00e9t\u00e9 plus que difficile\u00a0?"},"content":{"rendered":"<p>            Par<br \/>\n        <strong><br \/>\n            <a href=\"https:\/\/actu.fr\/auteur\/thibault-nadal-actu-fr\" title=\"Consulter tous les articles de Thibault Nadal\" target=\"_blank\" rel=\"noopener\">Thibault Nadal<\/a><br \/>\n        <\/strong><\/p>\n<p>        Publi\u00e9 le<\/p>\n<p>            2 juin 2025 \u00e0 16h56        <\/p>\n<p>Deux <a href=\"https:\/\/actu.fr\/tag\/incendie\" target=\"_blank\" rel=\"noopener\">incendies<\/a> en moins de quatre jours. L\u2019un derri\u00e8re la r\u00e9sidence du Roy d\u2019Espagne (9e), l\u2019autre aux Goudes (8e). <strong>Plus de quatre hectares de v\u00e9g\u00e9tation et de terrain partis en fum\u00e9e<\/strong>, la semaine a \u00e9t\u00e9 rude pour <a href=\"https:\/\/actu.fr\/tag\/marin-pompier\" target=\"_blank\" rel=\"noopener\">les marins-pompiers<\/a> de <a href=\"https:\/\/actu.fr\/marseille\/\" target=\"_blank\" rel=\"noopener\">Marseille<\/a>. Pourtant, la saison des fortes chaleurs n\u2019a pas encore commenc\u00e9 dans la cit\u00e9 phoc\u00e9enne. <a href=\"https:\/\/actu.fr\/provence-alpes-cote-d-azur\/marseille_13055\/une-meteo-anormalement-chaude-a-marseille-des-records-de-temperature-en-vue-ce-qu-il-se-passe_62689917.html\" target=\"_blank\" rel=\"noopener\">Le mercure a seulement franchi la barre des 25\u00a0\u00b0C en fin de semaine derni\u00e8re<\/a>. Alors ces d\u00e9parts de feu soudains et puissants font-ils craindre un \u00e9t\u00e9 difficile sous le front des incendies\u2009?<\/p>\n<p>La pluie, \u00ab\u2009un facteur de risque\u2009\u00bb<\/p>\n<p class=\" wall-content\">Les derniers jours ont \u00e9t\u00e9 chauds sur Marseille avec des temp\u00e9ratures fr\u00f4lant les 30\u00a0\u00b0C lors du week-end de l\u2019Ascension. Mais avant cela, les Marseillais avaient d\u00fb s\u2019armer de patience, tant la m\u00e9t\u00e9o a \u00e9t\u00e9 capricieuse cette ann\u00e9e. Avec <strong>153 millim\u00e8tres de pluie<\/strong>, la ville de Marignane avait m\u00eame <a href=\"https:\/\/actu.fr\/provence-alpes-cote-d-azur\/marignane_13054\/meteo-cette-ville-pres-de-marseille-bat-un-record-historique-de-la-pluie-en-pagaille_62411724.html\" target=\"_blank\" rel=\"noopener\">battu son record de pluie pour un mois de mars<\/a> depuis l\u2019installation des relev\u00e9s en 1921.<\/p>\n<p class=\" wall-content\">\n<p class=\" wall-content\">Des pr\u00e9cipitations qui pourraient expliquer\u2026 les incendies de ces derniers jours. C\u2019est ce que nous affirme une source du bataillon des marins-pompiers de Marseille. <strong>\u00ab\u2009La situation est trompeuse\u2009\u00bb<\/strong>, nous indique-t-elle, rappelant que Marseille a subi un \u00ab\u2009des premiers semestres les plus pluvieux de (son) histoire et les sols se sont effectivement gorg\u00e9s d\u2019eau\u2009\u00bb.<\/p>\n<p class=\" wall-content\">\n<p class=\" wall-content\">En effet, <strong>la pluie serait \u00ab\u2009un facteur de risque\u2009\u00bb<\/strong>, notamment dans le parc National des Calanques. \u00ab\u2009Beaucoup de pluie n\u2019est pas synonyme d\u2019une saison calme pour nous\u2009\u00bb, confirme notre source.<\/p>\n<blockquote class=\"ac-article-quote wall-content\">\n<p>La v\u00e9g\u00e9tation est abondante, plus que d\u2019habitude et il suffit d\u00e9sormais d\u2019un coup de chaud pour la rendre tr\u00e8s inflammable.<\/p>\n<p>    <strong>Marins-pompiers de Marseille<\/strong>\n            <\/p><\/blockquote>\n<p>Un ultime exercice pr\u00e9vu \u00e0 Sormiou<\/p>\n<p class=\" wall-content\">\u00c0 l\u2019aube de la nouvelle saison estivale, les marins-pompiers vont effectuer ce jeudi 5\u00a0juin dans la matin\u00e9e <strong>un dernier gros exercice au niveau de la calanque de Sormiou<\/strong> pour pr\u00e9venir des risques de feux de for\u00eat.<\/p>\n<p class=\" wall-content\">\u00ab\u2009Il y aura pr\u00e8s de 200 marins-pompiers mobilis\u00e9s avec des avions bombardiers d\u2019eau et des simulations d\u2019\u00e9vacuation par voie maritime. On se pr\u00e9pare toujours au pire.\u2009\u00bb<\/p>\n<p>Les marins-pompiers font appel \u00ab\u2009\u00e0 la responsabilit\u00e9 de chacun\u2009\u00bb<\/p>\n<p class=\" wall-content\">Ils appellent aussi aupr\u00e8s d\u2019actu Marseille \u00ab\u2009\u00e0 la responsabilit\u00e9 de chacun\u2009\u00bb et rappellent qu\u2019il est <strong>interdit de faire des barbecues et de fumer<\/strong> aux abords des massifs.<\/p>\n<p class=\" wall-content\">Une interdiction r\u00e9guli\u00e8rement sur le site et les r\u00e9seaux sociaux des marins-pompiers et du parc national des Calanques.<\/p>\n<p class=\" wall-content\">\n<p class=\" wall-content\">Rien que le week-end dernier, les pompiers des Bouches-du-Rh\u00f4ne ont \u00e9crit deux messages de pr\u00e9vention contre la cigarette et les barbecues. \u00ab\u2009Un m\u00e9got jet\u00e9 par la fen\u00eatre de sa voiture, c\u2019est <strong>un feu de for\u00eat qui peut commencer en quelques secondes<\/strong>. En bord de route, en for\u00eat, cela est irr\u00e9versible.\u2009\u00bb<\/p>\n<p class=\" wall-content\"><strong>Avec Fabien Binacchi<\/strong><\/p>\n<p class=\" wall-content\">Suivez toute l\u2019actualit\u00e9 de vos villes et m\u00e9dias favoris en vous inscrivant \u00e0 <a href=\"https:\/\/moncompte.actu.fr\" title=\"D\u00e9couvez Mon Actu\" rel=\"nofollow noopener\" data-trk=\"{&quot;cta&quot;:{&quot;action&quot;:&quot;https:\\\/\\\/moncompte.actu.fr&quot;,&quot;category&quot;:&quot;mon compte&quot;,&quot;from&quot;:&quot;article footer&quot;,&quot;name&quot;:&quot;Mon actu&quot;,&quot;type&quot;:&quot;cta&quot;}}\" target=\"_blank\">Mon Actu<\/a>.<\/p>\n","protected":false},"excerpt":{"rendered":"Par Thibault Nadal Publi\u00e9 le 2 juin 2025 \u00e0 16h56 Deux incendies en moins de quatre jours. L\u2019un&hellip;\n","protected":false},"author":2,"featured_media":146690,"comment_status":"","ping_status":"","sticky":false,"template":"","format":"standard","meta":{"footnotes":""},"categories":[2814],"tags":[1111,11,1182,1777,674,27571,1011,27,1310,884,12,882,25,104],"class_list":{"0":"post-146689","1":"post","2":"type-post","3":"status-publish","4":"format-standard","5":"has-post-thumbnail","7":"category-marseille","8":"tag-actu","9":"tag-actualites","10":"tag-calanques","11":"tag-eu","12":"tag-europe","13":"tag-feux-de-foret","14":"tag-fr","15":"tag-france","16":"tag-incendie","17":"tag-marseille","18":"tag-news","19":"tag-provence-alpes-cote-dazur","20":"tag-republique-francaise","21":"tag-societe"},"share_on_mastodon":{"url":"https:\/\/pubeurope.com\/@fr\/114614470390894385","error":""},"_links":{"self":[{"href":"https:\/\/www.europesays.com\/fr\/wp-json\/wp\/v2\/posts\/146689","targetHints":{"allow":["GET"]}}],"collection":[{"href":"https:\/\/www.europesays.com\/fr\/wp-json\/wp\/v2\/posts"}],"about":[{"href":"https:\/\/www.europesays.com\/fr\/wp-json\/wp\/v2\/types\/post"}],"author":[{"embeddable":true,"href":"https:\/\/www.europesays.com\/fr\/wp-json\/wp\/v2\/users\/2"}],"replies":[{"embeddable":true,"href":"https:\/\/www.europesays.com\/fr\/wp-json\/wp\/v2\/comments?post=146689"}],"version-history":[{"count":0,"href":"https:\/\/www.europesays.com\/fr\/wp-json\/wp\/v2\/posts\/146689\/revisions"}],"wp:featuredmedia":[{"embeddable":true,"href":"https:\/\/www.europesays.com\/fr\/wp-json\/wp\/v2\/media\/146690"}],"wp:attachment":[{"href":"https:\/\/www.europesays.com\/fr\/wp-json\/wp\/v2\/media?parent=146689"}],"wp:term":[{"taxonomy":"category","embeddable":true,"href":"https:\/\/www.europesays.com\/fr\/wp-json\/wp\/v2\/categories?post=146689"},{"taxonomy":"post_tag","embeddable":true,"href":"https:\/\/www.europesays.com\/fr\/wp-json\/wp\/v2\/tags?post=146689"}],"curies":[{"name":"wp","href":"https:\/\/api.w.org\/{rel}","templated":true}]}}