{"id":146707,"date":"2025-06-02T15:34:12","date_gmt":"2025-06-02T15:34:12","guid":{"rendered":"https:\/\/www.europesays.com\/fr\/146707\/"},"modified":"2025-06-02T15:34:12","modified_gmt":"2025-06-02T15:34:12","slug":"apres-des-jets-de-peinture-sur-des-etablissements-juifs-a-paris-trois-suspects-interpelles","status":"publish","type":"post","link":"https:\/\/www.europesays.com\/fr\/146707\/","title":{"rendered":"Apr\u00e8s des jets de peinture sur des \u00e9tablissements juifs\u00a0\u00e0 Paris, trois suspects interpell\u00e9s"},"content":{"rendered":"<p>        <img decoding=\"async\" loading=\"lazy\" src=\"https:\/\/www.europesays.com\/fr\/wp-content\/uploads\/2025\/06\/8262883_sirius-fs-upload-1-evgmt4qv5j4b-1748875707800-000-48q83dg.jpg\"  width=\"728\" height=\"409\" alt=\"Cette photo montre de la peinture verte projet\u00e9e sur les murs de la synagogue Agoudas Hakehilos \u00e0 Paris, le 31\u00a0mai 2025. Trois ressortissants \u00e9trangers ont \u00e9t\u00e9 interpell\u00e9s ce lundi 2\u00a0juin.\"\/>  <\/p>\n<p>THIBAUD MORITZ \/ AFP<\/p>\n<p>Cette photo montre de la peinture verte projet\u00e9e sur les murs de la synagogue Agoudas Hakehilos \u00e0 Paris, le 31\u00a0mai 2025. Trois ressortissants \u00e9trangers ont \u00e9t\u00e9 interpell\u00e9s ce lundi 2\u00a0juin.<\/p>\n<p class=\"asset asset-text\">ANTISEMITISME &#8211; Trois ressortissants \u00e9trangers, soup\u00e7onn\u00e9s d\u2019avoir asperg\u00e9 de peinture verte sur le <a href=\"https:\/\/www.huffingtonpost.fr\/faits-divers\/article\/des-tags-anti-israel-releves-sur-la-fondation-pour-la-memoire-de-la-shoah-a-paris_250787.html\" rel=\"nofollow noopener\" target=\"_blank\">M\u00e9morial de la Shoah<\/a>, trois <a href=\"https:\/\/www.huffingtonpost.fr\/faits-divers\/article\/la-synagogue-de-rouen-recouverte-de-tags-antisemites-condamnation-absolue-de-bruno-retailleau_244456.html\" rel=\"nofollow noopener\" target=\"_blank\">synagogues <\/a>et un restaurant juif \u00e0 Paris dans la nuit de vendredi \u00e0 samedi, ont \u00e9t\u00e9 interpell\u00e9s ce lundi 2\u00a0juin, a appris l\u2019AFP aupr\u00e8s d\u2019une source proche de l\u2019enqu\u00eate.<\/p>\n<p class=\"asset asset-text\">Les tags ont \u00e9t\u00e9 d\u00e9couverts vers 5\u00a0h\u00a015 samedi. Les cam\u00e9ras de surveillance du M\u00e9morial et de deux des synagogues vis\u00e9es ont pu filmer pour les unes, un homme v\u00eatu de noir et pour l\u2019autre, deux hommes, l\u2019un aspergeant de peinture verte et l\u2019autre le filmant. L\u2019enqu\u00eate est conduite par la S\u00fbret\u00e9 territoriale pour \u00ab\u00a0d\u00e9gradations commises en raison de la religion\u00a0\u00bb. Le lieu des interpellations n\u2019a pas \u00e9t\u00e9 pr\u00e9cis\u00e9.<\/p>\n<p class=\"asset asset-text\">Mais, selon une source proche du dossier, les trois ressortissants \u00e9trangers \u00e9taient en train de quitter le pays au moment de leur arrestation.<\/p>\n<p>    Un parall\u00e8le avec les \u00ab\u00a0mains rouges\u00a0\u00bb \u00e0 Paris    <\/p>\n<p class=\"asset asset-text\">Aucun message ni revendication n\u2019a \u00e9t\u00e9 d\u00e9couvert sur les diff\u00e9rents lieux pris pour cible, ce qui rappelle les <a href=\"https:\/\/www.huffingtonpost.fr\/faits-divers\/article\/mur-des-justes-tague-la-russie-encore-pointee-du-doigt-par-les-enqueteurs_234258.html\" rel=\"nofollow noopener\" target=\"_blank\">\u00ab\u00a0mains rouges\u00a0\u00bb tagu\u00e9es sur le mur des Justes<\/a>, au M\u00e9morial de la Shoah, en mai\u00a02024.<\/p>\n<p class=\"asset asset-text\">Dans cette affaire, trois Bulgares, soup\u00e7onn\u00e9s de les avoir peintes, avaient \u00e9t\u00e9 <a href=\"https:\/\/www.huffingtonpost.fr\/faits-divers\/article\/mains-rouges-au-memorial-de-la-shoah-trois-ressortissants-bulgares-arretes_237489.html\" rel=\"nofollow noopener\" target=\"_blank\">mis en examen<\/a> et plac\u00e9s en d\u00e9tention provisoire en fin d\u2019ann\u00e9e derni\u00e8re.<\/p>\n<p class=\"asset asset-text\">Ces tags de \u00ab\u00a0mains rouges\u00a0\u00bb, symbole pouvant \u00eatre li\u00e9 au lynchage de soldats isra\u00e9liens \u00e0 Ramallah en 2000, ont \u00e9t\u00e9 analys\u00e9s par les services de s\u00e9curit\u00e9 comme une op\u00e9ration d\u2019ing\u00e9rence.<\/p>\n<p class=\"asset asset-text\">Les jets de peinture verte ont \u00e9t\u00e9 imm\u00e9diatement condamn\u00e9s par le ministre de l\u2019Int\u00e9rieur Bruno Retailleau, la maire de Paris Anne Hidalgo et l\u2019ensemble de la sph\u00e8re politique. Ils ont \u00e9galement provoqu\u00e9 la col\u00e8re d\u2019Isra\u00ebl.<\/p>\n","protected":false},"excerpt":{"rendered":"THIBAUD MORITZ \/ AFP Cette photo montre de la peinture verte projet\u00e9e sur les murs de la synagogue&hellip;\n","protected":false},"author":2,"featured_media":146708,"comment_status":"","ping_status":"","sticky":false,"template":"","format":"standard","meta":{"footnotes":""},"categories":[1888],"tags":[11,6155,1777,674,118,1011,27,12,626,25],"class_list":{"0":"post-146707","1":"post","2":"type-post","3":"status-publish","4":"format-standard","5":"has-post-thumbnail","7":"category-paris","8":"tag-actualites","9":"tag-antisemitisme","10":"tag-eu","11":"tag-europe","12":"tag-faits-divers","13":"tag-fr","14":"tag-france","15":"tag-news","16":"tag-paris","17":"tag-republique-francaise"},"share_on_mastodon":{"url":"https:\/\/pubeurope.com\/@fr\/114614505589877670","error":""},"_links":{"self":[{"href":"https:\/\/www.europesays.com\/fr\/wp-json\/wp\/v2\/posts\/146707","targetHints":{"allow":["GET"]}}],"collection":[{"href":"https:\/\/www.europesays.com\/fr\/wp-json\/wp\/v2\/posts"}],"about":[{"href":"https:\/\/www.europesays.com\/fr\/wp-json\/wp\/v2\/types\/post"}],"author":[{"embeddable":true,"href":"https:\/\/www.europesays.com\/fr\/wp-json\/wp\/v2\/users\/2"}],"replies":[{"embeddable":true,"href":"https:\/\/www.europesays.com\/fr\/wp-json\/wp\/v2\/comments?post=146707"}],"version-history":[{"count":0,"href":"https:\/\/www.europesays.com\/fr\/wp-json\/wp\/v2\/posts\/146707\/revisions"}],"wp:featuredmedia":[{"embeddable":true,"href":"https:\/\/www.europesays.com\/fr\/wp-json\/wp\/v2\/media\/146708"}],"wp:attachment":[{"href":"https:\/\/www.europesays.com\/fr\/wp-json\/wp\/v2\/media?parent=146707"}],"wp:term":[{"taxonomy":"category","embeddable":true,"href":"https:\/\/www.europesays.com\/fr\/wp-json\/wp\/v2\/categories?post=146707"},{"taxonomy":"post_tag","embeddable":true,"href":"https:\/\/www.europesays.com\/fr\/wp-json\/wp\/v2\/tags?post=146707"}],"curies":[{"name":"wp","href":"https:\/\/api.w.org\/{rel}","templated":true}]}}