{"id":146709,"date":"2025-06-02T15:35:18","date_gmt":"2025-06-02T15:35:18","guid":{"rendered":"https:\/\/www.europesays.com\/fr\/146709\/"},"modified":"2025-06-02T15:35:18","modified_gmt":"2025-06-02T15:35:18","slug":"musee-grevin-la-statue-de-cire-demmanuel-macron-derobee-et-installee-devant-lambassade-de-russie","status":"publish","type":"post","link":"https:\/\/www.europesays.com\/fr\/146709\/","title":{"rendered":"Mus\u00e9e Gr\u00e9vin : la statue de cire d&rsquo;Emmanuel Macron d\u00e9rob\u00e9e et install\u00e9e devant l&rsquo;ambassade de Russie"},"content":{"rendered":"<p class=\"article-p mdl\">Ce lundi 2 juin 2025, la statue de cire d&rsquo;Emmanuel Macron a \u00e9t\u00e9 d\u00e9rob\u00e9e au mus\u00e9e Gr\u00e9vin situ\u00e9 dans le IXe arrondissement de Paris par un homme se pr\u00e9sentant comme militant de <strong>Greenpeace<\/strong>, a-t-on appris aupr\u00e8s de la police.\u00a0<\/p>\n<p class=\"article-p mdl\">Les faits se sont d\u00e9roul\u00e9s vers 10h30. Selon une source polici\u00e8re, deux femmes et un homme, qui semblaient \u00eatre des touristes visitant <strong>le mus\u00e9e Gr\u00e9vin,<\/strong> se sont chang\u00e9s au cours de leur visite, se faisant ainsi passer pour des employ\u00e9s de l&rsquo;\u00e9tablissement.<\/p>\n<p class=\"article-p mdl\">Ils ont d\u00e9rob\u00e9\u00a0<a class=\"link\" href=\"https:\/\/www.rtl.fr\/actu\/politique\/statue-de-cire-de-macron-le-musee-grevin-va-la-retravailler-7793402782\" title=\"Statue de cire de Macron : le mus\u00e9e Gr\u00e9vin va la retravailler\" target=\"_blank\" rel=\"nofollow noopener\">la statue de cire repr\u00e9sentant le chef de l&rsquo;\u00c9tat,<\/a>\u00a0d&rsquo;une valeur d&rsquo;environ<strong> 40.000 euros. <\/strong>Ils ont ensuite quitt\u00e9 le mus\u00e9e en passant par une sortie de secours, dissimulant la statue avec une couverture. Puis, un homme se pr\u00e9sentant comme activiste de\u00a0<a class=\"link\" href=\"https:\/\/www.rtl.fr\/actu\/international\/greenpeace-denonce-une-emprise-russe-sur-le-nucleaire-francais-7900243762\" title=\"Greenpeace d\u00e9nonce une &quot;emprise russe&quot; sur le nucl\u00e9aire fran\u00e7ais\" target=\"_blank\" rel=\"nofollow noopener\">Greenpeace<\/a>\u00a0a contact\u00e9 le mus\u00e9e en d\u00e9clarant \u00eatre l&rsquo;auteur du vol<\/p>\n<p class=\"article-p mdl\">Quelques minutes plus tard,<strong> le double de cire d&rsquo;Emmanuel Macron<\/strong> est r\u00e9apparu, install\u00e9 devant l&rsquo;ambassade de Russie par des militants de<a class=\"link\" href=\"https:\/\/www.rtl.fr\/actu\/international\/50-ans-de-greenpeace-retour-sur-5-actions-marquantes-de-l-ong-7900072614\" target=\"_blank\" rel=\"nofollow noopener\"> l&rsquo;ONG Greenpeace<\/a>, en signe de <strong>protestation contre les liens \u00e9conomiques de la France avec la Russie<\/strong>. Une action a eu lieu pendant quelques minutes avant de prendre fin sans intervention polici\u00e8re.<\/p>\n<p class=\"article-p mdl\">\u00ab\u00a0Pour nous la France joue un double jeu\u00a0\u00bb et \u00ab\u00a0<a class=\"link\" href=\"https:\/\/www.rtl.fr\/actu\/international\/ukraine-macron-estime-que-la-russie-n-a-pas-envie-d-un-cessez-le-feu-et-reclame-une-pression-accrue-sur-moscou-7900505977\" target=\"_blank\" rel=\"nofollow noopener\">Emmanuel Macron<\/a>\u00a0incarne ce double discours\u00a0: il soutient l&rsquo;Ukraine, mais\u00a0encourage les entreprises fran\u00e7aises \u00e0 continuer \u00e0 faire commerce avec la Russie\u00a0\u00bb, a d\u00e9clar\u00e9 Jean-Fran\u00e7ois Julliard, directeur g\u00e9n\u00e9ral de Greenpeace France.<\/p>\n<p class=\"article-p mdl\">Greenpeace a pr\u00e9cis\u00e9 \u00e0 RTL que la statue de cire avait \u00e9t\u00e9 \u00ab\u00a0emprunt\u00e9e\u00a0\u00bb, laissant entendre qu&rsquo;un retour de l&rsquo;\u0153uvre au mus\u00e9e Gr\u00e9vin \u00e9tait possible. Selon les informations de RTL, le directeur du\u00a0mus\u00e9e Gr\u00e9vin\u00a0compte d\u00e9poser une plainte pour le vol de la statue de cire.<\/p>\n<p>    La r\u00e9daction vous recommande<\/p>\n<p class=\"s-newsletter__title\">\n                L\u2019actualit\u00e9 par la r\u00e9daction de RTL dans votre bo\u00eete mail.\n            <\/p>\n<p class=\"s-newsletter__subtitle\">\n                Gr\u00e2ce \u00e0 votre compte RTL abonnez-vous \u00e0 la newsletter RTL info pour suivre toute l&rsquo;actualit\u00e9 au quotidien\n            <\/p>\n<p>\n                                    Lire la suite\n                                <\/p>\n","protected":false},"excerpt":{"rendered":"Ce lundi 2 juin 2025, la statue de cire d&rsquo;Emmanuel Macron a \u00e9t\u00e9 d\u00e9rob\u00e9e au mus\u00e9e Gr\u00e9vin situ\u00e9&hellip;\n","protected":false},"author":2,"featured_media":146710,"comment_status":"","ping_status":"","sticky":false,"template":"","format":"standard","meta":{"footnotes":""},"categories":[1591],"tags":[11,1073,1887,107,22050,26049,12,1885,1886,132],"class_list":{"0":"post-146709","1":"post","2":"type-post","3":"status-publish","4":"format-standard","5":"has-post-thumbnail","7":"category-russie","8":"tag-actualites","9":"tag-emmanuel-macron","10":"tag-federation-de-russie","11":"tag-fil-info","12":"tag-greenpeace","13":"tag-musee-grevin","14":"tag-news","15":"tag-russia","16":"tag-russian-federation","17":"tag-russie"},"share_on_mastodon":{"url":"https:\/\/pubeurope.com\/@fr\/114614509431944430","error":""},"_links":{"self":[{"href":"https:\/\/www.europesays.com\/fr\/wp-json\/wp\/v2\/posts\/146709","targetHints":{"allow":["GET"]}}],"collection":[{"href":"https:\/\/www.europesays.com\/fr\/wp-json\/wp\/v2\/posts"}],"about":[{"href":"https:\/\/www.europesays.com\/fr\/wp-json\/wp\/v2\/types\/post"}],"author":[{"embeddable":true,"href":"https:\/\/www.europesays.com\/fr\/wp-json\/wp\/v2\/users\/2"}],"replies":[{"embeddable":true,"href":"https:\/\/www.europesays.com\/fr\/wp-json\/wp\/v2\/comments?post=146709"}],"version-history":[{"count":0,"href":"https:\/\/www.europesays.com\/fr\/wp-json\/wp\/v2\/posts\/146709\/revisions"}],"wp:featuredmedia":[{"embeddable":true,"href":"https:\/\/www.europesays.com\/fr\/wp-json\/wp\/v2\/media\/146710"}],"wp:attachment":[{"href":"https:\/\/www.europesays.com\/fr\/wp-json\/wp\/v2\/media?parent=146709"}],"wp:term":[{"taxonomy":"category","embeddable":true,"href":"https:\/\/www.europesays.com\/fr\/wp-json\/wp\/v2\/categories?post=146709"},{"taxonomy":"post_tag","embeddable":true,"href":"https:\/\/www.europesays.com\/fr\/wp-json\/wp\/v2\/tags?post=146709"}],"curies":[{"name":"wp","href":"https:\/\/api.w.org\/{rel}","templated":true}]}}