{"id":146711,"date":"2025-06-02T15:36:10","date_gmt":"2025-06-02T15:36:10","guid":{"rendered":"https:\/\/www.europesays.com\/fr\/146711\/"},"modified":"2025-06-02T15:36:10","modified_gmt":"2025-06-02T15:36:10","slug":"le-flanc-oriental-de-lotan-soutient-ladhesion-de-lukraine-declaration-finale-du-sommet-de-vilnius-02-06-2025-a-1627","status":"publish","type":"post","link":"https:\/\/www.europesays.com\/fr\/146711\/","title":{"rendered":"Le flanc oriental de l&rsquo;Otan soutient l&rsquo;adh\u00e9sion de l&rsquo;Ukraine-D\u00e9claration finale du sommet de Vilnius &#8211; 02\/06\/2025 \u00e0 16:27"},"content":{"rendered":"<p>\n Les pays nordiques, baltes<br \/>\net d&rsquo;Europe centrale membres de l&rsquo;Otan sont d\u00e9termin\u00e9s \u00e0 ce que<br \/>\nl&rsquo;Ukraine devienne membre de l&rsquo;alliance militaire, ont d\u00e9clar\u00e9<br \/>\nlundi les dirigeants de la Pologne, de la Roumanie et de la<br \/>\nLituanie \u00e0 l&rsquo;issue d&rsquo;un sommet des \u00ab\u00a0Neuf de Bucarest\u00a0\u00bb (B9) et<br \/>\ndes pays nordiques \u00e0 Vilnius.\n<\/p>\n<p>\n Les participants ont \u00e9galement appel\u00e9 \u00e0 renforcer la<br \/>\npression sur la Russie, y compris par des sanctions<br \/>\nsuppl\u00e9mentaires.\n<\/p>\n<p>\n \u00ab\u00a0Nous restons fermes sur la d\u00e9cision et l&rsquo;engagement des<br \/>\nAlli\u00e9s concernant la voie irr\u00e9versible de l&rsquo;Ukraine vers une<br \/>\npleine int\u00e9gration euro-atlantique, y compris l&rsquo;adh\u00e9sion \u00e0<br \/>\nl&rsquo;Otan. L&rsquo;Ukraine a le droit de choisir ses propres dispositions<br \/>\nen mati\u00e8re de s\u00e9curit\u00e9 et de d\u00e9cider de son avenir, sans<br \/>\ning\u00e9rence ext\u00e9rieure\u00a0\u00bb, soulignent-ils dans une d\u00e9claration<br \/>\ncommune adopt\u00e9e \u00e0 l&rsquo;issue du sommet, destin\u00e9 \u00e0 pr\u00e9parer le<br \/>\nsommet de l&rsquo;Otan des 24 et 25 juin \u00e0 La Haye.\n<\/p>\n<p>\n Les pays membres de l&rsquo;Otan ont marqu\u00e9 l&rsquo;an dernier leur<br \/>\nsoutien \u00e0 la \u00ab\u00a0voie irr\u00e9versible\u00a0\u00bb de l&rsquo;Ukraine vers l&rsquo;adh\u00e9sion<br \/>\nlors du sommet de Washington mais le pr\u00e9sident Donald Trump, au<br \/>\npouvoir depuis le 20 janvier, a depuis d\u00e9clar\u00e9 que le soutien<br \/>\ndes \u00c9tats-Unis \u00e0 la candidature de Kyiv n&rsquo;\u00e9tait plus d&rsquo;actualit\u00e9<br \/>\net que celle-ci \u00e9tait l&rsquo;une des causes de la guerre avec la<br \/>\nRussie.\n<\/p>\n<p>\n Au nombre des conditions pos\u00e9es par le pr\u00e9sident Vladimir<br \/>\nPoutine pour mettre fin \u00e0 la guerre en Ukraine, la Russie exige<br \/>\nque les dirigeants occidentaux s&rsquo;engagent par \u00e9crit \u00e0 cesser<br \/>\nd&rsquo;\u00e9largir l&rsquo;Otan vers l&rsquo;Est et \u00e0 lever une grande partie des<br \/>\nsanctions contre la Russie.\n<\/p>\n<p>\n La Bulgarie, la R\u00e9publique tch\u00e8que, l&rsquo;Estonie, la Hongrie,<br \/>\nla Lettonie, la Slovaquie, le Danemark, la Finlande, l&rsquo;Islande,<br \/>\nla Norv\u00e8ge et la Su\u00e8de ont particip\u00e9 au sommet de Vilnius.\n<\/p>\n<p>\n Le groupe des \u00ab\u00a0Neuf de Bucarest\u00a0\u00bb rassemble la Bulgarie,<br \/>\nl&rsquo;Estonie, la Hongrie, la Lettonie, la Lituanie, la Pologne, la<br \/>\nRoumanie, la R\u00e9publique tch\u00e8que et la Slovaquie.\n<\/p>\n<p>\n (Reportage Andrius Sytas, Mara V\u00eelcu pour la version fran\u00e7aise,<br \/>\n\u00e9dit\u00e9 par Sophie Louet)<\/p>\n","protected":false},"excerpt":{"rendered":"Les pays nordiques, baltes et d&rsquo;Europe centrale membres de l&rsquo;Otan sont d\u00e9termin\u00e9s \u00e0 ce que l&rsquo;Ukraine devienne membre&hellip;\n","protected":false},"author":2,"featured_media":2486,"comment_status":"","ping_status":"","sticky":false,"template":"","format":"standard","meta":{"footnotes":""},"categories":[1590],"tags":[400,11,398,408,405,1777,674,403,402,399,404,12,401,406,220,407],"class_list":{"0":"post-146711","1":"post","2":"type-post","3":"status-publish","4":"format-standard","5":"has-post-thumbnail","7":"category-ukraine","8":"tag-action-cac-40","9":"tag-actualites","10":"tag-bourse-de-paris","11":"tag-boursorama","12":"tag-cotations","13":"tag-eu","14":"tag-europe","15":"tag-indices-devises","16":"tag-investir","17":"tag-investissement","18":"tag-marche-boursier","19":"tag-news","20":"tag-sicav","21":"tag-trackers","22":"tag-ukraine","23":"tag-warrants"},"share_on_mastodon":{"url":"https:\/\/pubeurope.com\/@fr\/114614513497136909","error":""},"_links":{"self":[{"href":"https:\/\/www.europesays.com\/fr\/wp-json\/wp\/v2\/posts\/146711","targetHints":{"allow":["GET"]}}],"collection":[{"href":"https:\/\/www.europesays.com\/fr\/wp-json\/wp\/v2\/posts"}],"about":[{"href":"https:\/\/www.europesays.com\/fr\/wp-json\/wp\/v2\/types\/post"}],"author":[{"embeddable":true,"href":"https:\/\/www.europesays.com\/fr\/wp-json\/wp\/v2\/users\/2"}],"replies":[{"embeddable":true,"href":"https:\/\/www.europesays.com\/fr\/wp-json\/wp\/v2\/comments?post=146711"}],"version-history":[{"count":0,"href":"https:\/\/www.europesays.com\/fr\/wp-json\/wp\/v2\/posts\/146711\/revisions"}],"wp:featuredmedia":[{"embeddable":true,"href":"https:\/\/www.europesays.com\/fr\/wp-json\/wp\/v2\/media\/2486"}],"wp:attachment":[{"href":"https:\/\/www.europesays.com\/fr\/wp-json\/wp\/v2\/media?parent=146711"}],"wp:term":[{"taxonomy":"category","embeddable":true,"href":"https:\/\/www.europesays.com\/fr\/wp-json\/wp\/v2\/categories?post=146711"},{"taxonomy":"post_tag","embeddable":true,"href":"https:\/\/www.europesays.com\/fr\/wp-json\/wp\/v2\/tags?post=146711"}],"curies":[{"name":"wp","href":"https:\/\/api.w.org\/{rel}","templated":true}]}}