{"id":146716,"date":"2025-06-02T15:39:10","date_gmt":"2025-06-02T15:39:10","guid":{"rendered":"https:\/\/www.europesays.com\/fr\/146716\/"},"modified":"2025-06-02T15:39:10","modified_gmt":"2025-06-02T15:39:10","slug":"le-refoulement-des-demandeurs-dasile-a-la-frontiere-juge-illegal-par-un-tribunal","status":"publish","type":"post","link":"https:\/\/www.europesays.com\/fr\/146716\/","title":{"rendered":"le refoulement des demandeurs d&rsquo;asile \u00e0 la fronti\u00e8re jug\u00e9 ill\u00e9gal par un tribunal"},"content":{"rendered":"<p>Apr\u00e8s avoir \u00e9t\u00e9 saisi par trois Somaliens, le tribunal administratif de Berlin a conditionn\u00e9 le refoulement \u00e0 la d\u00e9finition pr\u00e9alable de \u00abl\u2019\u00c9tat-membre de l\u2019UE responsable de l\u2019examen de leur demande d\u2019asile\u00bb.<\/p>\n<p class=\"fig-paragraph\">D\u00e9cision de taille. Un tribunal allemand a jug\u00e9 lundi 2 juin 2025 \u00abill\u00e9gal\u00bb le refoulement aux fronti\u00e8res de\u00a0<a href=\"http:\/\/www.lefigaro.fr\/vox\/societe\/philippe-fontana-pour-le-conseil-constitutionnel-les-demandeurs-d-asile-meme-dangereux-n-ont-pas-a-etre-places-en-retention-20250529\" data-fig-type=\"Article\" data-gtm-custom-categorie=\"navigation\" data-gtm-custom-action=\"crossclick\" data-gtm-custom-label=\"Contextuel\" data-gtm-event=\"customEventSPE\" data-fig-domain=\"LEFIGARO\" target=\"_blank\" rel=\"noopener\">demandeurs d&rsquo;asile,<\/a>\u00a0mis en place par le gouvernement de\u00a0<a href=\"http:\/\/www.lefigaro.fr\/international\/guerre-en-ukraine-friedrich-merz-ouvre-un-nouveau-chapitre-du-soutien-militaire-europeen-a-kiev-20250526\" data-fig-type=\"Article\" data-gtm-custom-categorie=\"navigation\" data-gtm-custom-action=\"crossclick\" data-gtm-custom-label=\"Contextuel\" data-gtm-event=\"customEventSPE\" data-fig-domain=\"LEFIGARO\" target=\"_blank\" rel=\"noopener\">Friedrich Merz<\/a>\u00a0ayant fait de la r\u00e9duction de\u00a0<a href=\"http:\/\/www.lefigaro.fr\/international\/immigration-le-royaume-uni-divise-les-flux-par-deux-en-un-an-20250523\" data-fig-type=\"Article\" data-gtm-custom-categorie=\"navigation\" data-gtm-custom-action=\"crossclick\" data-gtm-custom-label=\"Contextuel\" data-gtm-event=\"customEventSPE\" data-fig-domain=\"LEFIGARO\" target=\"_blank\" rel=\"noopener\">l&rsquo;immigration\u00a0<\/a>une de ses priorit\u00e9s.<\/p>\n<p class=\"fig-paragraph\">\u00abLes personnes qui demandent l&rsquo;asile lors d&rsquo;un contr\u00f4le aux fronti\u00e8res sur le territoire allemand ne peuvent \u00eatre refoul\u00e9es sans que la proc\u00e9dure (europ\u00e9enne) de Dublin ait \u00e9t\u00e9 appliqu\u00e9e afin de d\u00e9terminer l&rsquo;\u00c9tat membre responsable de l&rsquo;examen de leur demande d&rsquo;asile\u00bb, a indiqu\u00e9 le tribunal administratif de\u00a0<a href=\"https:\/\/www.lefigaro.fr\/tag\/berlin\" target=\"_blank\" rel=\"noopener\" data-gtm-custom-categorie=\"navigation\" data-gtm-custom-action=\"crossclick\" data-gtm-custom-label=\"Contextuel\" data-gtm-event=\"customEventSPE\">Berlin<\/a>, apr\u00e8s avoir \u00e9t\u00e9 saisi par trois Somaliens. Ces derniers, deux hommes et une femme, \u00e9taient arriv\u00e9s en train depuis la\u00a0<a href=\"https:\/\/www.lefigaro.fr\/tag\/pologne\" target=\"_blank\" rel=\"noopener\" data-gtm-custom-categorie=\"navigation\" data-gtm-custom-action=\"crossclick\" data-gtm-custom-label=\"Contextuel\" data-gtm-event=\"customEventSPE\">Pologne<\/a>.<\/p>\n<p>La d\u00e9cision du tribunal est d\u00e9finitive<\/p>\n<p class=\"fig-paragraph\">Apr\u00e8s un contr\u00f4le douanier le 9 mai 2025 \u00e0 la gare de Francfort-sur-l\u2019Oder, ils ont \u00e9t\u00e9 renvoy\u00e9s en\u00a0<a href=\"http:\/\/www.lefigaro.fr\/international\/presidentielle-en-pologne-la-victoire-du-nationaliste-est-une-bonne-nouvelle-pour-marine-le-pen-20250602\" data-fig-type=\"NewsFlash\" data-gtm-custom-categorie=\"navigation\" data-gtm-custom-action=\"crossclick\" data-gtm-custom-label=\"Contextuel\" data-gtm-event=\"customEventSPE\" data-fig-domain=\"LEFIGARO\" target=\"_blank\" rel=\"noopener\">Pologne\u00a0<\/a>le jour m\u00eame, alors qu\u2019ils avaient demand\u00e9 l\u2019asile. Actuellement en Pologne, ils ont contest\u00e9 ce refoulement devant la justice allemande. \u00abLe refoulement des requ\u00e9rants est ill\u00e9gal\u00bb, a expliqu\u00e9 le tribunal.<\/p>\n<p class=\"fig-paragraph\">Comme les Somaliens avaient exprim\u00e9 une demande d\u2019asile, \u00abils devaient \u00eatre autoris\u00e9s \u00e0 franchir la fronti\u00e8re\u00bb et la proc\u00e9dure de Dublin, d\u00e9terminant quel pays \u00e9tait responsable de leur demande d\u2019asile, devait \u00eatre appliqu\u00e9e en Allemagne.<\/p>\n<p class=\"fig-paragraph\">L\u2019Allemagne ne peut pas \u00abinvoquer (&#8230;) une situation d\u2019urgence\u00bb, comme le fait le gouvernement, a poursuivi le tribunal, soulignant que la police \u00abn\u2019a pas suffisamment d\u00e9montr\u00e9 l\u2019existence d\u2019une menace pour la s\u00e9curit\u00e9 ou l\u2019ordre public\u00bb. \u00abLes d\u00e9cisions sont d\u00e9finitives\u00bb, a-t-il ajout\u00e9.<\/p>\n<p>Engagement \u00e9lectoral de Merz<\/p>\n<p class=\"fig-paragraph\">Le gouvernement de Merz avait annonc\u00e9 peu apr\u00e8s sa prise en fonction d\u00e9but mai le refoulement de la plupart des demandeurs d\u2019asile aux fronti\u00e8res et une augmentation cons\u00e9quente des contr\u00f4les, une mesure controvers\u00e9e et peu appr\u00e9ci\u00e9e par les pays voisins.<\/p>\n<p class=\"fig-paragraph\">Il s\u2019agissait d\u2019un engagement pris par les conservateurs du chancelier durant la campagne \u00e9lectorale des\u00a0<a href=\"http:\/\/www.lefigaro.fr\/international\/en-allemagne-la-fragile-victoire-du-conservateur-friedrich-merz-20250223\" data-fig-type=\"Article\" data-gtm-custom-categorie=\"navigation\" data-gtm-custom-action=\"crossclick\" data-gtm-custom-label=\"Contextuel\" data-gtm-event=\"customEventSPE\" data-fig-domain=\"LEFIGARO\" target=\"_blank\" rel=\"noopener\">l\u00e9gislatives\u00a0<\/a>du 23 f\u00e9vrier, domin\u00e9e par les questions migratoires, suite en particulier \u00e0 plusieurs attaques meurtri\u00e8res impliquant des \u00e9trangers ces derniers mois.<\/p>\n","protected":false},"excerpt":{"rendered":"Apr\u00e8s avoir \u00e9t\u00e9 saisi par trois Somaliens, le tribunal administratif de Berlin a conditionn\u00e9 le refoulement \u00e0 la&hellip;\n","protected":false},"author":2,"featured_media":146717,"comment_status":"","ping_status":"","sticky":false,"template":"","format":"standard","meta":{"footnotes":""},"categories":[1587],"tags":[259,11,260,672,1804,1805,10418,1803,1777,674,1801,1061,14,303,261,12,262,1802],"class_list":{"0":"post-146716","1":"post","2":"type-post","3":"status-publish","4":"format-standard","5":"has-post-thumbnail","7":"category-allemagne","8":"tag-actualite-internationale","9":"tag-actualites","10":"tag-affaires-etrangeres","11":"tag-allemagne","12":"tag-bundesrepublik-deutschland","13":"tag-de","14":"tag-demande-dasile","15":"tag-deutschland","16":"tag-eu","17":"tag-europe","18":"tag-germany","19":"tag-immigration","20":"tag-international","21":"tag-justice","22":"tag-ministere-des-affaires-etrangeres","23":"tag-news","24":"tag-politique-etrangere","25":"tag-republique-federale-dallemagne"},"share_on_mastodon":{"url":"https:\/\/pubeurope.com\/@fr\/114614525248669309","error":""},"_links":{"self":[{"href":"https:\/\/www.europesays.com\/fr\/wp-json\/wp\/v2\/posts\/146716","targetHints":{"allow":["GET"]}}],"collection":[{"href":"https:\/\/www.europesays.com\/fr\/wp-json\/wp\/v2\/posts"}],"about":[{"href":"https:\/\/www.europesays.com\/fr\/wp-json\/wp\/v2\/types\/post"}],"author":[{"embeddable":true,"href":"https:\/\/www.europesays.com\/fr\/wp-json\/wp\/v2\/users\/2"}],"replies":[{"embeddable":true,"href":"https:\/\/www.europesays.com\/fr\/wp-json\/wp\/v2\/comments?post=146716"}],"version-history":[{"count":0,"href":"https:\/\/www.europesays.com\/fr\/wp-json\/wp\/v2\/posts\/146716\/revisions"}],"wp:featuredmedia":[{"embeddable":true,"href":"https:\/\/www.europesays.com\/fr\/wp-json\/wp\/v2\/media\/146717"}],"wp:attachment":[{"href":"https:\/\/www.europesays.com\/fr\/wp-json\/wp\/v2\/media?parent=146716"}],"wp:term":[{"taxonomy":"category","embeddable":true,"href":"https:\/\/www.europesays.com\/fr\/wp-json\/wp\/v2\/categories?post=146716"},{"taxonomy":"post_tag","embeddable":true,"href":"https:\/\/www.europesays.com\/fr\/wp-json\/wp\/v2\/tags?post=146716"}],"curies":[{"name":"wp","href":"https:\/\/api.w.org\/{rel}","templated":true}]}}