{"id":146718,"date":"2025-06-02T15:40:16","date_gmt":"2025-06-02T15:40:16","guid":{"rendered":"https:\/\/www.europesays.com\/fr\/146718\/"},"modified":"2025-06-02T15:40:16","modified_gmt":"2025-06-02T15:40:16","slug":"le-psg-est-un-grand-deurope","status":"publish","type":"post","link":"https:\/\/www.europesays.com\/fr\/146718\/","title":{"rendered":"Le PSG est un grand d\u2019Europe !"},"content":{"rendered":"<p>Invit\u00e9 \u00e0 Munich samedi et \u00e0 l\u2019\u00c9lys\u00e9e dimanche, <a target=\"_self\" href=\"https:\/\/www.lanouvellerepublique.fr\/chateauroux\/dans-l-emission-qui-veut-gagner-des-millions-michel-denisot-remporte-36-000-pour-l-adapei-36-1748183271\" rel=\"noopener\">Michel Denisot<\/a> est rest\u00e9\u2026 chez lui, \u00e0 Paris, car en convalescence apr\u00e8s une l\u00e9g\u00e8re intervention. Cela n\u2019a pas emp\u00each\u00e9 l\u2019ancien pr\u00e9sident du Paris SG de s\u2019enthousiasmer devant \u00ab\u00a0la performance extraordinaire des Parisiens\u00a0\u00bb et \u00ab\u00a0d\u2019envoyer des dizaines de messages de f\u00e9licitation aux uns et aux autres. C\u2019est une \u00e9norme \u00e9tape franchie par le club. On peut dire aujourd\u2019hui que le PSG est un grand d\u2019Europe. Pour le pr\u00e9tendre, il faut avoir gagn\u00e9 cette Ligue des champions\u00a0\u00bb.<\/p>\n<p><a target=\"_self\" href=\"https:\/\/www.lanouvellerepublique.fr\/indre-et-loire\/tours-metropole\/indre-et-loire-michel-denisot-une-vie-de-journalisme-et-de-sport\" rel=\"noopener\">Michel Denisot<\/a> ne cache pas son \u00ab\u00a0admiration pour le jeu pratiqu\u00e9 par les nouveaux champions d\u2019Europe. Ils jouent en bloc, cela n\u2019a rien de nouveau, sauf que ce bloc est d\u2019une mobilit\u00e9 impressionnante. Tout le monde d\u00e9fend, tout le monde attaque, la preuve c\u2019est Hakimi qui marque le premier but et Demb\u00e9l\u00e9 a exerc\u00e9 pendant toute la rencontre un pressing incessant\u00a0\u00bb.<\/p>\n<p>\u00ab\u00a0Le PSG a mis\u00e9 sur une nouvelle star\u00a0: le collectif\u00a0\u00bb<\/p>\n<p>Le football est ainsi fait\u00a0: \u00ab\u00a0On croit avoir tout vu et gr\u00e2ce au travail d\u2019un coach, on red\u00e9couvre ce sport. Cela n\u2019a plus rien \u00e0 voir avec le foot d\u2019il y a 25\u00a0ans. On s\u2019en rend moins compte devant sa t\u00e9l\u00e9 mais le jeu du PSG va une vitesse hallucinante. Luis Enrique a quand m\u00eame r\u00e9ussi \u00e0 imposer une \u00e9quipe sans v\u00e9ritable avant-centre et qui parvient malgr\u00e9 tout \u00e0 inscrire cinq buts en finale de la Ligue des champions\u2026\u00a0\u00bb<\/p>\n<p><img alt=\"Michel Denisot : \u00ab Le jeu pratiqu\u00e9 par le PSG n'a rien \u00e0 voir avec le football d'il y a 25 ans.\" loading=\"lazy\" width=\"980\" height=\"573\" decoding=\"async\" data-nimg=\"1\" class=\"img-responsive spinner-show\" style=\"color:transparent;background-size:cover;background-position:50% 50%;background-repeat:no-repeat;background-image:url(&quot;data:image\/svg+xml;charset=utf-8,%3Csvg xmlns='http:\/\/www.w3.org\/2000\/svg' viewBox='0 0 980 573'%3E%3Cfilter id='b' color-interpolation-filters='sRGB'%3E%3CfeGaussianBlur stdDeviation='20'\/%3E%3CfeColorMatrix values='1 0 0 0 0 0 1 0 0 0 0 0 1 0 0 0 0 0 100 -1' result='s'\/%3E%3CfeFlood x='0' y='0' width='100%25' height='100%25'\/%3E%3CfeComposite operator='out' in='s'\/%3E%3CfeComposite in2='SourceGraphic'\/%3E%3CfeGaussianBlur stdDeviation='20'\/%3E%3C\/filter%3E%3Cimage width='100%25' height='100%25' x='0' y='0' preserveAspectRatio='none' style='filter: url(%23b);' href='https:\/\/images.lanouvellerepublique.fr\/image\/upload\/t_88w\/f_auto\/683db9e577e76983438b45ce.jpg'\/%3E%3C\/svg%3E&quot;)\"   src=\"https:\/\/www.europesays.com\/fr\/wp-content\/uploads\/2025\/06\/683db9e577e76983438b45ce.jpg\"\/><\/p>\n<p style=\"background-color:#F2F2F2;padding:5px;margin-top:0px;margin-bottom:10px\">Michel Denisot : \u00ab Le jeu pratiqu\u00e9 par le PSG n&rsquo;a rien \u00e0 voir avec le football d&rsquo;il y a 25 ans.<br \/> \u00a9 (Archives NR, Thierry Roulliaud)<\/p>\n<p>L\u2019hommage au technicien espagnol se veut appuy\u00e9\u00a0: \u00ab\u00a0Le PSG a connu beaucoup de grands entra\u00eeneurs, qui ont appliqu\u00e9 diff\u00e9rentes m\u00e9thodes, mais aucun n\u2019a r\u00e9ussi ce qu\u2019a fait Luis Enrique, c\u2019est donc lui qui a raison. Quand j\u2019\u00e9tais pr\u00e9sident, le PSG l\u2019a affront\u00e9 deux fois, une premi\u00e8re avec le Real, une seconde avec Barcelone. Il avait d\u00e9j\u00e0 le profil d\u2019un joueur qui r\u00e9fl\u00e9chit beaucoup \u00e0 ce qu\u2019il fait. Apr\u00e8s avoir install\u00e9 c\u00f4te \u00e0 c\u00f4te les trois meilleurs joueurs du monde (Mbapp\u00e9, Messi, Neymar), le PSG a mis\u00e9 sur une nouvelle star\u00a0: le collectif. C\u2019est gr\u00e2ce \u00e0 une belle collaboration entre Enrique et Campos, le \u00ab\u00a0Luis Store\u00a0\u00bb, et c\u2019est riche en enseignements pour tous les entra\u00eeneurs du monde. Luis Enrique a pris de gros risques en d\u00e9but de saison, en se mettant \u00e0 dos une partie du public et des m\u00e9dias, au final tout le monde vante ses qualit\u00e9s\u2026\u00a0\u00bb<\/p>\n<p>R\u00e9jouissante \u00e9galement, \u00ab\u00a0la jeunesse de l\u2019effectif parisien. On peut temp\u00e9rer en rappelant que le Real a d\u00e9j\u00e0 gagn\u00e9 15 fois le troph\u00e9e, mais on peut aussi envisager que le PSG r\u00e9ussisse une s\u00e9rie sur plusieurs ann\u00e9es\u00a0\u00bb. Petite pique sympathique envers les Marseillais\u00a0: \u00ab\u00a0On peut dire d\u00e9sormais que le PSG est le seul club fran\u00e7ais \u00e0 avoir remport\u00e9 deux Coupes d\u2019Europe (1), dont la Ligue des champions\u2026\u00a0\u00bb Une rivalit\u00e9 proven\u00e7o-parisienne qui a fait les d\u00e9lices des journaux ce week-end\u00a0: \u00ab\u00a0\u00c0 jamais les deuxi\u00e8mes\u00a0!\u00a0\u00bb pour La Provence, \u00ab\u00a0\u00c0 jamais les meilleurs\u00a0!\u00a0\u00bb pour Le Parisien.<\/p>\n<p>(1) En 1996, le PSG a battu le Rapid Vienne (1) en finale de la Coupe des Coupes, comp\u00e9tition qui n\u2019existe plus aujourd\u2019hui.<\/p>\n","protected":false},"excerpt":{"rendered":"Invit\u00e9 \u00e0 Munich samedi et \u00e0 l\u2019\u00c9lys\u00e9e dimanche, Michel Denisot est rest\u00e9\u2026 chez lui, \u00e0 Paris, car en&hellip;\n","protected":false},"author":2,"featured_media":146719,"comment_status":"","ping_status":"","sticky":false,"template":"","format":"standard","meta":{"footnotes":""},"categories":[1586],"tags":[328,1392,11,4351,1777,674,63,1011,27,5052,19880,447,12,25,60],"class_list":{"0":"post-146718","1":"post","2":"type-post","3":"status-publish","4":"format-standard","5":"has-post-thumbnail","7":"category-europe","8":"tag-a-la-une","9":"tag-a-la-une-local","10":"tag-actualites","11":"tag-chateauroux","12":"tag-eu","13":"tag-europe","14":"tag-football","15":"tag-fr","16":"tag-france","17":"tag-indre","18":"tag-la-berrichonne-football","19":"tag-ligue-des-champions","20":"tag-news","21":"tag-republique-francaise","22":"tag-sports"},"share_on_mastodon":{"url":"https:\/\/pubeurope.com\/@fr\/114614529190637635","error":""},"_links":{"self":[{"href":"https:\/\/www.europesays.com\/fr\/wp-json\/wp\/v2\/posts\/146718","targetHints":{"allow":["GET"]}}],"collection":[{"href":"https:\/\/www.europesays.com\/fr\/wp-json\/wp\/v2\/posts"}],"about":[{"href":"https:\/\/www.europesays.com\/fr\/wp-json\/wp\/v2\/types\/post"}],"author":[{"embeddable":true,"href":"https:\/\/www.europesays.com\/fr\/wp-json\/wp\/v2\/users\/2"}],"replies":[{"embeddable":true,"href":"https:\/\/www.europesays.com\/fr\/wp-json\/wp\/v2\/comments?post=146718"}],"version-history":[{"count":0,"href":"https:\/\/www.europesays.com\/fr\/wp-json\/wp\/v2\/posts\/146718\/revisions"}],"wp:featuredmedia":[{"embeddable":true,"href":"https:\/\/www.europesays.com\/fr\/wp-json\/wp\/v2\/media\/146719"}],"wp:attachment":[{"href":"https:\/\/www.europesays.com\/fr\/wp-json\/wp\/v2\/media?parent=146718"}],"wp:term":[{"taxonomy":"category","embeddable":true,"href":"https:\/\/www.europesays.com\/fr\/wp-json\/wp\/v2\/categories?post=146718"},{"taxonomy":"post_tag","embeddable":true,"href":"https:\/\/www.europesays.com\/fr\/wp-json\/wp\/v2\/tags?post=146718"}],"curies":[{"name":"wp","href":"https:\/\/api.w.org\/{rel}","templated":true}]}}