{"id":146720,"date":"2025-06-02T15:41:16","date_gmt":"2025-06-02T15:41:16","guid":{"rendered":"https:\/\/www.europesays.com\/fr\/146720\/"},"modified":"2025-06-02T15:41:16","modified_gmt":"2025-06-02T15:41:16","slug":"ou-lextreme-droite-est-elle-au-pouvoir-dans-lunion-europeenne","status":"publish","type":"post","link":"https:\/\/www.europesays.com\/fr\/146720\/","title":{"rendered":"O\u00f9 l\u2019extr\u00eame droite est-elle au pouvoir dans l\u2019Union europ\u00e9enne ?"},"content":{"rendered":"<p>AFP Videos &#8211; France<\/p>\n<p><a class=\"Td(n) C($inherit) LineClamp(2,45px) D(f) rapidnofollow\" data-uuid=\"fedd1218-a484-359e-94f2-44b945862d9e\" href=\"https:\/\/fr.news.yahoo.com\/pr%C3%A9sidentielle-pologne-candidat-nationaliste-t%C3%AAte-010309252.html\" data-ylk=\"elm:hdln;itc:0;pos:1;sec:strm;subsec:moreforyou;cpos:14;ct:video;g:fedd1218-a484-359e-94f2-44b945862d9e\" data-hosted-type=\"HOSTED\" target=\"_blank\" rel=\"noopener\">Pr\u00e9sidentielle en Pologne: le candidat nationaliste en t\u00eate avec 51% des voix, selon une estimation<\/a><\/p>\n<p class=\"M(0) C($summaryColor) Fz(14px) Lh(1.43em) LineClamp(3,60px)\">Le candidat nationaliste Karol Nawrocki arrive en t\u00eate de l&rsquo;\u00e9lection pr\u00e9sidentielle en Pologne de dimanche selon une nouvelle estimation, soit un revers majeur pour le gouvernement pro-UE du pays si la tendance se confirme.Karol Nawrocki, 42 ans, un historien nationaliste sp\u00e9cialiste du monde criminel et admirateur du pr\u00e9sident am\u00e9ricain Donald Trump, est cr\u00e9dit\u00e9 de 51% des voix, selon cette estimation de l&rsquo;Institut Ipsos, bas\u00e9e sur des r\u00e9sultats issus de 90% des bureaux de vote.Son rival de 53 ans, Rafal Trzaskowski, maire pro-UE de Varsovie et alli\u00e9 du gouvernement centriste du pays, \u00e9tait \u00e0 49%.Les r\u00e9sultats officiels d\u00e9finitifs sont attendus lundi dans la matin\u00e9e.Si ces pr\u00e9visions se confirment, la victoire de Karol Nawrocki risque de bloquer le programme progressiste du gouvernement concernant notamment l&rsquo;avortement et les droits LGBT+ et pourrait raviver les tensions avec Bruxelles sur les questions d&rsquo;Etat de droit.\u00a0Cela pourrait aussi compromettre les liens \u00e9troits avec l&rsquo;Ukraine voisine car M. Nawrocki critique les plans d&rsquo;adh\u00e9sion de l&rsquo;Ukraine \u00e0 l&rsquo;UE et \u00e0 l&rsquo;Otan et souhaite r\u00e9duire les avantages pour les r\u00e9fugi\u00e9s ukrainiens.Karol Nawrocki a visit\u00e9 la Maison Blanche pendant sa campagne et a affirm\u00e9 que Donald Trump lui avait dit: \u00ab\u00a0Tu vas gagner\u00a0\u00bb.La secr\u00e9taire am\u00e9ricaine \u00e0 la S\u00e9curit\u00e9 int\u00e9rieure, Kristi Noem, a \u00e9galement soutenu M. Nawrocki lors de sa participation \u00e0 une r\u00e9union de la sph\u00e8re conservatrice en Pologne la semaine derni\u00e8re, d\u00e9clarant: \u00ab\u00a0Il doit \u00eatre le prochain pr\u00e9sident\u00a0\u00bb.La premi\u00e8re estimation donnait gagnant le maire pro-UE de Varsovie, Rafal Trzaskowski, d&rsquo;une courte t\u00eate, \u00e0 50,3% des suffrages. C&rsquo;\u00e9tait avant de nouvelles estimations favorables \u00e0 son adversaire. Les deux candidats ont revendiqu\u00e9 la victoire.\u00a0\u00bbCette nuit, nous allons gagner, nous gagnerons et sauverons la Pologne\u00a0\u00bb, a assur\u00e9 M. Nawrocki \u00e0 ses partisans.\u00a0\u00bbNous ne permettrons pas que (le Premier ministre) Donald Tusk ait (&#8230;) le monopole du pouvoir.\u00a0\u00bb\u00a0\u00bbUne nuit blanche nous attend\u00a0\u00bb, a d\u00e9clar\u00e9 \u00e0 l&rsquo;AFP Dorota Loboda, une d\u00e9put\u00e9e de la Coalition civique au pouvoir, ajoutant qu&rsquo;elle passerait la nuit \u00e0 v\u00e9rifier les r\u00e9sultats de la commission \u00e9lectorale.- \u00ab\u00a0Valeurs catholiques\u00a0\u00bb -Les pr\u00e9sidents polonais exercent une certaine influence sur la politique \u00e9trang\u00e8re et de d\u00e9fense de leur pays. Ils disposent surtout d&rsquo;un pouvoir de veto au niveau l\u00e9gislatif, qui ne peut \u00eatre annul\u00e9 que par une majorit\u00e9 des trois cinqui\u00e8mes au Parlement &#8211; ce dont ne dispose pas le gouvernement en place.Les r\u00e9formes pr\u00e9vues par le Premier ministre Donald Tusk, ancien pr\u00e9sident du Conseil europ\u00e9en arriv\u00e9 au pouvoir en 2023, ont \u00e9t\u00e9 bloqu\u00e9es en raison de l&rsquo;impasse avec l&rsquo;actuel pr\u00e9sident nationaliste en exercice Andrzej Duda.De nombreux partisans de M. Nawrocki souhaitent davantage de restrictions en mati\u00e8re d&rsquo;immigration et une souverainet\u00e9 accrue de leur pays au sein de l&rsquo;Union europ\u00e9enne.\u00a0\u00bbLes valeurs catholiques sont importantes pour moi. Je sais qu&rsquo;il les partage,\u00a0\u00bb a d\u00e9clar\u00e9 \u00e0 l&rsquo;AFP Lila Chojecka, une retrait\u00e9e de Varsovie, votant pour M. Nawrocki.\u00a0Les \u00e9lecteurs de Rafal Trzaskowski soutiennent plut\u00f4t une int\u00e9gration accrue au sein de l&rsquo;UE et une acc\u00e9l\u00e9ration des r\u00e9formes sociales.\u00a0Le maire de Varsovie pr\u00f4ne l&rsquo;introduction des partenariats civils, y compris pour les couples de m\u00eame sexe, et l&rsquo;assouplissement de l&rsquo;interdiction quasi totale de l&rsquo;avortement en Pologne.Malgorzata Wojciechowska, guide touristique et enseignante d&rsquo;une cinquantaine d&rsquo;ann\u00e9es, a soulign\u00e9 que les Polonaises \u00ab\u00a0n&rsquo;ont malheureusement pas les m\u00eames droits que nos amies europ\u00e9ennes\u00a0\u00bb.\u00a0\u00ab\u00a0J&rsquo;esp\u00e8re que Rafal Trzaskowski relancera le d\u00e9bat sur l&rsquo;avortement pour que nous puissions enfin vivre dans un pays libre,\u00a0\u00bb a-t-elle d\u00e9clar\u00e9 \u00e0 l&rsquo;AFP.\u00a0Anna Materska-Sosnowska, analyste politique, a qualifi\u00e9 l&rsquo;\u00e9lection de \u00ab\u00a0v\u00e9ritable choc de civilisations\u00a0\u00bb en raison des importantes divergences de politiques entre les candidats.- Controverses de campagne -Une victoire de Karol Nawrocki renforcerait le parti populiste Droit et Justice (PiS) qui a gouvern\u00e9 la Pologne entre 2015 et 2023, et pourrait entra\u00eener de nouvelles \u00e9lections l\u00e9gislatives.La campagne de M. Nawrocki a souvent \u00e9t\u00e9 \u00e9clips\u00e9e par des controverses concernant les circonstances dans lesquelles il a acquis un appartement aupr\u00e8s d&rsquo;un homme \u00e2g\u00e9 et son pass\u00e9 de hooligan.\u00a0L&rsquo;ancien boxeur amateur a ni\u00e9 cat\u00e9goriquement les informations des m\u00e9dias, parues dans les derniers jours de la campagne, selon lesquelles il aurait recrut\u00e9 des travailleuses du sexe lorsqu&rsquo;il exer\u00e7ait en tant que garde dans un h\u00f4tel.\u00a0Son opposition \u00e0 l&rsquo;adh\u00e9sion de l&rsquo;Ukraine \u00e0 l&rsquo;Otan a suscit\u00e9 des critiques de la part de responsables ukrainiens.Karol Nawrocki a utilis\u00e9 ses derni\u00e8res heures de campagne vendredi pour d\u00e9poser des fleurs au pied d&rsquo;un monument d\u00e9di\u00e9 aux Polonais tu\u00e9s par des nationalistes ukrainiens pendant la Seconde Guerre mondiale.\u00a0\u00ab\u00a0C&rsquo;\u00e9tait un g\u00e9nocide commis contre le peuple polonais\u00a0\u00bb, a-t-il d\u00e9clar\u00e9.\u00a0La Pologne, pays de 38 millions d&rsquo;habitants, est membre de l&rsquo;UE et de l&rsquo;Otan, avec une \u00e9conomie en croissance rapide, jouant un r\u00f4le de premier plan dans la diplomatie internationale autour de l&rsquo;Ukraine.\u00a0La majorit\u00e9 des armes occidentales et de l&rsquo;aide destin\u00e9es \u00e0 Kiev transitent par son territoire.bur-sw\/jnd<\/p>\n","protected":false},"excerpt":{"rendered":"AFP Videos &#8211; France Pr\u00e9sidentielle en Pologne: le candidat nationaliste en t\u00eate avec 51% des voix, selon une&hellip;\n","protected":false},"author":2,"featured_media":146721,"comment_status":"","ping_status":"","sticky":false,"template":"","format":"standard","meta":{"footnotes":""},"categories":[1586],"tags":[11,19429,27572,1777,674,1779,1011,27,21596,7738,16500,12,27573,25,1778,364],"class_list":{"0":"post-146720","1":"post","2":"type-post","3":"status-publish","4":"format-standard","5":"has-post-thumbnail","7":"category-europe","8":"tag-actualites","9":"tag-donald-tusk","10":"tag-droite-nationaliste","11":"tag-eu","12":"tag-europe","13":"tag-european-union","14":"tag-fr","15":"tag-france","16":"tag-karol-nawrocki","17":"tag-lunion-europeenne","18":"tag-la-pologne","19":"tag-news","20":"tag-pouvoir","21":"tag-republique-francaise","22":"tag-ue","23":"tag-union-europeenne"},"share_on_mastodon":{"url":"https:\/\/pubeurope.com\/@fr\/114614533075570686","error":""},"_links":{"self":[{"href":"https:\/\/www.europesays.com\/fr\/wp-json\/wp\/v2\/posts\/146720","targetHints":{"allow":["GET"]}}],"collection":[{"href":"https:\/\/www.europesays.com\/fr\/wp-json\/wp\/v2\/posts"}],"about":[{"href":"https:\/\/www.europesays.com\/fr\/wp-json\/wp\/v2\/types\/post"}],"author":[{"embeddable":true,"href":"https:\/\/www.europesays.com\/fr\/wp-json\/wp\/v2\/users\/2"}],"replies":[{"embeddable":true,"href":"https:\/\/www.europesays.com\/fr\/wp-json\/wp\/v2\/comments?post=146720"}],"version-history":[{"count":0,"href":"https:\/\/www.europesays.com\/fr\/wp-json\/wp\/v2\/posts\/146720\/revisions"}],"wp:featuredmedia":[{"embeddable":true,"href":"https:\/\/www.europesays.com\/fr\/wp-json\/wp\/v2\/media\/146721"}],"wp:attachment":[{"href":"https:\/\/www.europesays.com\/fr\/wp-json\/wp\/v2\/media?parent=146720"}],"wp:term":[{"taxonomy":"category","embeddable":true,"href":"https:\/\/www.europesays.com\/fr\/wp-json\/wp\/v2\/categories?post=146720"},{"taxonomy":"post_tag","embeddable":true,"href":"https:\/\/www.europesays.com\/fr\/wp-json\/wp\/v2\/tags?post=146720"}],"curies":[{"name":"wp","href":"https:\/\/api.w.org\/{rel}","templated":true}]}}