{"id":146729,"date":"2025-06-02T15:50:11","date_gmt":"2025-06-02T15:50:11","guid":{"rendered":"https:\/\/www.europesays.com\/fr\/146729\/"},"modified":"2025-06-02T15:50:11","modified_gmt":"2025-06-02T15:50:11","slug":"jorge-martin-va-mieux-et-attend-un-test-avec-aprilia","status":"publish","type":"post","link":"https:\/\/www.europesays.com\/fr\/146729\/","title":{"rendered":"Jorge Mart\u00edn va mieux et attend un test avec Aprilia"},"content":{"rendered":"<p>\u00c0 la surprise g\u00e9n\u00e9rale dans le contexte actuel, <a href=\"https:\/\/fr.motorsport.com\/driver\/jorge-martin\/109391\/\" target=\"_blank\" rel=\"noopener nofollow\">Jorge Mart\u00edn<\/a> a particip\u00e9 ce week-end \u00e0 un \u00e9v\u00e9nement Aprilia. Le champion du monde a rejoint son \u00e9quipe \u00e0 Misano pour le rassemblement annuel Aprilia All Stars, pr\u00e9c\u00e9d\u00e9 samedi par Aprilia Pro Experience, qui offre des bapt\u00eames biplaces en piste aux clients de la marque.<\/p>\n<p>C&rsquo;\u00e9tait l&rsquo;occasion de revoir l&rsquo;Espagnol aux couleurs du constructeur de Noale et aussi de l&rsquo;entendre s&rsquo;exprimer sur sa situation actuelle, alors qu&rsquo;<a href=\"https:\/\/fr.motorsport.com\/motogp\/news\/martin-reprend-entrainement-bientot-parler\/10726034\/\" target=\"_self\" rel=\"noopener nofollow\">il vient tout juste de reprendre l&rsquo;entra\u00eenement<\/a>\u00a0apr\u00e8s la grosse chute qui l&rsquo;a bless\u00e9 \u00e0 Losail, il y a un mois et demi.<\/p>\n<p>\u00ab\u00a0Je n&rsquo;avais pas roul\u00e9 \u00e0 moto depuis ma blessure au Qatar, et \u00e7a n&rsquo;\u00e9tait \u00e9videmment pas dans les plans que je prenne la piste. Et puis, je suis arriv\u00e9, j&rsquo;ai vu toutes les Aprilia et j&rsquo;ai eu envie. C&rsquo;est une belle journ\u00e9e. Je n&rsquo;ai pas beaucoup roul\u00e9, mais j&rsquo;ai fait une vingtaine de tours et je me suis senti bien. C&rsquo;\u00e9tait important\u00a0\u00bb, a d\u00e9clar\u00e9 Jorge Mart\u00edn \u00e0 <a href=\"https:\/\/www.gpone.com\/it\/2025\/06\/01\/motogp\/martin-il-lungo-addio-prima-dellestate-un-test-sullaprilia-poi-vedremo.html\" target=\"_blank\" rel=\"noopener nofollow\">GPOne<\/a>.<\/p>\n<p>\u00ab\u00a0Physiquement, je vais un peu mieux, c&rsquo;est le plus important. Mentalement aussi, je commence \u00e0 voir un peu la lumi\u00e8re alors je suis content\u00a0\u00bb, a soulign\u00e9 l&rsquo;Espagnol. Au micro du <a href=\"https:\/\/www.motogp.com\/en\/videos\/2025\/06\/02\/im-feeling-better-martin-targets-mid-june-motorcycle-training-return\/751334?playlistId=17859\" target=\"_blank\" rel=\"noopener nofollow\">site officiel du MotoGP<\/a>, il a ajout\u00e9\u00a0:\u00a0\u00ab\u00a0Ma r\u00e9cup\u00e9ration se passe bien. \u00c9videmment, c&rsquo;est lent car c&rsquo;\u00e9tait une tr\u00e8s grosse blessure mais je me sens mieux. J&rsquo;ai un autre contr\u00f4le \u00e0 Barcelone [lundi], qui permettra d&rsquo;\u00e9valuer un peu mieux ma condition. Je veux commencer \u00e0 m&rsquo;entra\u00eener \u00e0 moto \u00e0 la mi-juin.\u00a0\u00bb<\/p>\n<p>   <img decoding=\"async\" draggable=\"false\" src=\"https:\/\/www.europesays.com\/fr\/wp-content\/uploads\/2025\/06\/jorge-martin-aprilia-event-at-.jpg\" alt=\"Jorge Mart\u00edn a fait quelques tours de piste \u00e0 Misano.\" width=\"1200\" height=\"800\" loading=\"lazy\"\/> <\/p>\n<p class=\"title\">Jorge Mart\u00edn a fait quelques tours de piste \u00e0 Misano avec la Tuono 660 et la RSV4.<\/p>\n<p class=\"photographer\">Photo de: Aprilia Racing<\/p>\n<p>Jorge Mart\u00edn esp\u00e8re reprendre l&rsquo;entra\u00eenement \u00e0 moto dans une quinzaine de jours, mais pour ce qui est de son retour sur une MotoGP, les d\u00e9lais sont encore flous. Les Grands Prix du mois de juillet, en Allemagne et en R\u00e9publique tch\u00e8que, sont parfois \u00e9voqu\u00e9s, et si l&rsquo;une ou l&rsquo;autre de ces \u00e9ch\u00e9ances ne peut \u00eatre tenue, il aura encore un mois de repos avant le GP d&rsquo;Autriche, qui marquera la reprise apr\u00e8s la pause estivale, mi-ao\u00fbt.<\/p>\n<p>L&rsquo;Espagnol compte en tout cas profiter de <a href=\"https:\/\/fr.motorsport.com\/motogp\/news\/reglement-motogp-valide-test-retour-pilotes-blesses\/10720141\/\" target=\"_self\" rel=\"noopener nofollow\">la nouvelle r\u00e8gle autorisant les tests au guidon d&rsquo;une MotoGP<\/a> pour un pilote bless\u00e9 souhaitant \u00e9valuer sa condition physique avant de reprendre la comp\u00e9tition.<\/p>\n<p>\u00ab\u00a0Avant l&rsquo;\u00e9t\u00e9, s\u00fbrement pour quelques tests \u2013\u00a0je ne sais pas, ils travaillent sur quelque chose\u00a0\u00bb, a-t-il r\u00e9pondu \u00e0 GPOne lorsqu&rsquo;il a \u00e9t\u00e9 interrog\u00e9 sur la date possible de son retour au guidon de la RS-GP. \u00ab\u00a0Pour ce qui est de refaire un week-end de course, je ne sais pas, parce que pour \u00e7a, il faut \u00eatre en forme \u00e0 100% et \u00e7a n&rsquo;est pas mon cas. Mais j&rsquo;ai s\u00fbrement un mois tr\u00e8s charg\u00e9 devant moi pour me remettre en forme.\u00a0\u00bb<\/p>\n<blockquote>\n<p>Je ne peux pas dire grand-chose. J&rsquo;ai fait un communiqu\u00e9, j&rsquo;ai expliqu\u00e9 ce que je pense.<\/p>\n<\/blockquote>\n<p>En dehors de sa forme physique, Jorge Mart\u00edn a logiquement \u00e9t\u00e9 interrog\u00e9 sur ses liens avec Aprilia alors qu&rsquo;il a \u00e9mis le souhait d&rsquo;\u00eatre lib\u00e9r\u00e9 de son contrat. S&rsquo;il juge \u00eatre dans son droit compte tenu d&rsquo;une clause n\u00e9goci\u00e9e avec l&rsquo;accord sign\u00e9 il y a un an, Aprilia a fait \u00e9tat de sa certitude quant \u00e0 la validit\u00e9 de celui-ci.<\/p>\n<p>Les choses peuvent-elles changer\u00a0?\u00a0\u00ab\u00a0Je ne peux pas dire grand-chose sur ce point\u00a0\u00bb, a r\u00e9pondu le pilote ce week-end. \u00ab\u00a0J&rsquo;ai fait un communiqu\u00e9, j&rsquo;ai expliqu\u00e9 ce que je pense, Aprilia a fait le sien et maintenant il faut qu&rsquo;on r\u00e9unisse certaines choses et qu&rsquo;on voie comment se passe le futur.\u00a0\u00bb<\/p>\n<p>Lire aussi :<\/p>\n<p>Massimo Rivola veut rester \u00ab\u00a0optimiste\u00a0\u00bb<\/p>\n<p>Questionn\u00e9 \u00e0 son tour par <a href=\"https:\/\/www.gpone.com\/it\/2025\/06\/01\/motogp\/rivola-su-martin-resto-ottimista-e-vado-avanti-con-la-mia-idea.html?related=1\" target=\"_blank\" rel=\"noopener nofollow\">GPOne<\/a>, Massimo Rivola s&rsquo;est dit \u00ab\u00a0optimiste\u00a0\u00bb, sans plus entrer dans les d\u00e9tails quant \u00e0 la teneur des discussions entre le constructeur et le management du pilote.<\/p>\n<p>\u00ab\u00a0Je crois que ce qui s&rsquo;est pass\u00e9 fait partie d&rsquo;un ensemble de choses\u00a0\u00bb, a d\u00e9clar\u00e9 l&rsquo;administrateur d\u00e9l\u00e9gu\u00e9 d&rsquo;Aprilia Racing. \u00ab\u00a0J&rsquo;ai mon id\u00e9e, elle est tr\u00e8s claire et je m&rsquo;y tiens. Le fait d&rsquo;\u00eatre au milieu des gens, de comprendre qu&rsquo;il y a beaucoup de fans, une grande famille et un gros suivi, d\u00e9place la discussion sur un plan diff\u00e9rent. Je suis toujours optimiste.\u00a0\u00bb<\/p>\n<p>Le patron du programme Aprilia a surtout voulu retenir le positif de ce week-end, et la venue du pilote ainsi que le fait qu&rsquo;il ait pris la piste sont assur\u00e9ment de cet acabit. \u00ab\u00a0D&rsquo;un c\u00f4t\u00e9, c&rsquo;est une tr\u00e8s bonne publicit\u00e9 pour Aprilia\u00a0&#8211;\u00a0on voit une Aprilia et on ne r\u00e9siste pas \u00e0 la piloter. De l&rsquo;autre, \u00e7a m&rsquo;angoissait parce que j&rsquo;ai eu peur qu&rsquo;il se fasse mal. Il est encore trop loin en termes de r\u00e9cup\u00e9ration. Mais je dois dire qu&rsquo;il a \u00e9t\u00e9 tr\u00e8s bon, il a utilis\u00e9 sa t\u00eate, il est all\u00e9 doucement\u00a0\u00bb, s&rsquo;est-il r\u00e9joui.<\/p>\n<p>Dans cet article<\/p>\n<p>    L\u00e9na Buffa\n<\/p>\n<p>    MotoGP\n<\/p>\n<p>    Jorge Mart\u00edn\n<\/p>\n<p>    Aprilia Racing Team\n<\/p>\n<p>Soyez le premier inform\u00e9 et souscrivez aux alertes mails pour recevoir les infos en temps r\u00e9el<\/p>\n<p>    S&rsquo;abonner aux alertes de news<\/p>\n","protected":false},"excerpt":{"rendered":"\u00c0 la surprise g\u00e9n\u00e9rale dans le contexte actuel, Jorge Mart\u00edn a particip\u00e9 ce week-end \u00e0 un \u00e9v\u00e9nement Aprilia.&hellip;\n","protected":false},"author":2,"featured_media":146730,"comment_status":"","ping_status":"","sticky":false,"template":"","format":"standard","meta":{"footnotes":""},"categories":[1413],"tags":[3563,1011,27,3564,1457,1456,1458,60],"class_list":{"0":"post-146729","1":"post","2":"type-post","3":"status-publish","4":"format-standard","5":"has-post-thumbnail","7":"category-moto","8":"tag-aprilia-racing-team","9":"tag-fr","10":"tag-france","11":"tag-jorge-martu00edn","12":"tag-moto","13":"tag-motocycle","14":"tag-motogp","15":"tag-sports"},"share_on_mastodon":{"url":"https:\/\/pubeurope.com\/@fr\/114614568469556186","error":""},"_links":{"self":[{"href":"https:\/\/www.europesays.com\/fr\/wp-json\/wp\/v2\/posts\/146729","targetHints":{"allow":["GET"]}}],"collection":[{"href":"https:\/\/www.europesays.com\/fr\/wp-json\/wp\/v2\/posts"}],"about":[{"href":"https:\/\/www.europesays.com\/fr\/wp-json\/wp\/v2\/types\/post"}],"author":[{"embeddable":true,"href":"https:\/\/www.europesays.com\/fr\/wp-json\/wp\/v2\/users\/2"}],"replies":[{"embeddable":true,"href":"https:\/\/www.europesays.com\/fr\/wp-json\/wp\/v2\/comments?post=146729"}],"version-history":[{"count":0,"href":"https:\/\/www.europesays.com\/fr\/wp-json\/wp\/v2\/posts\/146729\/revisions"}],"wp:featuredmedia":[{"embeddable":true,"href":"https:\/\/www.europesays.com\/fr\/wp-json\/wp\/v2\/media\/146730"}],"wp:attachment":[{"href":"https:\/\/www.europesays.com\/fr\/wp-json\/wp\/v2\/media?parent=146729"}],"wp:term":[{"taxonomy":"category","embeddable":true,"href":"https:\/\/www.europesays.com\/fr\/wp-json\/wp\/v2\/categories?post=146729"},{"taxonomy":"post_tag","embeddable":true,"href":"https:\/\/www.europesays.com\/fr\/wp-json\/wp\/v2\/tags?post=146729"}],"curies":[{"name":"wp","href":"https:\/\/api.w.org\/{rel}","templated":true}]}}