{"id":146733,"date":"2025-06-02T15:52:09","date_gmt":"2025-06-02T15:52:09","guid":{"rendered":"https:\/\/www.europesays.com\/fr\/146733\/"},"modified":"2025-06-02T15:52:09","modified_gmt":"2025-06-02T15:52:09","slug":"cyclisme-course-de-la-paix-espoirs","status":"publish","type":"post","link":"https:\/\/www.europesays.com\/fr\/146733\/","title":{"rendered":"Cyclisme. Course de la Paix Espoirs"},"content":{"rendered":"<p>La 12e \u00e9dition de la <strong>Course de la Paix U23<\/strong> s&rsquo;est d\u00e9roul\u00e9e du 29 mai au 1er juin 2025 en R\u00e9publique tch\u00e8que. Cette \u00e9preuve, inscrite au calendrier de la<strong> Coupe des Nations U23<\/strong>, a vu la victoire finale de l&rsquo;Espagnol <strong>Pau Mart\u00ed Soriano<\/strong>, qui a su faire preuve de r\u00e9gularit\u00e9 tout au long des quatre \u00e9tapes. Il devance de deux secondes le Danois <strong>Simon Dalby<\/strong>, vainqueur de l&rsquo;\u00e9tape reine, et de six secondes l&rsquo;Italien <strong>Simone Gualdi<\/strong>. Le\u00a0Fran\u00e7ais <strong>Victor Loulergue<\/strong>\u00a0s&rsquo;est illustr\u00e9 en remportant la 1\u00e8re \u00e9tape, tandis que le Slov\u00e8ne <strong>An\u017ee Ravbar<\/strong> et le Britannique <strong>Noah Hobbs<\/strong>\u00a0ont \u00e9galement lev\u00e9 les bras.<\/p>\n<p>Vid\u00e9o &#8211; Tadej Pogacar avait remport\u00e9 la Course de la Paix en 2018 Lire la suite de l&rsquo;article&#13;<\/p>\n<p>\u00a0<\/p>\n<p>&#13;<br \/>\n<strong>Les r\u00e9sultats<\/strong>&#13;<\/p>\n<p><strong>\u00c9tape 1 : Krnov \u203a \u0160ternberk (167,7 km)<\/strong><\/p>\n<p>&#13;<\/p>\n<ol>&#13;<\/p>\n<li>&#13;\n<p>Victor Loulergue (France)<\/p>\n<p>&#13;\n<\/li>\n<p>&#13;<\/p>\n<li>&#13;\n<p>Pau Mart\u00ed Soriano (Espagne)<\/p>\n<p>&#13;\n<\/li>\n<p>&#13;<\/p>\n<li>&#13;\n<p>Simone Gualdi (Italie)<\/p>\n<p>&#13;\n<\/li>\n<p>&#13;\n<\/ol>\n<p>&#13;<\/p>\n<p><strong>\u00c9tape 2 : Uni\u010dov \u203a R\u00fdma\u0159ov (148,7 km)<\/strong><\/p>\n<p>&#13;<\/p>\n<ol>&#13;<\/p>\n<li>&#13;\n<p>An\u017ee Ravbar (Slov\u00e9nie)<\/p>\n<p>&#13;\n<\/li>\n<p>&#13;<\/p>\n<li>&#13;\n<p>Sebastian Veslum (Norv\u00e8ge)<\/p>\n<p>&#13;\n<\/li>\n<p>&#13;<\/p>\n<li>&#13;\n<p>Morthen Wang Baksaas (Norv\u00e8ge)<\/p>\n<p>&#13;\n<\/li>\n<p>&#13;\n<\/ol>\n<p>&#13;<\/p>\n<p><strong>\u00c9tape 3 : Z\u00e1b\u0159eh \u203a Dlouh\u00e9 str\u00e1n\u011b (131 km)<\/strong><\/p>\n<p>&#13;<\/p>\n<ol>&#13;<\/p>\n<li>&#13;\n<p>Simon Dalby (Danemark)<\/p>\n<p>&#13;\n<\/li>\n<p>&#13;<\/p>\n<li>&#13;\n<p>Peter \u00d8xenberg Hansen (Danemark)<\/p>\n<p>&#13;\n<\/li>\n<p>&#13;<\/p>\n<li>&#13;\n<p>Pau Mart\u00ed Soriano (Espagne)<\/p>\n<p>&#13;\n<\/li>\n<p>&#13;\n<\/ol>\n<p>&#13;<\/p>\n<p><strong>\u00c9tape 4 : Jesen\u00edk \u203a \u0160umperk (118,4 km)<\/strong><\/p>\n<p>&#13;<\/p>\n<ol>&#13;<\/p>\n<li>&#13;\n<p>Noah Hobbs (Grande-Bretagne)<\/p>\n<p>&#13;\n<\/li>\n<p>&#13;<\/p>\n<li>&#13;\n<p>Mathieu Kockelmann (Luxembourg)<\/p>\n<p>&#13;\n<\/li>\n<p>&#13;<\/p>\n<li>&#13;\n<p>Adrian Stieger (Autriche)<\/p>\n<p>&#13;\n<\/li>\n<p>&#13;\n<\/ol>\n<p>&#13;<\/p>\n<p><strong>Classement g\u00e9n\u00e9ral final :<\/strong><\/p>\n<p>&#13;<\/p>\n<ol>&#13;<\/p>\n<li>&#13;\n<p>Pau Mart\u00ed Soriano (Espagne) \u2013 13h42&rsquo;26\u00a0\u00bb<\/p>\n<p>&#13;\n<\/li>\n<p>&#13;<\/p>\n<li>&#13;\n<p>Simon Dalby (Danemark) +2&Prime;<\/p>\n<p>&#13;\n<\/li>\n<p>&#13;<\/p>\n<li>&#13;\n<p>Simone Gualdi (Italie) +6&Prime;<\/p>\n<p>&#13;\n<\/li>\n<p>&#13;<\/p>\n<li>&#13;\n<p>Kamiel Eeman (Belgique) +6&Prime;<\/p>\n<p>&#13;\n<\/li>\n<p>&#13;<\/p>\n<li>&#13;\n<p>Peter \u00d8xenberg Hansen (Danemark) +6&Prime;<\/p>\n<p>&#13;\n<\/li>\n<p>&#13;<\/p>\n<li>&#13;\n<p>Elliot Rowe (Grande-Bretagne) +11&Prime;<\/p>\n<p>&#13;\n<\/li>\n<p>&#13;<\/p>\n<li>&#13;\n<p>Daniel Lima (Portugal) +12&Prime;<\/p>\n<p>&#13;\n<\/li>\n<p>&#13;<\/p>\n<li>&#13;\n<p>Mateusz Gajdulewicz (Pologne) +12&Prime;<\/p>\n<p>&#13;\n<\/li>\n<p>&#13;<\/p>\n<li>&#13;\n<p>Arno Wallenborn (Luxembourg) +12&Prime;<\/p>\n<p>&#13;\n<\/li>\n<p>&#13;<\/p>\n<li>&#13;\n<p>Matisse Van Kerckhove (Belgique) +12&Prime;<\/p>\n<p>&#13;\n<\/li>\n<p>&#13;\n<\/ol>\n","protected":false},"excerpt":{"rendered":"La 12e \u00e9dition de la Course de la Paix U23 s&rsquo;est d\u00e9roul\u00e9e du 29 mai au 1er juin&hellip;\n","protected":false},"author":2,"featured_media":146734,"comment_status":"","ping_status":"","sticky":false,"template":"","format":"standard","meta":{"footnotes":""},"categories":[1411],"tags":[27574,1154,207,211,1011,27,209,60,210,212,208,213],"class_list":{"0":"post-146733","1":"post","2":"type-post","3":"status-publish","4":"format-standard","5":"has-post-thumbnail","7":"category-cyclisme","8":"tag-course-de-la-paix-espoirs","9":"tag-cycling","10":"tag-cyclisme","11":"tag-ffc","12":"tag-fr","13":"tag-france","14":"tag-route","15":"tag-sports","16":"tag-tour-de-france","17":"tag-uci","18":"tag-velo","19":"tag-world-tour"},"share_on_mastodon":{"url":"https:\/\/pubeurope.com\/@fr\/114614576348974389","error":""},"_links":{"self":[{"href":"https:\/\/www.europesays.com\/fr\/wp-json\/wp\/v2\/posts\/146733","targetHints":{"allow":["GET"]}}],"collection":[{"href":"https:\/\/www.europesays.com\/fr\/wp-json\/wp\/v2\/posts"}],"about":[{"href":"https:\/\/www.europesays.com\/fr\/wp-json\/wp\/v2\/types\/post"}],"author":[{"embeddable":true,"href":"https:\/\/www.europesays.com\/fr\/wp-json\/wp\/v2\/users\/2"}],"replies":[{"embeddable":true,"href":"https:\/\/www.europesays.com\/fr\/wp-json\/wp\/v2\/comments?post=146733"}],"version-history":[{"count":0,"href":"https:\/\/www.europesays.com\/fr\/wp-json\/wp\/v2\/posts\/146733\/revisions"}],"wp:featuredmedia":[{"embeddable":true,"href":"https:\/\/www.europesays.com\/fr\/wp-json\/wp\/v2\/media\/146734"}],"wp:attachment":[{"href":"https:\/\/www.europesays.com\/fr\/wp-json\/wp\/v2\/media?parent=146733"}],"wp:term":[{"taxonomy":"category","embeddable":true,"href":"https:\/\/www.europesays.com\/fr\/wp-json\/wp\/v2\/categories?post=146733"},{"taxonomy":"post_tag","embeddable":true,"href":"https:\/\/www.europesays.com\/fr\/wp-json\/wp\/v2\/tags?post=146733"}],"curies":[{"name":"wp","href":"https:\/\/api.w.org\/{rel}","templated":true}]}}