{"id":146737,"date":"2025-06-02T15:54:11","date_gmt":"2025-06-02T15:54:11","guid":{"rendered":"https:\/\/www.europesays.com\/fr\/146737\/"},"modified":"2025-06-02T15:54:11","modified_gmt":"2025-06-02T15:54:11","slug":"joyce-jonathan-attaquee-sur-son-physique-elle-repond-a-ses-detracteurs","status":"publish","type":"post","link":"https:\/\/www.europesays.com\/fr\/146737\/","title":{"rendered":"Joyce Jonathan attaqu\u00e9e sur son physique, elle r\u00e9pond \u00e0 ses d\u00e9tracteurs"},"content":{"rendered":"<p>En travaillant avec Louis Bertignac \u00e0 la r\u00e9alisation de <strong>son premier album en 2008<\/strong>, Joyce Jonathan ne s&rsquo;attendait sans doute pas \u00e0 rencontrer <strong>un tel succ\u00e8s<\/strong>. R\u00e9sultat\u00a0: aujourd&rsquo;hui, <a href=\"https:\/\/www.public.fr\/chacun-son-mauvais-gout-laurent-ruquier-et-joyce-jonathan-tres-complices-une-chroniqueuse-des-grosses-tetes-jalouse\" rel=\"nofollow noopener\" target=\"_blank\">l&rsquo;artiste \u00e2g\u00e9e de 35 ans<\/a> n&rsquo;a <strong>plus \u00e0 faire ses preuves<\/strong>. Son succ\u00e8s a \u00e9t\u00e9 <strong>fulgurant <\/strong>aussi bien en France qu&rsquo;\u00e0 l&rsquo;\u00e9tranger et, notamment, en Chine. En effet, Joyce Jonathan <strong>parle le mandarin couramment<\/strong> et ses fans de l&rsquo;Empire du Milieu en ont tr\u00e8s vite redemand\u00e9. D&rsquo;ailleurs, que ce soit dans l&rsquo;Hexagone ou dans le reste du monde, nombreux attendent d\u00e9sormais la <strong>sortie d&rsquo;un nouvel album.<\/strong> Le dernier, Les p&rsquo;tites jolies choses, est <strong>paru en 2022<\/strong>.<\/p>\n<p>Toutefois, <a href=\"https:\/\/www.public.fr\/joyce-jonathan-tres-tres-fiere-de-son-ex-gabriel-attal-sa-belle-declaration-au-premier-ministre\" rel=\"nofollow noopener\" target=\"_blank\">la jolie brune<\/a> a r\u00e9cemment d\u00e9voil\u00e9 <strong>un nouveau single intitul\u00e9 N&rsquo;importe quoi <\/strong>en compagnie de Charles. Et depuis\u00a0? <a href=\"https:\/\/www.public.fr\/diaporamas\/si-l-avion-se-crashe-les-terribles-aveux-de-joyce-jonathan-l-ex-de-gabriel-attal-sur-sa-maladie\" rel=\"nofollow noopener\" target=\"_blank\">La chanteuse originaire de Levallois-Perret <\/a>s&rsquo;est octroy\u00e9e <strong>quelques jours de \u00ab\u00a0vacances avant les vacances\u00a0\u00bb<\/strong> comme elle l&rsquo;a elle-m\u00eame \u00e9crit en l\u00e9gende de sa derni\u00e8re publication sur Instagram. Ainsi,<a href=\"https:\/\/www.public.fr\/diaporamas\/35-kilos-joyce-jonathan-maigrissime-elle-raconte-l-horreur-de-son-anorexie\" rel=\"nofollow noopener\" target=\"_blank\"> l&rsquo;ex de Thomas Hollande<\/a> a d\u00e9voil\u00e9 une <strong>s\u00e9rie de neuf clich\u00e9s<\/strong> qui font r\u00eaver. <strong>En Bretagne<\/strong>, au soleil, elle a ainsi d\u00e9voil\u00e9 une belle assiette de concombres, des panoramas de la falaise abrupte ou encore une photo chez le poissonnier.<\/p>\n<p>Mais, ce sont <strong>les deux premiers clich\u00e9s<\/strong> qui ont attir\u00e9 l&rsquo;attention de certains internautes. Ainsi, on peut apercevoir <a href=\"https:\/\/www.public.fr\/une-amourette-de-recreation-quand-joyce-jonathan-evoque-sa-relation-avec-gabriel-attal\" rel=\"nofollow noopener\" target=\"_blank\">la m\u00e8re de famille<\/a> poser en <strong>maillot de bain rouge deux-pi\u00e8ces<\/strong>, baskets aux pieds et lunettes pos\u00e9es sur le nez. Malheureusement,<a href=\"https:\/\/www.public.fr\/joyce-jonathan-sa-folle-histoire-avec-paul-des-12-coups-de-midi\" rel=\"nofollow noopener\" target=\"_blank\"> l&rsquo;ex candidate de \u00ab\u00a0Danse avec les stars\u00a0\u00bb<\/a> <strong>n&rsquo;a pas re\u00e7u que des commentaires bienveillants.<\/strong> Certains ont pr\u00e9f\u00e9r\u00e9 s&rsquo;acharner mais\u2026 Elle ne s&rsquo;est pas laiss\u00e9e faire.<\/p>\n<p>Joyce Jonathan\u00a0: sa mise au point cinglante<\/p>\n<p>Alors qu&rsquo;une internaute lui a demand\u00e9 de <strong>partager sa \u00ab\u00a0recette\u00a0\u00bb pour garder la ligne<\/strong>, une autre abonn\u00e9e a r\u00e9pondu \u00e0 sa place et n&rsquo;a pas \u00e9t\u00e9 tendre\u00a0: \u00ab\u00a0<strong>Les TCA malheureusement\u2026<\/strong>\u00ab\u00a0. Autrement dit, les Troubles du Comportement Alimentaire. Face \u00e0 cette attaque, <a href=\"https:\/\/www.google.com\/url?sa=t&amp;source=web&amp;rct=j&amp;opi=89978449&amp;url=https:\/\/vsd.fr\/57799-a-cause-dune-deception-amoureuse-joyce-jonathan-lex-de-gabriel-attal-se-livre-sur-son-combat-contre-lanorexie-et-la-boulimie\/&amp;ved=2ahUKEwjjtZS56tKNAxWJU6QEHTpgPXIQFnoECBYQAQ&amp;usg=AOvVaw1YUEjNAEOKKDL_7FNOC1bm\" rel=\"nofollow noopener\" target=\"_blank\">l&rsquo;interpr\u00e8te de Je ne sais pas<\/a> n&rsquo;a pas perdu de temps et a r\u00e9pondu manu militari. \u00ab\u00a0<strong>Le sport aussi \u00e7a existe, tout comme la bienveillance\u00a0!<\/strong>\u00ab\u00a0. Il faut dire que l&rsquo;alimentation est un <strong>sujet particuli\u00e8rement sensible<\/strong> pour Joyce Jonathan qui a <strong>longtemps souffert d&rsquo;anorexie.<\/strong><\/p>\n<p>En 2024, <a href=\"https:\/\/www.google.com\/url?sa=t&amp;source=web&amp;rct=j&amp;opi=89978449&amp;url=https:\/\/vsd.fr\/52318-joyce-jonathan-maman-dune-petite-ghjulia-la-chanteuse-rend-hommage-a-sa-fille\/&amp;ved=2ahUKEwjjtZS56tKNAxWJU6QEHTpgPXIQFnoECBUQAQ&amp;usg=AOvVaw3LEFmxgGRVsz3hFEWGIY8e\" rel=\"nofollow noopener\" target=\"_blank\">la m\u00e8re de Ghjulia<\/a> a m\u00eame <strong>\u00e9crit une chanson<\/strong> sur ce trouble intitul\u00e9e Si je mange, je vais en enfer. Une sorte d&rsquo;exutoire pour celle qui a fini par ne peser que 34\u00a0kg. Au m\u00e9dia Lou, <a href=\"https:\/\/www.google.com\/url?sa=t&amp;source=web&amp;rct=j&amp;opi=89978449&amp;url=https:\/\/vsd.fr\/16405-amour-joyce-jonathan-apres-thomas-hollande-la-grosse-galere\/&amp;ved=2ahUKEwjjtZS56tKNAxWJU6QEHTpgPXIQFnoECBcQAQ&amp;usg=AOvVaw3-YEJz9zQMhqdMptDAhAnr\" rel=\"nofollow noopener\" target=\"_blank\">cette derni\u00e8re <\/a>avait confi\u00e9 que <strong>la naissance de sa fille lui a permis de s&rsquo;en sortir<\/strong>.\u00a0\u00bbJe dirais aujourd&rsquo;hui que ma fille a <strong>d\u00e9clench\u00e9 ma gu\u00e9rison<\/strong>. [.] Je me suis dit mais j&rsquo;ai besoin de faire du bien \u00e0 mon corps. Il ne s&rsquo;agit plus que de moi, il s&rsquo;agit du b\u00e9b\u00e9 qui grandit en moi et je veux que les choses se passent le mieux possible.\u00a0\u00bb<\/p>\n<p>      Mentionn\u00e9s dans cet article<\/p>\n<p>\u00c0 lire aussi<\/p>\n","protected":false},"excerpt":{"rendered":"En travaillant avec Louis Bertignac \u00e0 la r\u00e9alisation de son premier album en 2008, Joyce Jonathan ne s&rsquo;attendait&hellip;\n","protected":false},"author":2,"featured_media":146738,"comment_status":"","ping_status":"","sticky":false,"template":"","format":"standard","meta":{"footnotes":""},"categories":[1359],"tags":[1695,5551,7257,58,59,1011,27,17032,24404,973,5401,27575],"class_list":{"0":"post-146737","1":"post","2":"type-post","3":"status-publish","4":"format-standard","5":"has-post-thumbnail","7":"category-people","8":"tag-chanson","9":"tag-chanson-francaise","10":"tag-critique","11":"tag-divertissement","12":"tag-entertainment","13":"tag-fr","14":"tag-france","15":"tag-joyce-jonathan","16":"tag-maillot-de-bain","17":"tag-people","18":"tag-poids","19":"tag-troubles-du-comportement-alimentaire-tca"},"share_on_mastodon":{"url":"https:\/\/pubeurope.com\/@fr\/114614584240011303","error":""},"_links":{"self":[{"href":"https:\/\/www.europesays.com\/fr\/wp-json\/wp\/v2\/posts\/146737","targetHints":{"allow":["GET"]}}],"collection":[{"href":"https:\/\/www.europesays.com\/fr\/wp-json\/wp\/v2\/posts"}],"about":[{"href":"https:\/\/www.europesays.com\/fr\/wp-json\/wp\/v2\/types\/post"}],"author":[{"embeddable":true,"href":"https:\/\/www.europesays.com\/fr\/wp-json\/wp\/v2\/users\/2"}],"replies":[{"embeddable":true,"href":"https:\/\/www.europesays.com\/fr\/wp-json\/wp\/v2\/comments?post=146737"}],"version-history":[{"count":0,"href":"https:\/\/www.europesays.com\/fr\/wp-json\/wp\/v2\/posts\/146737\/revisions"}],"wp:featuredmedia":[{"embeddable":true,"href":"https:\/\/www.europesays.com\/fr\/wp-json\/wp\/v2\/media\/146738"}],"wp:attachment":[{"href":"https:\/\/www.europesays.com\/fr\/wp-json\/wp\/v2\/media?parent=146737"}],"wp:term":[{"taxonomy":"category","embeddable":true,"href":"https:\/\/www.europesays.com\/fr\/wp-json\/wp\/v2\/categories?post=146737"},{"taxonomy":"post_tag","embeddable":true,"href":"https:\/\/www.europesays.com\/fr\/wp-json\/wp\/v2\/tags?post=146737"}],"curies":[{"name":"wp","href":"https:\/\/api.w.org\/{rel}","templated":true}]}}