{"id":146739,"date":"2025-06-02T15:55:25","date_gmt":"2025-06-02T15:55:25","guid":{"rendered":"https:\/\/www.europesays.com\/fr\/146739\/"},"modified":"2025-06-02T15:55:25","modified_gmt":"2025-06-02T15:55:25","slug":"les-bons-conseils-dun-architecte-dinterieur-pour-composer-un-appartement-colore","status":"publish","type":"post","link":"https:\/\/www.europesays.com\/fr\/146739\/","title":{"rendered":"Les bons conseils d&rsquo;un architecte d&rsquo;int\u00e9rieur pour composer un appartement color\u00e9"},"content":{"rendered":"<p><img fetchpriority=\"high\" decoding=\"async\" width=\"1920\" height=\"1279\" src=\"https:\/\/www.europesays.com\/fr\/wp-content\/uploads\/2025\/06\/220623-01-054.jpg\" alt=\"\" class=\"wp-image-72960\"  \/>Un projet parisien par le studio Uchronia.<\/p>\n<p class=\"is-style-question\"><strong>Construis-tu tes projets autour de la couleur ? \u00c0 quel moment du projet se d\u00e9roule le choix de la palette chromatique ?<\/strong><\/p>\n<p>Toujours. Chez <a href=\"https:\/\/www.milkdecoration.com\/tag\/uchronia\/\" target=\"_blank\" rel=\"noopener\">Uchronia<\/a>, la couleur est bien plus qu\u2019une simple finition \u2013 c\u2019est une v\u00e9ritable colonne vert\u00e9brale du projet, pr\u00e9sente d\u00e8s les premi\u00e8res esquisses. Elle structure l\u2019espace et d\u00e9finit l\u2019\u00e9nergie que l\u2019on souhaite transmettre. Par exemple, pour imaginer le restaurant <a href=\"https:\/\/www.milkdecoration.com\/le-restaurant-forest-marseille-par-uchronia\/\" target=\"_blank\" rel=\"noopener\">Forest<\/a> \u00e0 Marseille, nous avons opt\u00e9 pour un ocre intense, en \u00e9cho aux sols en terre battue du sud, pour cr\u00e9er une atmosph\u00e8re brute et solaire. Pour le Caf\u00e9 Nuances \u00e0 Paris, le sol reprend les teintes des couchers de soleil tunisiens. Cette intervention permet de fa\u00e7onner ambiance chaleureuse et intemporelle. Dans un autre projet r\u00e9sidentiel sur l\u2019avenue Montaigne, nous avons travaill\u00e9 des couleurs inspir\u00e9es de pierres pr\u00e9cieuses, comme la malachite ou l\u2019opale, un clin d\u2019\u0153il au m\u00e9tier de la cliente.<\/p>\n<p class=\"is-style-question\"><strong>As-tu des couleurs de pr\u00e9dilection ? Pourquoi ?<\/strong><\/p>\n<p>La teinte orange, sans h\u00e9siter. Il s\u2019agit de notre signature. Cette <a href=\"https:\/\/www.milkdecoration.com\/tendances-voici-les-couleurs-de-2025\/\" target=\"_blank\" rel=\"noopener\">couleur<\/a> est pr\u00e9sente, en petite ou en grande dose, dans presque tous nos projets. J\u2019aime son \u00e9nergie solaire et audacieuse, sa chaleur, et son pouvoir enveloppant. Elle peut transformer compl\u00e8tement l\u2019ambiance d\u2019un espace, comme un rayon de soleil inattendu.<\/p>\n<p class=\"is-style-question\"><strong>D\u2019o\u00f9 te vient ce go\u00fbt pour la couleur ? Qui sont tes mentors stylistiques ?<\/strong><\/p>\n<p>Je pense qu\u2019il me vient de mes origines m\u00e9diterran\u00e9ennes. Chez mes parents, il y avait toujours des touches de couleurs vives \u2013 je me souviens encore de la cuisine orange et de ma chambre que je repeignais sans cesse. C\u00f4t\u00e9 inspirations, je suis fascin\u00e9 par Eduardo Paolozzi, <a href=\"https:\/\/www.milkdecoration.com\/disparition-du-designer-italien-gaetano-pesce\/\" target=\"_blank\" rel=\"noopener\">Gaetano Pesce<\/a>, Wassily Kandinsky, et Rothko. Ces artistes utilisent la couleur comme un langage \u00e9motionnel et sculptural, capable de provoquer des r\u00e9actions imm\u00e9diates et profondes.<\/p>\n<p>\n                    Chez Julien Sebban \u00e0 Paris                <\/p>\n<p class=\"is-style-question\"><strong>Selon toi, est-il possible d\u2019associer toutes les couleurs ?<\/strong><\/p>\n<p>Absolument ! Tout est une question de dosage, de proportions et de contexte. Parfois, c\u2019est m\u00eame plus int\u00e9ressant de m\u00e9langer des couleurs a priori improbables pour cr\u00e9er des contrastes surprenants et raconter des histoires plus complexes. Dans un appartement parisien que nous venons de terminer, chaque pi\u00e8ce a sa propre identit\u00e9 chromatique : l\u2019entr\u00e9e et le s\u00e9jour sont un d\u00e9grad\u00e9 du bleu ciel au rose bubblegum, la chambre est marron glac\u00e9 avec des touches dor\u00e9es, inspir\u00e9e d\u2019une toile de Danielle McKinney, et la salle de bain est en vert for\u00eat. La cuisine, elle, est jaune, une couleur parfaite pour les pi\u00e8ces du matin, car elle diffuse une lumi\u00e8re douce et optimiste.<\/p>\n<p class=\"is-style-question\"><strong>Quels sont tes conseils pour penser un appartement color\u00e9 sans fausse note ?<\/strong><\/p>\n<p>Ne jamais avoir peur de la couleur, mais commencer par une base neutre pour laisser respirer l\u2019espace. Ensuite, ajouter des touches de couleurs en jouant avec les textures et les finitions pour cr\u00e9er des nuances subtiles. Ma conseil : les plafonds laqu\u00e9s, de pr\u00e9f\u00e9rence en bleu, pour apporter de la lumi\u00e8re et cr\u00e9er l\u2019illusion d\u2019un ciel sans nuages \u2013 parfait pour un appartement parisien o\u00f9 la lumi\u00e8re naturelle est parfois capricieuse.<\/p>\n<p class=\"is-style-question\"><strong>Quelles sont les associations de couleurs que tu emploies le plus ? Pourquoi ?<\/strong><\/p>\n<p>J\u2019aime les palettes solaires comme l\u2019orange, le rose et le jaune, des couleurs \u00e9nergiques et joyeuses. J\u2019adore aussi le contraste rose-vert, un duo un peu r\u00e9tro mais toujours efficace, que j\u2019ai r\u00e9cemment associ\u00e9 \u00e0 du violet pour la boutique Koibird, cr\u00e9ant un univers presque extraterrestre, \u00e0 la fronti\u00e8re entre la mode et l\u2019art.<\/p>\n<p>\n                    Un caf\u00e9 Nuances \u00e0 Paris.                <\/p>\n<p class=\"is-style-question\"><strong>Quel est ton rapport aux motifs et aux imprim\u00e9s ?<\/strong><\/p>\n<p>J\u2019aime les motifs, mais je les utilise avec parcimonie. Ils apportent une dimension narrative, un peu comme un clin d\u2019\u0153il graphique. Mes r\u00e9f\u00e9rences vont de Nathalie Du Pasquier \u00e0 Eduardo Paolozzi, des artistes qui jouent avec les formes et les textures de mani\u00e8re libre et excentrique. Mais je pr\u00e9f\u00e8re souvent laisser les textures et les couleurs raconter l\u2019histoire sans \u00eatre trop litt\u00e9ral.<\/p>\n<p class=\"is-style-question\"><strong>Tu emploies souvent un d\u00e9grad\u00e9 de couleurs pour composer un \u00e9crin singulier. Est-ce une de tes signatures ?<\/strong><\/p>\n<p>Compl\u00e8tement. J\u2019adore l\u2019id\u00e9e d\u2019une immersion totale, o\u00f9 les couleurs se fondent les unes dans les autres pour cr\u00e9er une atmosph\u00e8re enveloppante. Travailler un espace en trois dimensions, du plafond au mur jusqu\u2019au sol, permet de cr\u00e9er des environnements sensoriels o\u00f9 les couleurs racontent une histoire fluide et coh\u00e9rente. C\u2019est une mani\u00e8re de rendre l\u2019espace plus vivant, presque organique.<\/p>\n<p class=\"is-style-question\"><strong>Es-tu plut\u00f4t peinture mate ou brillante ? Dans quels cas vas-tu choisir plut\u00f4t l\u2019une que l\u2019autre ?<\/strong><\/p>\n<p>Tr\u00e8s difficile comme question. J\u2019adore les laques brillantes, surtout pour les plafonds, car elles r\u00e9fl\u00e9chissent la lumi\u00e8re et cr\u00e9ent de belles profondeurs. C\u2019est id\u00e9al pour les espaces qui manquent de lumi\u00e8re naturelle. Le mat, en revanche, est parfait pour les pi\u00e8ces plus intimes et feutr\u00e9es, comme les salles de bains ou les chambres, o\u00f9 l\u2019on cherche \u00e0 cr\u00e9er une ambiance apaisante. J\u2019aime aussi m\u00e9langer les deux pour cr\u00e9er des contrastes subtils et des jeux de textures en trois dimensions, pour un effet plus tactile et sophistiqu\u00e9.<\/p>\n<p>\n                    Un appartement parisien par le studio Uchronia.                <\/p>\n","protected":false},"excerpt":{"rendered":"Un projet parisien par le studio Uchronia. Construis-tu tes projets autour de la couleur ? \u00c0 quel moment&hellip;\n","protected":false},"author":2,"featured_media":146740,"comment_status":"","ping_status":"","sticky":false,"template":"","format":"standard","meta":{"footnotes":""},"categories":[1358],"tags":[1348,1384,1385,27576,4397,1386,58,59,1011,27,16978,626,27577],"class_list":{"0":"post-146739","1":"post","2":"type-post","3":"status-publish","4":"format-standard","5":"has-post-thumbnail","7":"category-arts-et-design","8":"tag-arts","9":"tag-arts-and-design","10":"tag-arts-et-design","11":"tag-couleur","12":"tag-decoration","13":"tag-design","14":"tag-divertissement","15":"tag-entertainment","16":"tag-fr","17":"tag-france","18":"tag-interieur","19":"tag-paris","20":"tag-uchronia"},"share_on_mastodon":{"url":"https:\/\/pubeurope.com\/@fr\/114614588278594845","error":""},"_links":{"self":[{"href":"https:\/\/www.europesays.com\/fr\/wp-json\/wp\/v2\/posts\/146739","targetHints":{"allow":["GET"]}}],"collection":[{"href":"https:\/\/www.europesays.com\/fr\/wp-json\/wp\/v2\/posts"}],"about":[{"href":"https:\/\/www.europesays.com\/fr\/wp-json\/wp\/v2\/types\/post"}],"author":[{"embeddable":true,"href":"https:\/\/www.europesays.com\/fr\/wp-json\/wp\/v2\/users\/2"}],"replies":[{"embeddable":true,"href":"https:\/\/www.europesays.com\/fr\/wp-json\/wp\/v2\/comments?post=146739"}],"version-history":[{"count":0,"href":"https:\/\/www.europesays.com\/fr\/wp-json\/wp\/v2\/posts\/146739\/revisions"}],"wp:featuredmedia":[{"embeddable":true,"href":"https:\/\/www.europesays.com\/fr\/wp-json\/wp\/v2\/media\/146740"}],"wp:attachment":[{"href":"https:\/\/www.europesays.com\/fr\/wp-json\/wp\/v2\/media?parent=146739"}],"wp:term":[{"taxonomy":"category","embeddable":true,"href":"https:\/\/www.europesays.com\/fr\/wp-json\/wp\/v2\/categories?post=146739"},{"taxonomy":"post_tag","embeddable":true,"href":"https:\/\/www.europesays.com\/fr\/wp-json\/wp\/v2\/tags?post=146739"}],"curies":[{"name":"wp","href":"https:\/\/api.w.org\/{rel}","templated":true}]}}