{"id":146741,"date":"2025-06-02T15:56:20","date_gmt":"2025-06-02T15:56:20","guid":{"rendered":"https:\/\/www.europesays.com\/fr\/146741\/"},"modified":"2025-06-02T15:56:20","modified_gmt":"2025-06-02T15:56:20","slug":"lune-ecrit-lautre-roule-dans-un-livre-ecrit-a-morlaix-elles-racontent-le-quotidien-dune-sportive-de-haut-niveau","status":"publish","type":"post","link":"https:\/\/www.europesays.com\/fr\/146741\/","title":{"rendered":"L\u2019une \u00e9crit, l\u2019autre roule\u00a0: dans un livre \u00e9crit \u00e0 Morlaix, elles racontent le quotidien d\u2019une sportive de haut niveau"},"content":{"rendered":"<p>La premi\u00e8re est cycliste professionnelle depuis 2020, la seconde est autrice et formatrice sur les questions d\u2019\u00e9galit\u00e9 femmes-hommes. Deux rives et une vingtaine de kilom\u00e8tres s\u00e9parent ces habitantes de Plougasnou et Locqu\u00e9nol\u00e9, dans le Nord-Finist\u00e8re. Les routes de <a href=\"https:\/\/www.letelegramme.fr\/t-plus\/a-18-ans-marie-morgane-le-deunff-entre-dans-le-cycle-pro-169603.php\" target=\"_blank\" rel=\"noopener\">Marie-Morgane Le Deunff<\/a> et <a href=\"https:\/\/www.letelegramme.fr\/t-plus\/breton-ne-s-et-feministes-le-podcast-militant-d-aurelie-fontaine-185056.php\" target=\"_blank\" rel=\"noopener\">Aur\u00e9lie Fontaine<\/a> ne se seraient peut-\u00eatre jamais crois\u00e9es sans la parution de ce livre.<\/p>\n<p><img decoding=\"async\" src=\"https:\/\/www.europesays.com\/fr\/wp-content\/uploads\/2025\/06\/683d8283a399437ad80bf6c0.1.jpeg\" width=\"480\" height=\"300\" class=\"web_golden_m\" loading=\"lazy\" alt=\"\u00ab\u00a0Roule, r\u00eave, ose\u00a0\u00bb, premier tome d\u2019une s\u00e9rie de portraits de sportives professionnelles, para\u00eetra le 13\u00a0juin 2025, aux \u00c9ditions Goater.\"\/>\u00ab\u00a0Roule, r\u00eave, ose\u00a0\u00bb, premier tome d\u2019une s\u00e9rie de portraits de sportives professionnelles, para\u00eetra le 13\u00a0juin 2025, aux \u00c9ditions Goater. (Photo \u00c9ditions Goater)Un r\u00e9cit \u00ab\u00a0sans clich\u00e9\u00a0\u00bb ni \u00ab\u00a0tabou\u00a0\u00bb<\/p>\n<p>C\u2019est le premier tome d\u2019une s\u00e9rie de portraits de sportives professionnelles, \u00e0 para\u00eetre le 13 juin 2025, aux <a href=\"https:\/\/www.letelegramme.fr\/finistere\/guerlesquin-29650\/jean-marie-goater-ledition-bretonne-reste-fragile-3874171.php\" target=\"_blank\" rel=\"noopener\">\u00c9ditions Goater<\/a>, qui r\u00e9unit la coureuse cycliste et l\u2019autrice depuis l\u2019automne 2024. Leurs entretiens men\u00e9s \u00e0 La Virgule, un \u00e9tablissement culturel de Morlaix (29), ont d\u00e9coul\u00e9 sur l\u2019\u00e9criture de \u00ab\u00a0Roule, r\u00eave, ose\u00a0\u00bb. Cet ouvrage illustr\u00e9 est destin\u00e9 aux enfants \u00e0 partir de 7 ans et raconte le quotidien de la coureuse finist\u00e9rienne. En 2023, Aur\u00e9lie Fontaine publiait <a href=\"https:\/\/www.letelegramme.fr\/t-plus\/avec-ce-que-peuvent-les-garcons-aurelie-fontaine-veut-briser-les-stereotypes-filles-garcons-4064557.php\" target=\"_blank\" rel=\"noopener\">un premier ouvrage jeunesse intitul\u00e9 \u00ab\u00a0Ce que peuvent les gar\u00e7ons\u00a0\u00bb<\/a>, visant \u00e0 rompre les pr\u00e9jug\u00e9s sexistes sur les m\u00e9tiers et activit\u00e9s traditionnellement assign\u00e9es aux femmes.<\/p>\n<blockquote><p>Je suis habitu\u00e9e \u00e0 r\u00e9pondre aux journalistes sur le v\u00e9lo, un peu moins sur le plan personnel et des choses pouvant \u00eatre per\u00e7ues comme taboues. En tant que sportive professionnelle, c\u2019est important d\u2019en parler librement.<\/p><\/blockquote>\n<p>Celui-ci se veut \u00ab\u00a0sans clich\u00e9\u00a0\u00bb ni \u00ab\u00a0tabou\u00a0\u00bb sur la vie d\u2019une sportive de haut niveau. On y \u00e9voque la sant\u00e9 mentale, les blessures, la gestion de l\u2019activit\u00e9 physique durant les r\u00e8gles ou encore le sexisme. \u00ab\u00a0Derni\u00e8rement, j\u2019ai ador\u00e9 que Clarisse Agbegnenou allaite sa fille au bord du tatami et montre que ce n\u2019est pas un souci, confie Aur\u00e9lie Fontaine. On demande aux m\u00e8res de travailler comme si elles n\u2019avaient pas d\u2019enfants mais la soci\u00e9t\u00e9 dans laquelle nous vivons n\u2019aide pas \u00e0 trouver sereinement cet \u00e9quilibre entre vie professionnelle et vie personnelle\u00a0\u00bb.<\/p>\n<p>Jean-Marie Goater, \u00e9diteur rennais \u00e0 l\u2019initiative du projet et f\u00e9ru de cyclisme, abonde\u00a0: \u00ab\u00a0De plus en plus de sportives parlent ouvertement de ces questions-l\u00e0\ufeff. C\u2019est l\u2019un de nos r\u00f4les de les accompagner en racontant la soci\u00e9t\u00e9 d\u2019aujourd\u2019hui\u00a0\u00bb.<\/p>\n<p>Un pas de c\u00f4t\u00e9 pour la cycliste<\/p>\n<p>Le projet a rapidement convaincu la cycliste de 23 ans. D\u2019abord parce que Marie-Morgane Le Deunff t\u00e9moigne r\u00e9guli\u00e8rement de son parcours dans les \u00e9coles de la r\u00e9gion et qu\u2019\u00e9voquer des sujets de soci\u00e9t\u00e9 ne l\u2019impressionne pas davantage. Puis parce qu\u2019apr\u00e8s son bac, en parall\u00e8le du cyclisme, elle a suivi une formation de design et de graphisme. Alors, l\u2019id\u00e9e de \u00ab\u00a0mettre en avant des sportives\u00a0\u00bb, sous la plume d\u2019une \u00ab\u00a0femme engag\u00e9e\u00a0\u00bb et \u00e0 travers \u00ab\u00a0l\u2019univers color\u00e9\u00a0\u00bb de <a href=\"https:\/\/www.instagram.com\/lucie.roullier\/\" target=\"_blank\" rel=\"noopener\">l\u2019illustratrice Lucie Roullier<\/a>, lui a paru \u00eatre une aubaine.<\/p>\n<p>L\u2019occasion aussi d\u2019aller au-del\u00e0 de l\u2019exercice m\u00e9diatique du quotidien. \u00ab\u00a0Je suis habitu\u00e9e \u00e0 r\u00e9pondre aux journalistes sur le v\u00e9lo, un peu moins sur le plan personnel et des choses parfois per\u00e7ues comme taboues. En tant que sportive professionnelle, c\u2019est important d\u2019en parler librement\u2026 Et de dire aux plus jeunes que ce n\u2019est pas toujours rose mais qu\u2019on vit aussi des moments exceptionnels.\u00a0\u00bb<\/p>\n<p>\u00c0 travers son t\u00e9moignage, la Plouganiste souhaite aussi rendre visible les \u00e9volutions de sa discipline. \u00ab\u00a0Si on veut devenir maman, des am\u00e9nagements sont d\u00e9sormais obligatoires dans nos contrats. \u00c7a n\u2019existait pas quelques ann\u00e9es en arri\u00e8re. Avant, les filles n\u2019avaient pas les m\u00eames moyens, ni les m\u00eames calendriers.\u00a0\u00bb<\/p>\n<p>Se raconter \u00e0 l\u2019heure des r\u00e9seaux sociaux<\/p>\n<p>De cette vie de v\u00e9lo, <a href=\"https:\/\/www.letelegramme.fr\/sports\/cyclisme\/marie-morgane-le-deunff-arkea-b-b-hotels-sengage-avec-winspace-6659757.php\" target=\"_blank\" rel=\"noopener\">la coureuse de l\u2019\u00e9quipe Winspace Orange Seal<\/a>\ufeff en partage quelques bribes sur son compte Instagram. \u00ab\u00a0Je me d\u00e9tache progressivement des r\u00e9seaux sociaux, confie-t-elle. \u00c7a me prend du temps et certains contenus ne sont pas toujours constructifs. Fin 2024, j\u2019y ai partag\u00e9 la pr\u00e9paration de mon marathon et les encouragements m\u2019ont fait du bien.\u00a0\u00bb<\/p>\n<blockquote class=\"instagram-media\" data-instgrm-captioned=\"\" data-instgrm-permalink=\"https:\/\/www.instagram.com\/p\/DCzsKTmI8oE\/?utm_source=ig_embed&amp;utm_campaign=loading\" data-instgrm-version=\"14\" style=\" background:#FFF; border:0; border-radius:3px; box-shadow:0 0 1px 0 rgba(0,0,0,0.5),0 1px 10px 0 rgba(0,0,0,0.15); margin: 1px; max-width:540px; min-width:326px; padding:0; width:99.375%; width:-webkit-calc(100% - 2px); width:calc(100% - 2px);\"\/>\n<p>Ces formats ont \u00e9t\u00e9 bien utiles \u00e0 Lucie Roullier, dessinant depuis Rennes, pour se familiariser avec le personnage principal. \u00ab\u00a0J\u2019ai regard\u00e9 des documentaires sur le cyclisme f\u00e9minin mais j\u2019ai aussi beaucoup \u00e9pluch\u00e9 ses stories, confirme l\u2019illustratrice. \u00c7a m\u2019a permis de d\u00e9couvrir qui elle \u00e9tait comme cycliste et comme personne. L\u2019id\u00e9e \u00e9tait de ne pas v\u00e9hiculer de pr\u00e9jug\u00e9s dans la mani\u00e8re de la repr\u00e9senter. Je ne souhaitais pas en faire une femme uniquement badass [dur \u00e0 cuire, NDLR], ni uniquement girly. Il faut coller \u00e0 la r\u00e9alit\u00e9 de son sport et du quotidien. Quand il pleut sur une course, je repr\u00e9sente les taches de boue.\u00a0\u00bb<\/p>\n<p>Apr\u00e8s <a href=\"https:\/\/www.letelegramme.fr\/finistere\/morlaix-29600\/habitant-a-guerlesquin-la-cycliste-marie-morgane-le-deunff-sera-au-depart-de-son-premier-tour-de-france-dimanche-6398523.php\" target=\"_blank\" rel=\"noopener\">une premi\u00e8re participation au Tour de France f\u00e9minin<\/a>, en 2023, Marie-Morgane Le Deunff \u00ab\u00a0garde dans un coin de [s] a t\u00eate\u00a0\u00bb, le r\u00eave d\u2019\u00eatre s\u00e9lectionn\u00e9e pour participer, une deuxi\u00e8me fois, \u00e0 la grande boucle f\u00e9minine qui comptera <a href=\"https:\/\/www.letelegramme.fr\/sports\/cyclisme\/tour-de-france-femmes-marion-rousse-lance-le-compte-a-rebours-a-100-jours-dune-edition-prometteuse-6800813.php\" target=\"_blank\" rel=\"noopener\">deux \u00e9tapes bretonnes<\/a> cette ann\u00e9e\ufeff.<\/p>\n<p>Pratique<\/p>\n<p class=\"note\">\u00ab\u00a0Roule, r\u00eave, ose\u00a0\u00bb en librairie le 13 juin 2025, 48 pages, \u00e0 partir de 7 ans. Une version en langue bretonne sera \u00e9galement disponible. Tarif\u00a0: 12 \u20ac.<\/p>\n<p><script async src=\"\/\/www.instagram.com\/embed.js\"><\/script><\/p>\n","protected":false},"excerpt":{"rendered":"La premi\u00e8re est cycliste professionnelle depuis 2020, la seconde est autrice et formatrice sur les questions d\u2019\u00e9galit\u00e9 femmes-hommes.&hellip;\n","protected":false},"author":2,"featured_media":146742,"comment_status":"","ping_status":"","sticky":false,"template":"","format":"standard","meta":{"footnotes":""},"categories":[1357],"tags":[1379,829,207,11097,58,59,3321,1011,27,1380,2131,16048,60],"class_list":{"0":"post-146741","1":"post","2":"type-post","3":"status-publish","4":"format-standard","5":"has-post-thumbnail","7":"category-livres","8":"tag-books","9":"tag-bretagne","10":"tag-cyclisme","11":"tag-cyclisme-feminin","12":"tag-divertissement","13":"tag-entertainment","14":"tag-finistere","15":"tag-fr","16":"tag-france","17":"tag-livres","18":"tag-morlaix","19":"tag-newsletter-aujourdhui-en-bretagne","20":"tag-sports"},"share_on_mastodon":{"url":"https:\/\/pubeurope.com\/@fr\/114614592085204484","error":""},"_links":{"self":[{"href":"https:\/\/www.europesays.com\/fr\/wp-json\/wp\/v2\/posts\/146741","targetHints":{"allow":["GET"]}}],"collection":[{"href":"https:\/\/www.europesays.com\/fr\/wp-json\/wp\/v2\/posts"}],"about":[{"href":"https:\/\/www.europesays.com\/fr\/wp-json\/wp\/v2\/types\/post"}],"author":[{"embeddable":true,"href":"https:\/\/www.europesays.com\/fr\/wp-json\/wp\/v2\/users\/2"}],"replies":[{"embeddable":true,"href":"https:\/\/www.europesays.com\/fr\/wp-json\/wp\/v2\/comments?post=146741"}],"version-history":[{"count":0,"href":"https:\/\/www.europesays.com\/fr\/wp-json\/wp\/v2\/posts\/146741\/revisions"}],"wp:featuredmedia":[{"embeddable":true,"href":"https:\/\/www.europesays.com\/fr\/wp-json\/wp\/v2\/media\/146742"}],"wp:attachment":[{"href":"https:\/\/www.europesays.com\/fr\/wp-json\/wp\/v2\/media?parent=146741"}],"wp:term":[{"taxonomy":"category","embeddable":true,"href":"https:\/\/www.europesays.com\/fr\/wp-json\/wp\/v2\/categories?post=146741"},{"taxonomy":"post_tag","embeddable":true,"href":"https:\/\/www.europesays.com\/fr\/wp-json\/wp\/v2\/tags?post=146741"}],"curies":[{"name":"wp","href":"https:\/\/api.w.org\/{rel}","templated":true}]}}