{"id":146743,"date":"2025-06-02T15:57:12","date_gmt":"2025-06-02T15:57:12","guid":{"rendered":"https:\/\/www.europesays.com\/fr\/146743\/"},"modified":"2025-06-02T15:57:12","modified_gmt":"2025-06-02T15:57:12","slug":"un-acheteur-emblematique-daffaire-conclue-annonce-son-depart-temporaire-de-lemission","status":"publish","type":"post","link":"https:\/\/www.europesays.com\/fr\/146743\/","title":{"rendered":"Un acheteur embl\u00e9matique d&rsquo;Affaire conclue annonce son d\u00e9part \u00ab\u00a0temporaire\u00a0\u00bb de l&rsquo;\u00e9mission"},"content":{"rendered":"<p>Ce lundi 2 juin, un acheteur bien connu des fid\u00e8les t\u00e9l\u00e9spectateurs d&rsquo;Affaire conclue a annonc\u00e9 son d\u00e9part \u00ab\u00a0temporaire\u00a0\u00bb de l&rsquo;\u00e9mission d&rsquo;ench\u00e8res de France 2 sur son compte Instagram. Il en a \u00e9galement expliqu\u00e9 les raisons.<\/p>\n<p>C&rsquo;est le rendez-vous phare des fans de brocante et d&rsquo;antiquit\u00e9. Chaque apr\u00e8s-midi sur France 2, l&rsquo;\u00e9mission d&rsquo;ench\u00e8res Affaire conclue enregistre d&rsquo;excellentes audiences avec 1,2 million de t\u00e9l\u00e9spectateurs, soit 16 % du public en moyenne depuis le d\u00e9but de l&rsquo;ann\u00e9e. Parmi les raisons de ce succ\u00e8s, <a href=\"https:\/\/www.programme-tv.net\/news\/tv\/334493-julia-vignali-dans-affaire-conclue-je-vais-reussir-a-succeder-a-sophie-davant\/\" data-api-deeplink=\"teleloisirs:\/\/news\/334493\" target=\"_blank\" rel=\"noopener\">un passage de t\u00e9moin r\u00e9ussi <\/a>entre son ancienne animatrice <a href=\"https:\/\/www.programme-tv.net\/biographie\/525-davant-sophie\/\" data-link-people=\"46dd91c6-027a-4c78-85cb-8722339cac3b\" target=\"_blank\" rel=\"noopener\">Sophie Davant<\/a> et l&rsquo;actuelle, Julia Vignali, la d\u00e9couverte d&rsquo;objets anciens vari\u00e9s et \u00e9tonnants, <a href=\"https:\/\/www.programme-tv.net\/news\/tv\/375705-affaire-conclue-qui-fait-la-voix-off-de-l-emission\/\" data-api-deeplink=\"teleloisirs:\/\/news\/375705\" target=\"_blank\" rel=\"noopener\">la voix off aux textes cisel\u00e9s<\/a>, ainsi que des acheteurs hauts en couleur. Mais apr\u00e8s <a href=\"https:\/\/www.programme-tv.net\/news\/tv\/379022-l-acheteuse-caroline-pons-quitte-affaire-conclue-et-revele-les-raisons-de-son-depart-de-l-emission-de-france-2\/\" data-api-deeplink=\"teleloisirs:\/\/news\/379022\" target=\"_blank\" rel=\"noopener\">le d\u00e9part annonc\u00e9 de Caroline Pons<\/a> il y a quelques semaines, c&rsquo;est un autre visage embl\u00e9matique du programme qui a annonc\u00e9 son d\u00e9part ce lundi 2 juin, Fran\u00e7ois-Xavier Renou.<\/p>\n<p>\u00ab\u00a0Mes obligations artistiques ont fait que&#8230;\u00a0\u00bb : Fran\u00e7ois-Xavier Renou d\u00e9voile les raisons de son d\u00e9part \u00ab\u00a0temporaire\u00a0\u00bb d&rsquo;Affaire conclue<\/p>\n<p>Pr\u00e9sent depuis 2020 dans Affaire conclue, Fran\u00e7ois-Xavier Renou a pris la parole sur son compte Instagram. \u00ab\u00a0J&rsquo;ai une grande nouvelle \u00e0 vous annoncer. Je vous annonce qu&rsquo;apr\u00e8s avoir achet\u00e9 398 780 objets, tourn\u00e9 878 000 \u00e9missions, d\u00e9pens\u00e9 949 343 euros et fait pas moins d&rsquo;un milliard de blagues, <b>je vous annonce mon d\u00e9part temporaire d&rsquo;<\/b><b>Affaire conclue <\/b><b>pour la saison 9<\/b>\u00ab\u00a0, d\u00e9clare-t-il. Et d&rsquo;ajouter, laissant ainsi une porte ouverte pour la suite : \u00ab\u00a0Vous me reverrez tr\u00e8s certainement pour la saison 10\u00a0\u00bb. Celui qui est \u00e9galement chanteur <a href=\"https:\/\/www.programme-tv.net\/news\/tv\/335850-affaire-conclue-francois-xavier-renou-chanteur-en-indonesie-lacheteur-evoque-son-second-metier-et-son-clip-au-million-de-vues\/\" data-api-deeplink=\"teleloisirs:\/\/news\/335850\" target=\"_blank\" rel=\"noopener\">sous le pseudonyme de Fransoa Superstar<\/a> en explique la raison : \u00ab\u00a0<b>Mes obligations artistiques en Indon\u00e9sie ont fait que j&rsquo;ai \u00e9crit et interpr\u00e9t\u00e9 le r\u00f4le principal d&rsquo;un film en Indon\u00e9sie <\/b>qui sera produit par une grande maison de Jakarta qui va occuper mon emploi du temps pour une petite ann\u00e9e.\u00a0\u00bb<\/p>\n<p>                        Fran\u00e7ois-Xavier Renou pr\u00e9pare un livre sur sa participation \u00e0 Koh-Lanta en 2002<\/p>\n<p>Un message qui a \u00e9t\u00e9 salu\u00e9 par certains acheteurs d&rsquo;Affaire conclue. \u00ab\u00a0Tu vas nous manquer mon Fran\u00e7ois-Xavier Renou, amuse-toi bien dans ta nouvelle aventure. Reviens nous voir tr\u00e8s vite. Je t\u2019aime\u00a0\u00bb, a \u00e9crit Caroline Margeridon<a href=\"https:\/\/www.programme-tv.net\/news\/people\/379312-mon-amour-le-tendre-message-de-caroline-margeridon-a-sophie-davant-pour-une-occasion-speciale\/\" data-api-deeplink=\"teleloisirs:\/\/news\/379312\" target=\"_blank\" rel=\"noopener\">, \u00e9galement rest\u00e9 proche de Sophie Davant<\/a>. \u00ab\u00a0J\u2019esp\u00e8re que tu reviendras ! Si ce n\u2019\u00e9tait pas le cas je te regretterai\u00a0\u00bb, lui adresse Laetitia Mercier. \u00ab\u00a0Bon vent cher FX pour tes nouveaux projets. Tu resteras une belle rencontre pour moi dans Affaire conclue. Je t\u2019embrasse !\u00a0\u00bb, commente Laurent Fernandez. En accompagnement du post, il r\u00e9v\u00e8le \u00e9galement avoir un autre projet qui risque de faire parler : \u00ab\u00a0Je vais \u00e9galement ouvrir une boutique a c\u00f4t\u00e9 de la plage de Batu Belig \u00e0 Bali. <b>Je suis \u00e9galement en travail sur un livre autobiographique qui s&rsquo;intitulera <\/b><b>: De Koh-Lanta \u00e0 Affaire conclue..<\/b><b>. Avec beaucoup de ragots<\/b><b> !\u00a0\u00bb<\/b>. Le marchand d&rsquo;art s&rsquo;\u00e9tait illustr\u00e9 dans le jeu d&rsquo;aventure de TF1 en tant que candidat en 2002.<\/p>\n","protected":false},"excerpt":{"rendered":"Ce lundi 2 juin, un acheteur bien connu des fid\u00e8les t\u00e9l\u00e9spectateurs d&rsquo;Affaire conclue a annonc\u00e9 son d\u00e9part \u00ab\u00a0temporaire\u00a0\u00bb&hellip;\n","protected":false},"author":2,"featured_media":146744,"comment_status":"","ping_status":"","sticky":false,"template":"","format":"standard","meta":{"footnotes":""},"categories":[1356],"tags":[9885,244,58,59,1011,27,594,27578,27579,252,9886,1364],"class_list":{"0":"post-146743","1":"post","2":"type-post","3":"status-publish","4":"format-standard","5":"has-post-thumbnail","7":"category-television","8":"tag-affaire-conclue","9":"tag-commentaire","10":"tag-divertissement","11":"tag-entertainment","12":"tag-fr","13":"tag-france","14":"tag-france-2","15":"tag-franu00e7ois-xavier-renou","16":"tag-julia-vignali","17":"tag-television","18":"tag-tout-le-monde-a-quelque-chose-u00e0-vendre","19":"tag-tv"},"share_on_mastodon":{"url":"https:\/\/pubeurope.com\/@fr\/114614596008948527","error":""},"_links":{"self":[{"href":"https:\/\/www.europesays.com\/fr\/wp-json\/wp\/v2\/posts\/146743","targetHints":{"allow":["GET"]}}],"collection":[{"href":"https:\/\/www.europesays.com\/fr\/wp-json\/wp\/v2\/posts"}],"about":[{"href":"https:\/\/www.europesays.com\/fr\/wp-json\/wp\/v2\/types\/post"}],"author":[{"embeddable":true,"href":"https:\/\/www.europesays.com\/fr\/wp-json\/wp\/v2\/users\/2"}],"replies":[{"embeddable":true,"href":"https:\/\/www.europesays.com\/fr\/wp-json\/wp\/v2\/comments?post=146743"}],"version-history":[{"count":0,"href":"https:\/\/www.europesays.com\/fr\/wp-json\/wp\/v2\/posts\/146743\/revisions"}],"wp:featuredmedia":[{"embeddable":true,"href":"https:\/\/www.europesays.com\/fr\/wp-json\/wp\/v2\/media\/146744"}],"wp:attachment":[{"href":"https:\/\/www.europesays.com\/fr\/wp-json\/wp\/v2\/media?parent=146743"}],"wp:term":[{"taxonomy":"category","embeddable":true,"href":"https:\/\/www.europesays.com\/fr\/wp-json\/wp\/v2\/categories?post=146743"},{"taxonomy":"post_tag","embeddable":true,"href":"https:\/\/www.europesays.com\/fr\/wp-json\/wp\/v2\/tags?post=146743"}],"curies":[{"name":"wp","href":"https:\/\/api.w.org\/{rel}","templated":true}]}}