{"id":146745,"date":"2025-06-02T15:58:09","date_gmt":"2025-06-02T15:58:09","guid":{"rendered":"https:\/\/www.europesays.com\/fr\/146745\/"},"modified":"2025-06-02T15:58:09","modified_gmt":"2025-06-02T15:58:09","slug":"jennifer-lopez-lache-un-gros-billet-pour-renover-sa-maison-2","status":"publish","type":"post","link":"https:\/\/www.europesays.com\/fr\/146745\/","title":{"rendered":"Jennifer Lopez l\u00e2che un gros billet pour r\u00e9nover sa maison"},"content":{"rendered":"<p data-start=\"117\" data-end=\"691\"><strong>Jennifer Lopez a tourn\u00e9<br \/>\nla page.<\/strong> \u00c0 55 ans, la chanteuse et actrice a entam\u00e9 une<br \/>\nnouvelle <strong>phase de sa vie<\/strong> apr\u00e8s son divorce avec<br \/>\n<a href=\"https:\/\/www.closermag.fr\/people\/jennifer-lopez-et-ben-affleck-se-dechirent-sur-leur-maison-de-los-angeles-a-68-millions-3539516\" target=\"_blank\" rel=\"noopener\"><br \/>\nBen Affleck<\/a>. Comment ? En s\u2019achetant une <strong>luxueuse<br \/>\npropri\u00e9t\u00e9 \u00e0 Hidden Hills,<\/strong> en Californie, pour la modique<br \/>\nsomme de\u2026.<strong>21 millions de dollars<\/strong>. Une villa<br \/>\nqu\u2019elle est en train de transformer \u00e0 son image. \u201c<strong>Sexy,<br \/>\nlumineuse et joyeuse<\/strong>.\u2019\u2019 confie une source proche au<br \/>\nDailyMail.com. La maison,<br \/>\nd&rsquo;une superficie de plus de <strong>900 m\u00b2,<\/strong> comprend<br \/>\n\u00e9galement une <strong>maison d\u2019invit\u00e9s, une grange, des \u00e9curies, un<br \/>\ncin\u00e9ma priv\u00e9, une salle de sport et une cuisine de<br \/>\nchef.<\/strong><\/p>\n<p data-start=\"693\" data-end=\"1134\">Loin d\u2019un simple achat<br \/>\nimmobilier, cette r\u00e9sidence marque une <strong>volont\u00e9 de<br \/>\nrenouveau.<\/strong> <a href=\"https:\/\/www.closermag.fr\/people\/un-cauchemar-entre-ben-affleck-et-jennifer-lopez-leur-conte-de-fees-netait-quune-facade-3507854\" target=\"_blank\" rel=\"noopener\"><br \/>\nJennifer Lopez<\/a>, connue pour son sens du style, a toujours<br \/>\n<strong>r\u00e9nov\u00e9 les maisons<\/strong> qu\u2019elle habite.<br \/>\n\u201c<strong>Elle y met sa touche personnelle, le style<br \/>\nJLo.<\/strong>\u2019\u2019 confie un proche. L\u2019objectif ? La chanteuse<br \/>\nveut un cadre <strong>serein<\/strong> pour elle et ses <a href=\"https:\/\/www.closermag.fr\/people\/jennifer-lopez-cette-promesse-faite-a-ses-jumeaux-max-et-emme-apres-son-divorce-de-ben-affleck-3543610\" target=\"_blank\" rel=\"noopener\"><br \/>\njumeaux, Max et Emme<\/a>. D\u2019ailleurs, le choix de Hidden Hills<br \/>\nn\u2019est pas anodin : <strong>s\u00e9curit\u00e9 renforc\u00e9e, tranquillit\u00e9, et<br \/>\nproximit\u00e9 avec des amis comme les Kardashian.<\/strong><\/p>\n<p>Jennifer Lopez ach\u00e8te une<br \/>\nnouvelle maison pour d\u00e9marrer sa nouvelle vie<\/p>\n<p data-start=\"1182\" data-end=\"1549\">Ce <strong>nouveau<br \/>\nd\u00e9part<\/strong> tombe \u00e0 point nomm\u00e9. Jennifer Lopez s\u2019appr\u00eate \u00e0<br \/>\nreprendre la <strong>route avec sa tourn\u00e9e<\/strong> Up All Night: Live in 2025, qui passera<br \/>\npar <strong>l\u2019Europe<\/strong> cet \u00e9t\u00e9, de <strong>l\u2019\u00c9gypte \u00e0 la<br \/>\nTurquie<\/strong>. Elle sera aussi de retour \u00e0 <strong>Las<br \/>\nVegas<\/strong> pour quelques dates. Son 56e anniversaire, le 24<br \/>\njuillet, marquera une \u00e9tape importante de cette <strong>renaissance<br \/>\npersonnelle et artistique.<\/strong><\/p>\n<p data-start=\"1551\" data-end=\"1986\">Pendant ce temps, son<br \/>\n<strong>ancienne maison partag\u00e9e avec Ben Affleck<\/strong> \u00e0<br \/>\nBeverly Hills peine \u00e0 trouver preneur. Achet\u00e9e <strong>61 millions<br \/>\nde dollars<\/strong> en 2023, elle a \u00e9t\u00e9 list\u00e9e \u00e0 <strong>68<br \/>\nmillions puis propos\u00e9e \u00e0 64 millions<\/strong> \u00e0 un acheteur qui<br \/>\ns\u2019est finalement <strong>d\u00e9sist\u00e9<\/strong>. C\u2019est une immense<br \/>\ndemeure de plus de <strong>3500 m\u00b2,<\/strong> avec <strong>12<br \/>\nchambres, 24 salles de bains<\/strong> et des \u00e9quipements<br \/>\nsurdimensionn\u00e9s comme un <strong>ring de boxe, un terrain de basket<br \/>\net un garage pour 80 voitures.<\/strong><\/p>\n<p>Un<br \/>\ndivorce avec Ben Affleck sans scandale, mais pas sans douleur<\/p>\n<p data-start=\"2041\" data-end=\"2388\">Le <strong>divorce<\/strong><br \/>\nentre Jennifer Lopez et Ben Affleck a \u00e9t\u00e9 <strong>officialis\u00e9 en<br \/>\nao\u00fbt 2024.<\/strong>\u00a0Une rupture sans drame\u2026Ben Affleck en a<br \/>\nparl\u00e9 dans une interview. \u201c<strong>Pas de scandale, pas de<br \/>\nfeuilleton.<\/strong>\u2019\u2019 a-t-il d\u00e9clar\u00e9 \u00e0 British GQ. Il reconna\u00eet n\u00e9anmoins que cette<br \/>\ns\u00e9paration reste une <strong>blessure<\/strong> intime, qu\u2019il<br \/>\npr\u00e9f\u00e8re ne pas trop exposer publiquement.<\/p>\n<p data-start=\"2390\" data-end=\"2860\" data-is-last-node=\"\" data-is-only-node=\"\">Ben Affleck a aussi \u00e9voqu\u00e9 leur<br \/>\n<strong>diff\u00e9rence<\/strong> de rapport \u00e0 la<br \/>\n<strong>notori\u00e9t\u00e9<\/strong>, notamment dans la s\u00e9rie documentaire<br \/>\nproduite par Jennifer Lopez The Greatest Love Story Never Told. <strong>Mal \u00e0<br \/>\nl\u2019aise<\/strong> face aux cam\u00e9ras, l\u2019acteur a soulign\u00e9 combien il<br \/>\ntenait \u00e0 sa vie priv\u00e9e. L\u2019acteur a \u00e9galement rappel\u00e9 son respect<br \/>\nprofond pour son ex-femme. \u201c<strong>Ce documentaire ne raconte<br \/>\npas toute l\u2019histoire.<\/strong>\u2019\u2019 a-t-il pr\u00e9cis\u00e9, en insistant<br \/>\nsur le fait que leur rupture ne se r\u00e9sume pas \u00e0 ce que le public<br \/>\npeut voir \u00e0 l\u2019\u00e9cran.<\/p>\n","protected":false},"excerpt":{"rendered":"Jennifer Lopez a tourn\u00e9 la page. \u00c0 55 ans, la chanteuse et actrice a entam\u00e9 une nouvelle phase&hellip;\n","protected":false},"author":2,"featured_media":146619,"comment_status":"","ping_status":"","sticky":false,"template":"","format":"standard","meta":{"footnotes":""},"categories":[1355],"tags":[548,19333,58,59,1011,27,3931,1361,873],"class_list":{"0":"post-146745","1":"post","2":"type-post","3":"status-publish","4":"format-standard","5":"has-post-thumbnail","7":"category-musique","8":"tag-article-simple","9":"tag-ben-affleck","10":"tag-divertissement","11":"tag-entertainment","12":"tag-fr","13":"tag-france","14":"tag-jennifer-lopez","15":"tag-music","16":"tag-musique"},"share_on_mastodon":{"url":"https:\/\/pubeurope.com\/@fr\/114614599998367728","error":""},"_links":{"self":[{"href":"https:\/\/www.europesays.com\/fr\/wp-json\/wp\/v2\/posts\/146745","targetHints":{"allow":["GET"]}}],"collection":[{"href":"https:\/\/www.europesays.com\/fr\/wp-json\/wp\/v2\/posts"}],"about":[{"href":"https:\/\/www.europesays.com\/fr\/wp-json\/wp\/v2\/types\/post"}],"author":[{"embeddable":true,"href":"https:\/\/www.europesays.com\/fr\/wp-json\/wp\/v2\/users\/2"}],"replies":[{"embeddable":true,"href":"https:\/\/www.europesays.com\/fr\/wp-json\/wp\/v2\/comments?post=146745"}],"version-history":[{"count":0,"href":"https:\/\/www.europesays.com\/fr\/wp-json\/wp\/v2\/posts\/146745\/revisions"}],"wp:featuredmedia":[{"embeddable":true,"href":"https:\/\/www.europesays.com\/fr\/wp-json\/wp\/v2\/media\/146619"}],"wp:attachment":[{"href":"https:\/\/www.europesays.com\/fr\/wp-json\/wp\/v2\/media?parent=146745"}],"wp:term":[{"taxonomy":"category","embeddable":true,"href":"https:\/\/www.europesays.com\/fr\/wp-json\/wp\/v2\/categories?post=146745"},{"taxonomy":"post_tag","embeddable":true,"href":"https:\/\/www.europesays.com\/fr\/wp-json\/wp\/v2\/tags?post=146745"}],"curies":[{"name":"wp","href":"https:\/\/api.w.org\/{rel}","templated":true}]}}