{"id":146762,"date":"2025-06-02T16:07:09","date_gmt":"2025-06-02T16:07:09","guid":{"rendered":"https:\/\/www.europesays.com\/fr\/146762\/"},"modified":"2025-06-02T16:07:09","modified_gmt":"2025-06-02T16:07:09","slug":"lassemblee-approuve-a-lunanimite-lelevation-dalfred-dreyfus-au-rang-de-general-de-brigade","status":"publish","type":"post","link":"https:\/\/www.europesays.com\/fr\/146762\/","title":{"rendered":"L\u2019Assembl\u00e9e approuve \u00e0 l\u2019unanimit\u00e9 l\u2019\u00e9l\u00e9vation d\u2019Alfred Dreyfus au rang de g\u00e9n\u00e9ral de brigade"},"content":{"rendered":"<p><strong>D\u00c9CRYPTAGE &#8211;<\/strong> Pour \u00abreconna\u00eetre\u00bb les m\u00e9rites du capitaine Dreyfus et rendre \u00abhommage \u00e0 son engagement r\u00e9publicain\u00bb 130 ans apr\u00e8s sa condamnation, le Palais Bourbon vient d\u2019adopter un texte du patron des d\u00e9put\u00e9s Renaissance, Gabriel Attal.<\/p>\n<p class=\"fig-paragraph\">Une r\u00e9habilitation symbolique et un texte tr\u00e8s politique. Ce lundi apr\u00e8s-midi,\u00a0<a href=\"http:\/\/www.lefigaro.fr\/politique\/l-assemblee-veut-elever-alfred-dreyfus-au-rang-de-general-de-brigade-20250602\" data-fig-type=\"NewsFlash\" data-gtm-custom-categorie=\"navigation\" data-gtm-custom-action=\"crossclick\" data-gtm-custom-label=\"Contextuel\" data-gtm-event=\"customEventSPE\" data-fig-domain=\"LEFIGARO\" target=\"_blank\" rel=\"noopener\">l\u2019Assembl\u00e9e nationale a adopt\u00e9 \u00e0 l\u2019unanimit\u00e9 en premi\u00e8re lecture une proposition de loi visant \u00e0 \u00e9lever \u00e0 titre posthume Alfred Dreyfus<\/a>\u00a0au rang de g\u00e9n\u00e9ral de brigade, par 197 voix contre 0. Un \u00abacte de r\u00e9paration\u00bb visant \u00e0 parachever sa r\u00e9habilitation, 130 ans apr\u00e8s sa condamnation. Un texte d\u00e9pos\u00e9 par l\u2019ancien premier ministre et d\u00e9sormais patron des d\u00e9put\u00e9s Renaissance Gabriel Attal qui vise \u00e0 \u00abreconna\u00eetre\u00bb les m\u00e9rites du capitaine Dreyfus ainsi qu\u2019\u00e0 rendre \u00abhommage \u00e0 son engagement r\u00e9publicain\u00bb. Ce, dans un contexte o\u00f9 \u00abl\u2019antis\u00e9mitisme qui frappa Alfred Dreyfus n\u2019appartient pas \u00e0 un pass\u00e9 r\u00e9volu\u00bb, et o\u00f9 la \u00abR\u00e9publique doit sans cesse r\u00e9affirmer sa vigilance, sa fermet\u00e9, son engagement absolu contre toutes les formes de discrimination\u00bb, \u00e9crit le d\u00e9put\u00e9 des Hauts-de-Seine dans l\u2019expos\u00e9 des motifs.<\/p>\n<p class=\"fig-paragraph\">En 1894, Alfred Dreyfus \u00e9tait condamn\u00e9 pour trahison et contraint \u00e0 l\u2019exil sur l\u2019\u00eele du Diable, en Guyane, sur la base de fausses accusations aliment\u00e9es par l\u2019antis\u00e9mitisme. Innocent\u00e9 en 1906, il r\u00e9int\u00e8gre l\u2019arm\u00e9e et est dans la foul\u00e9e nomm\u00e9 chef d\u2019escadron (commandant) par le biais d\u2019une loi vot\u00e9e \u00e0 cette \u00e9poque.<\/p>\n<p class=\"fig-paragraph\">Pas suffisant et m\u00eame \u00abinjuste\u00bb, rappelle d\u00e9put\u00e9 Renaissance Charles Sitzenstuhl, rapporteur de cette proposition de loi. \u00abLa R\u00e9publique va r\u00e9parer une erreur. Erreur qui ne fut en rien anecdotique puisqu\u2019elle brise sa carri\u00e8re militaire. (&#8230;) Il est r\u00e9int\u00e9gr\u00e9 en dessous du grade auquel il aurait pu pr\u00e9tendre. Il est encore p\u00e9nalis\u00e9, amput\u00e9 de cinq ann\u00e9es d\u2019avancement\u00bb, raconte le d\u00e9put\u00e9 du Bas-Rhin \u00e0 la tribune de l\u2019Assembl\u00e9e. Alfred Dreyfus demandera lui-m\u00eame \u00e0 voir sa carri\u00e8re revaloris\u00e9e mais n\u2019obtiendra pas gain de cause. Il quittera donc l\u2019arm\u00e9e en 1907, avant de servir \u00e0 nouveau pendant la Grande Guerre.<\/p>\n<p>Tensions<\/p>\n<p class=\"fig-paragraph\">Au cours des d\u00e9bats dans l\u2019H\u00e9micycle, beaucoup d\u2019orateurs ont fait le parall\u00e8le entre l\u2019antis\u00e9mitisme connu par Alfred Dreyfus \u00e0 l\u2019\u00e9poque et la p\u00e9riode actuelle. \u00abL\u2019antis\u00e9mitisme frappe encore dans notre d\u00e9mocratie. (&#8230;) cette haine doit \u00eatre combattue r\u00e9solument\u00bb, a notamment regrett\u00e9 la ministre d\u00e9l\u00e9gu\u00e9e charg\u00e9e de la M\u00e9moire et des Anciens Combattants de France, Patricia Mirall\u00e8s. Le d\u00e9put\u00e9 Rassemblement National Thierry Tesson a quant \u00e0 lui lou\u00e9 \u00abla force du symbole\u00bb que l\u2019adoption de cette proposition de loi \u00abapporte au pr\u00e9sent\u00bb. \u00abIl est utile de rappeler aux g\u00e9n\u00e9rations nouvelles ce moment o\u00f9 la R\u00e9publique a vacill\u00e9. (&#8230;) Dans un contexte inqui\u00e9tant, quand les fa\u00e7ades des synagogues sont recouvertes de peinture verte, il est important de rappeler l\u2019urgence de d\u00e9fendre nos principes fondateurs\u00bb, a-t-il plaid\u00e9.<\/p>\n<p class=\"fig-paragraph\">La tension est mont\u00e9e d\u2019un cran pendant la prise de parole du d\u00e9put\u00e9 LFI Gabriel Amard. \u00abCette loi n\u2019est pas un symbole, c\u2019est une exigence. (&#8230;) Voil\u00e0 que celles et ceux qui ricanent \u00e0 l\u2019ombre des croix gamm\u00e9es num\u00e9riques (&#8230;), ceux-l\u00e0 m\u00eame l\u00e8vent aujourd\u2019hui la main comme s\u2019ils avaient \u00e9t\u00e9 dreyfusards. Non, dans ma famille on descend des dreyfusards, pas dans la v\u00f4tre\u00bb, a-t-il lanc\u00e9 en regardant les d\u00e9put\u00e9s du RN. Et de compl\u00e9ter, quelques secondes plus tard\u00a0: \u00abNe vous servez pas de l\u2019antis\u00e9mitisme comme d\u2019un javelot politicien il n\u2019est pas votre cause il est notre serment\u00a0!\u00bb. Provoquant ainsi de nombreuses r\u00e9actions, particuli\u00e8rement dans les rangs du camp pr\u00e9sidentiel. \u00abProuvez-le alors\u00bb, a notamment lanc\u00e9, en r\u00e9ponse, le d\u00e9put\u00e9 Renaissance Fran\u00e7ois Cormier-Bouligeon, pendant que les d\u00e9put\u00e9s RN soufflaient, comme exasp\u00e9r\u00e9s. La d\u00e9put\u00e9e \u00e9cologiste Sophie Taill\u00e9-Polian a quant \u00e0 elle cible l\u2019\u00abextr\u00eame droite contemporaine\u00bb qui cherche \u00ab\u00e0 fragiliser l\u2019ind\u00e9pendance de la justice\u00bb.<\/p>\n<p>Risques d\u2019instrumentalisation<\/p>\n<p class=\"fig-paragraph\">Dans une tribune publi\u00e9e dans nos colonnes, samedi,<a href=\"http:\/\/www.lefigaro.fr\/vox\/histoire\/la-memoire-d-alfred-dreyfus-ne-doit-pas-servir-a-s-acheter-un-brevet-d-honorabilite-20250530\" data-fig-type=\"Article\" data-gtm-custom-categorie=\"navigation\" data-gtm-custom-action=\"crossclick\" data-gtm-custom-label=\"Contextuel\" data-gtm-event=\"customEventSPE\" data-fig-domain=\"LEFIGARO\" target=\"_blank\" rel=\"noopener\">\u00a0les d\u00e9put\u00e9s MoDem avaient annonc\u00e9 qu\u2019ils ne prendraient pas part au d\u00e9bat<\/a>, craignant \u00able risque d\u2019une nouvelle instrumentalisation\u00bb. \u00abSous couvert d\u2019honorer Alfred Dreyfus, certains cherchent \u00e0 blanchir leur propre r\u00e9cit, leur propre histoire, ancienne ou plus contemporaine, et s\u2019approprient une figure dont, de fait, ils combattent ou ont combattu les valeurs\u00bb, jugent les d\u00e9put\u00e9s MoDem, parti du premier ministre Fran\u00e7ois Bayrou. Et de poursuivre\u00a0: \u00abEn faisant mine d\u2019\u00eatre unanimes sur ce texte, au motif de comm\u00e9morer \u00e0 juste titre l\u2019antis\u00e9mitisme de la fin du XIXe si\u00e8cle et sa figure sacrifi\u00e9e, nous donnerions le sentiment fallacieux que nous serions r\u00e9ellement unis pour faire face \u00e0 l\u2019antis\u00e9mitisme d\u2019aujourd\u2019hui ou de demain. Force est de constater que n\u2019est pas le cas. Et c\u2019est cela que nous regrettons\u00bb.<\/p>\n<p class=\"fig-paragraph\">Le d\u00e9put\u00e9 Renaissance Sylvain Maillard, a, pendant les d\u00e9bats, r\u00e9pondu \u00e0 ses \u00abcraintes en r\u00e9cup\u00e9ration politique\u00bb\u00a0: \u00abPrenons cette proposition de loi pour ce qu\u2019elle est\u00a0: une correction d\u2019un tort historique. Il ne s\u2019agit pas d\u2019ouvrir les blessures du pass\u00e9 ou de le travestir. (&#8230;) Nous devons finir l\u2019affaire Dreyfus par le haut\u00bb. Avant d\u2019\u00eatre d\u00e9finitivement adopt\u00e9e, cette proposition de loi devra d\u2019abord \u00eatre examin\u00e9e au S\u00e9nat dans les prochaines semaines.<\/p>\n","protected":false},"excerpt":{"rendered":"D\u00c9CRYPTAGE &#8211; Pour \u00abreconna\u00eetre\u00bb les m\u00e9rites du capitaine Dreyfus et rendre \u00abhommage \u00e0 son engagement r\u00e9publicain\u00bb 130 ans&hellip;\n","protected":false},"author":2,"featured_media":146763,"comment_status":"","ping_status":"","sticky":false,"template":"","format":"standard","meta":{"footnotes":""},"categories":[2],"tags":[11,27580,416,426,427,422,423,1011,27,418,424,425,420,421,12,419,316,429,428],"class_list":{"0":"post-146762","1":"post","2":"type-post","3":"status-publish","4":"format-standard","5":"has-post-thumbnail","7":"category-actualites","8":"tag-actualites","9":"tag-alfred-dreyfus","10":"tag-assemblee-nationale","11":"tag-candidat","12":"tag-candidats","13":"tag-depute","14":"tag-deputes","15":"tag-fr","16":"tag-france","17":"tag-gouvernement","18":"tag-institution","19":"tag-institutions","20":"tag-loi","21":"tag-lois","22":"tag-news","23":"tag-opposition","24":"tag-politique","25":"tag-ps","26":"tag-ump"},"share_on_mastodon":{"url":"https:\/\/pubeurope.com\/@fr\/114614635310257974","error":""},"_links":{"self":[{"href":"https:\/\/www.europesays.com\/fr\/wp-json\/wp\/v2\/posts\/146762","targetHints":{"allow":["GET"]}}],"collection":[{"href":"https:\/\/www.europesays.com\/fr\/wp-json\/wp\/v2\/posts"}],"about":[{"href":"https:\/\/www.europesays.com\/fr\/wp-json\/wp\/v2\/types\/post"}],"author":[{"embeddable":true,"href":"https:\/\/www.europesays.com\/fr\/wp-json\/wp\/v2\/users\/2"}],"replies":[{"embeddable":true,"href":"https:\/\/www.europesays.com\/fr\/wp-json\/wp\/v2\/comments?post=146762"}],"version-history":[{"count":0,"href":"https:\/\/www.europesays.com\/fr\/wp-json\/wp\/v2\/posts\/146762\/revisions"}],"wp:featuredmedia":[{"embeddable":true,"href":"https:\/\/www.europesays.com\/fr\/wp-json\/wp\/v2\/media\/146763"}],"wp:attachment":[{"href":"https:\/\/www.europesays.com\/fr\/wp-json\/wp\/v2\/media?parent=146762"}],"wp:term":[{"taxonomy":"category","embeddable":true,"href":"https:\/\/www.europesays.com\/fr\/wp-json\/wp\/v2\/categories?post=146762"},{"taxonomy":"post_tag","embeddable":true,"href":"https:\/\/www.europesays.com\/fr\/wp-json\/wp\/v2\/tags?post=146762"}],"curies":[{"name":"wp","href":"https:\/\/api.w.org\/{rel}","templated":true}]}}