{"id":146765,"date":"2025-06-02T16:09:22","date_gmt":"2025-06-02T16:09:22","guid":{"rendered":"https:\/\/www.europesays.com\/fr\/146765\/"},"modified":"2025-06-02T16:09:22","modified_gmt":"2025-06-02T16:09:22","slug":"marche-de-gros-rungis-lorgne-du-cote-de-saint-etienne","status":"publish","type":"post","link":"https:\/\/www.europesays.com\/fr\/146765\/","title":{"rendered":"March\u00e9 de gros\u00a0: Rungis lorgne du c\u00f4t\u00e9 de Saint-Etienne"},"content":{"rendered":"<p class=\"is-style-chapo\">En janvier 2020, le groupe Atrium devenait propri\u00e9taire du march\u00e9 de gros de Saint-Etienne, avec pour ambition d\u2019en faire un march\u00e9 de gros r\u00e9gional. Le Covid a mis \u00e0 mal ce projet et la Ville a repris possession du t\u00e8nement de 45 000 m\u00e8tres carr\u00e9s au printemps. Depuis, la Semmaris, qui administre le march\u00e9 international de Rungis, a manifest\u00e9 son int\u00e9r\u00eat pour le site\u2026<\/p>\n<p><img fetchpriority=\"high\" decoding=\"async\" width=\"1024\" height=\"576\" src=\"https:\/\/www.europesays.com\/fr\/wp-content\/uploads\/2025\/06\/Capture-decran-2025-06-02-a-15.07.42-1024x576.jpg\" alt=\"March\u00e9 de gros\" class=\"wp-image-79457\"  \/>En attendant, l\u2019activit\u00e9 se poursuit sur place. \u00a9GoogleStreetView<\/p>\n<p>\u00c7a devait \u00eatre un projet ambitieux, n\u00e9cessitant un investissement de 26 millions d\u2019euros. Au mois de janvier 2020, le groupe Atrium, via sa filiale Green Market, faisait l\u2019acquisition du <a href=\"https:\/\/www.if-saint-etienne.fr\/economie\/la-nouvelle-vie-du-marche-de-gros-de-saint-etienne\" target=\"_blank\" rel=\"noreferrer noopener\">March\u00e9 de gros<\/a> de Saint-Etienne, pour en faire un d\u2019envergure r\u00e9gionale.<\/p>\n<p>Autrefois, le site \u00e9tait g\u00e9r\u00e9 en D\u00e9l\u00e9gation de service public (DSP) par la SMG. Cette derni\u00e8re ayant rencontr\u00e9 des difficult\u00e9s, il avait \u00e9t\u00e9 d\u00e9cid\u00e9 de r\u00e9silier ce contrat et de privatiser le site face \u00e0 l\u2019int\u00e9r\u00eat d\u2019Atrium. A l\u2019\u00e9poque, le site avait \u00e9t\u00e9 vendu pour la somme de 3 250 000 millions d\u2019euros. Il avait \u00e9t\u00e9 convenu que le groupe verserait 2 millions d\u2019euros \u00e0 la signature de la vente d\u00e9but 2020, et que le reste serait vers\u00e9e \u00e0 la fin de cette m\u00eame ann\u00e9e. \u00ab\u00a0Avec le Covid, les prix des mat\u00e9riaux et des travaux a explos\u00e9 et Atrium nous a demand\u00e9 un d\u00e9lai, explique Jean-Pierre Berger, 1er adjoint au maire, charg\u00e9 de l\u2019urbanisme. Nous avons accept\u00e9, pour un paiement fin 2021\u00a0\u00bb. N\u00e9anmoins, apr\u00e8s plusieurs relances, la municipalit\u00e9 n\u2019est pas pay\u00e9e jusqu\u2019\u00e0 ce qu\u2019Atrium l\u2019informe en juin 2023 qu\u2019elle ne m\u00e8nera pas \u00e0 bien le projet\u2026<\/p>\n<p>Accord entre la Ville et Atrium<\/p>\n<p>En parall\u00e8le, Green Market demande aux \u00e9lus une modification du PLU (Plan local d\u2019urbanisme), le site \u00e9tant exclusivement r\u00e9serv\u00e9 \u00e0 une activit\u00e9 agro-alimentaire. Craignant que l\u2019entreprise se fasse une plus-value dans son dos en d\u00e9classant le site pour y installer une activit\u00e9 industrielle, la municipalit\u00e9 refuse. En juin 2024, elle attaque le groupe en justice pour non respect de ses engagements. Apr\u00e8s un an de n\u00e9gociations, les deux parties sont parvenues \u00e0 un accord, marquant \u00ab\u00a0la fin d\u2019un feuilleton\u00a0\u00bb pour le 1er adjoint. Ainsi, la Ville a repris possession du t\u00e8nement de 45 000 m\u00e8tres carr\u00e9s et Atrium versera 487 830 euros en solde de tout compte.<\/p>\n<p>Dans le projet initial Atrium avait choisi de confier la construction du projet au cabinet Berger Architecture et de s\u2019appuyer sur la Soci\u00e9t\u00e9 d\u2019\u00e9conomie mixte d\u2019am\u00e9nagement et de gestion du march\u00e9 d\u2019int\u00e9r\u00eat national de Rungis, <a href=\"https:\/\/www.rungisinternational.com\/\" target=\"_blank\" rel=\"noreferrer noopener\">la Semmaris<\/a>, pour la partie gestion et commercialisation du site. C\u2019est ainsi que cette derni\u00e8re a eu vent du projet et a derni\u00e8rement manifest\u00e9 son int\u00e9r\u00eat pour requalifier ce march\u00e9 de gros.<\/p>\n<p>Des \u00e9tudes cet \u00e9t\u00e9<\/p>\n<p>\u00ab\u00a0Elle se propose d\u2019en faire un march\u00e9 d\u2019int\u00e9r\u00eat r\u00e9gional, poursuit Jean-Pierre Berger. L\u2019activit\u00e9 se poursuit en attendant, dans des conditions qui ne sont pas simples. C\u2019est pourquoi nous allons faire des travaux de maintenance et de mise en \u00e9tat\u00a0\u00bb. Cet \u00e9t\u00e9, Semmaris m\u00e8nera des \u00e9tudes de faisabilit\u00e9, de march\u00e9, etc. Elle rendra sa copie au mois de septembre et d\u00e9cidera ou non, en fonction de ces r\u00e9sultats, d\u2019entr\u00e9e en discussion avec la Ville pour trouver un accord pour exploiter le site. N\u00e9anmoins, on apprend ce jour chez nos confr\u00e8res de <a href=\"https:\/\/mesinfos.fr\/auvergne-rhone-alpes\/marche-de-gros-de-saint-etienne-atrium-s-estime-spoliee-223620.html\" target=\"_blank\" rel=\"noreferrer noopener\">L\u2019Essor<\/a>, que le pr\u00e9sident d\u2019Atrium estime que l\u2019on se sert de lui comme un \u00e9pouvantail et entend contester l\u2019accord qu\u2019il a sign\u00e9 au mois d\u2019avril avec la Ville. Le feuilleton n\u2019est peut-\u00eatre pas termin\u00e9. <\/p>\n<p>Au Conseil municipal de ce jour, l\u2019opposition a \u00e9mis quelques r\u00e9serves. \u00ab\u00a0Nous \u00e9tions fermement oppos\u00e9s \u00e0 ce projet et nous souhaitions maintenir cet outil dans le giron public. Nous pensions qu\u2019il y avait un manque de garanties s\u00e9rieuses dans le projet port\u00e9 par Atrium, explique Laetitia Valentin, conseill\u00e8re municipale du groupe Saint-Etienne Demain. Six ans plus tard, strictement rien ne s\u2019est pass\u00e9 alors qu\u2019en 2022 vous deviez effectuer des travaux de d\u00e9samiantage. Et, quelques mois avant les \u00e9lections municipales, vous annonc\u00e9 un nouveau projet. Nous voterons donc l\u2019abstention par lucidit\u00e9\u00a0\u00bb.<\/p>\n","protected":false},"excerpt":{"rendered":"En janvier 2020, le groupe Atrium devenait propri\u00e9taire du march\u00e9 de gros de Saint-Etienne, avec pour ambition d\u2019en&hellip;\n","protected":false},"author":2,"featured_media":146766,"comment_status":"","ping_status":"","sticky":false,"template":"","format":"standard","meta":{"footnotes":""},"categories":[9653],"tags":[1111,11,2430,16350,1777,674,1011,27,27581,27582,12,25,4001,27583],"class_list":{"0":"post-146765","1":"post","2":"type-post","3":"status-publish","4":"format-standard","5":"has-post-thumbnail","7":"category-saint-etienne","8":"tag-actu","9":"tag-actualites","10":"tag-auvergne-rhone-alpes","11":"tag-constructif","12":"tag-eu","13":"tag-europe","14":"tag-fr","15":"tag-france","16":"tag-marche-de-gros-rungis","17":"tag-marche-de-gros-saint-etienne","18":"tag-news","19":"tag-republique-francaise","20":"tag-saint-etienne","21":"tag-semmaris"},"share_on_mastodon":{"url":"https:\/\/pubeurope.com\/@fr\/114614643177259111","error":""},"_links":{"self":[{"href":"https:\/\/www.europesays.com\/fr\/wp-json\/wp\/v2\/posts\/146765","targetHints":{"allow":["GET"]}}],"collection":[{"href":"https:\/\/www.europesays.com\/fr\/wp-json\/wp\/v2\/posts"}],"about":[{"href":"https:\/\/www.europesays.com\/fr\/wp-json\/wp\/v2\/types\/post"}],"author":[{"embeddable":true,"href":"https:\/\/www.europesays.com\/fr\/wp-json\/wp\/v2\/users\/2"}],"replies":[{"embeddable":true,"href":"https:\/\/www.europesays.com\/fr\/wp-json\/wp\/v2\/comments?post=146765"}],"version-history":[{"count":0,"href":"https:\/\/www.europesays.com\/fr\/wp-json\/wp\/v2\/posts\/146765\/revisions"}],"wp:featuredmedia":[{"embeddable":true,"href":"https:\/\/www.europesays.com\/fr\/wp-json\/wp\/v2\/media\/146766"}],"wp:attachment":[{"href":"https:\/\/www.europesays.com\/fr\/wp-json\/wp\/v2\/media?parent=146765"}],"wp:term":[{"taxonomy":"category","embeddable":true,"href":"https:\/\/www.europesays.com\/fr\/wp-json\/wp\/v2\/categories?post=146765"},{"taxonomy":"post_tag","embeddable":true,"href":"https:\/\/www.europesays.com\/fr\/wp-json\/wp\/v2\/tags?post=146765"}],"curies":[{"name":"wp","href":"https:\/\/api.w.org\/{rel}","templated":true}]}}