{"id":146771,"date":"2025-06-02T16:12:09","date_gmt":"2025-06-02T16:12:09","guid":{"rendered":"https:\/\/www.europesays.com\/fr\/146771\/"},"modified":"2025-06-02T16:12:09","modified_gmt":"2025-06-02T16:12:09","slug":"cest-merveilleux-on-lattendait-desertee-par-les-banques-cette-commune-du-var-accueille-son-second-distributeur-de-billets","status":"publish","type":"post","link":"https:\/\/www.europesays.com\/fr\/146771\/","title":{"rendered":"\u00ab\u00a0C\u2019est merveilleux, on l\u2019attendait!: d\u00e9sert\u00e9e par les banques, cette commune du Var accueille son second distributeur de billets"},"content":{"rendered":"<p>\u00ab\u00a0L\u2019homme sans argent est comme un arbre sans feuilles.\u00a0\u00bb Un proverbe d\u00e9sormais \u00e0 bannir sur la presqu\u2019\u00eele de <strong>Saint-Mandrier,<\/strong> dont les habitants assistaient avec bonheur,<strong> ce samedi, \u00e0 la mise en service d\u2019un second distributeur de billets.<\/strong> Petit \u00e9v\u00e9nement anodin pour beaucoup, mais qui, lorsque vous vivez sur une presqu\u2019\u00eele d\u00e9sert\u00e9e par les banques, d\u00e9veloppe un certain enthousiasme pour les habitants, les commer\u00e7ants et les forains du march\u00e9 du samedi.<\/p>\n<p>Pour Christine, une Mandr\u00e9enne, \u00ab\u00a0c\u2019est merveilleux, on l\u2019attendait! Il y a beaucoup de probl\u00e8mes avec le distributeur de la Caisse d\u2019\u00c9pargne. Quand il n\u2019est pas en panne, il est pris d\u2019assaut, surtout l\u2019\u00e9t\u00e9. Un seul distributeur pour tout le village, ce n\u2019\u00e9tait vraiment pas assez. Nous avons de plus en plus de monde \u00e0 Saint-Mandrier, surtout en p\u00e9riode estivale\u00a0\u00bb.<\/p>\n<p><strong>Passer, il y a une dizaine d\u2019ann\u00e9es, de trois distributeurs au village \u00e0 un seul depuis plusieurs ann\u00e9es<\/strong> avait compliqu\u00e9 le quotidien des habitants. Alors la mise en service de ce nouveau distributeur de billets sur la place des R\u00e9sistants, a fait l\u2019objet d\u2019un petit rassemblement d\u2019\u00e9lus, histoire de marquer le coup et de faire un premier retrait inaugural.<\/p>\n<p>\u00a0<\/p>\n<p>\u00ab\u00a0Les banques ne r\u00e9pondant plus \u00e0 nos sollicitations concernant notre besoin d\u2019un distributeur de billets sur la presqu\u2019\u00eele, la municipalit\u00e9 a pris le parti d\u2019en acqu\u00e9rir un. Un distributeur pour le co\u00fbt de 60.000 euros, avec l\u2019aide d\u2019une subvention d\u00e9partementale de 15.000 euros, et d\u2019en confier la gestion \u00e0 la soci\u00e9t\u00e9 Loomis. Il faut aussi savoir qu\u2019au plus on s\u2019en sert, plus les frais de fonctionnement diminuent\u00a0\u00bb, explique la premi\u00e8re adjointe Annie Esposito.<\/p>\n<p>Apr\u00e8s que le maire Gilles Vincent a fait son premier retrait et confirm\u00e9 ainsi le bon fonctionnement de la machine fra\u00eechement install\u00e9e, d\u2019autres \u00e9lus et habitants s\u2019empressaient \u00e0 leur tour de faire de m\u00eame. Un soulagement pour la population, qui n\u2019aura plus \u00e0 subir la file interminable de l\u2019unique distributeur en place jusqu\u2019\u00e0 ce jour, ou d\u2019\u00eatre oblig\u00e9e de se rendre sur la commune voisine pour faire ses d\u00e9p\u00f4ts et retraits.\u00a0<\/p>\n","protected":false},"excerpt":{"rendered":"\u00ab\u00a0L\u2019homme sans argent est comme un arbre sans feuilles.\u00a0\u00bb Un proverbe d\u00e9sormais \u00e0 bannir sur la presqu\u2019\u00eele de&hellip;\n","protected":false},"author":2,"featured_media":146772,"comment_status":"","ping_status":"","sticky":false,"template":"","format":"standard","meta":{"footnotes":""},"categories":[9619],"tags":[1111,11,1777,674,1011,27,12,882,25,2310,3366],"class_list":{"0":"post-146771","1":"post","2":"type-post","3":"status-publish","4":"format-standard","5":"has-post-thumbnail","7":"category-toulon","8":"tag-actu","9":"tag-actualites","10":"tag-eu","11":"tag-europe","12":"tag-fr","13":"tag-france","14":"tag-news","15":"tag-provence-alpes-cote-dazur","16":"tag-republique-francaise","17":"tag-toulon","18":"tag-vie-locale"},"share_on_mastodon":{"url":"https:\/\/pubeurope.com\/@fr\/114614654963107485","error":""},"_links":{"self":[{"href":"https:\/\/www.europesays.com\/fr\/wp-json\/wp\/v2\/posts\/146771","targetHints":{"allow":["GET"]}}],"collection":[{"href":"https:\/\/www.europesays.com\/fr\/wp-json\/wp\/v2\/posts"}],"about":[{"href":"https:\/\/www.europesays.com\/fr\/wp-json\/wp\/v2\/types\/post"}],"author":[{"embeddable":true,"href":"https:\/\/www.europesays.com\/fr\/wp-json\/wp\/v2\/users\/2"}],"replies":[{"embeddable":true,"href":"https:\/\/www.europesays.com\/fr\/wp-json\/wp\/v2\/comments?post=146771"}],"version-history":[{"count":0,"href":"https:\/\/www.europesays.com\/fr\/wp-json\/wp\/v2\/posts\/146771\/revisions"}],"wp:featuredmedia":[{"embeddable":true,"href":"https:\/\/www.europesays.com\/fr\/wp-json\/wp\/v2\/media\/146772"}],"wp:attachment":[{"href":"https:\/\/www.europesays.com\/fr\/wp-json\/wp\/v2\/media?parent=146771"}],"wp:term":[{"taxonomy":"category","embeddable":true,"href":"https:\/\/www.europesays.com\/fr\/wp-json\/wp\/v2\/categories?post=146771"},{"taxonomy":"post_tag","embeddable":true,"href":"https:\/\/www.europesays.com\/fr\/wp-json\/wp\/v2\/tags?post=146771"}],"curies":[{"name":"wp","href":"https:\/\/api.w.org\/{rel}","templated":true}]}}