{"id":146779,"date":"2025-06-02T16:16:10","date_gmt":"2025-06-02T16:16:10","guid":{"rendered":"https:\/\/www.europesays.com\/fr\/146779\/"},"modified":"2025-06-02T16:16:10","modified_gmt":"2025-06-02T16:16:10","slug":"ces-rouennaises-veulent-la-couronne-de-miss-normandie-et-casser-limage-de-barbie","status":"publish","type":"post","link":"https:\/\/www.europesays.com\/fr\/146779\/","title":{"rendered":"Ces Rouennaises veulent la couronne de Miss Normandie et casser l&rsquo;image de Barbie"},"content":{"rendered":"<p>            Par<br \/>\n        <strong><br \/>\n            <a href=\"https:\/\/actu.fr\/auteur\/yann-rivallan\" title=\"Consulter tous les articles de Yann Rivallan\" rel=\"nofollow noopener\" target=\"_blank\">Yann Rivallan<\/a><br \/>\n        <\/strong><\/p>\n<p>        Publi\u00e9 le<\/p>\n<p>            2 juin 2025 \u00e0 17h32        <\/p>\n<p>Elles ont 19 et 22\u00a0ans. Elles vont repr\u00e9senter <strong>la Seine-Maritime<\/strong>, et plus particuli\u00e8rement <a href=\"https:\/\/actu.fr\/normandie\/rouen_76540\" rel=\"nofollow noopener\" target=\"_blank\">Rouen<\/a>, lors du prochain <a href=\"https:\/\/actu.fr\/normandie\/caen_14118\/en-images-decouvrez-les-14-candidates-au-titre-de-miss-normandie_62646790.html\" rel=\"nofollow noopener\" target=\"_blank\">concours Miss Normandie<\/a>. Victoire et Dalia font partie <strong>des 14 finalistes<\/strong> de l\u2019\u00e9lection pr\u00e9vue au Z\u00e9nith de Caen <strong>le 13\u00a0juin 2025<\/strong>. Leur parcours, leurs r\u00eaves, leur d\u00e9couverte du mannequinat\u2026 On les a rencontr\u00e9es avant l\u2019\u00e9ch\u00e9ance.<\/p>\n<p>Elle regarde Miss France \u00ab\u2009depuis toute petite\u2009\u00bb<\/p>\n<p class=\" wall-content\">Originaire de Rouen, Victoire Dupuis a toujours v\u00e9cu ici. La jeune femme de 19\u00a0ans, <strong>\u00e9tudiante en communication et marketing<\/strong>, d\u00e9couvre tout juste le monde du mannequinat. Comme beaucoup, elle \u00ab\u2009regarde depuis toute petite\u2009\u00bb le concours Miss France \u00e0 la t\u00e9l\u00e9vision.<\/p>\n<p>    <img   decoding=\"async\" loading=\"lazy\" src=\"https:\/\/www.europesays.com\/fr\/wp-content\/uploads\/2025\/06\/victoire-candidate-miss-normandie-rouen-960x640.jpg\" alt=\"Victoire Dupuis, 19 ans, a \u00e9t\u00e9 \u00e9lue Miss Seine-Maritime le 3 mai dernier.\" width=\"960\" height=\"640\"\/><br \/>\n    Victoire Dupuis, 19\u00a0ans, a \u00e9t\u00e9 \u00e9lue Miss Seine-Maritime le 3\u00a0mai dernier. (\u00a9YR\/76actu)<\/p>\n<p class=\" wall-content\">Alors, le jour o\u00f9 elle a d\u00e9couvert un peu par hasard sur Instagram qu\u2019elle pouvait s\u2019inscrire, elle n\u2019a pas h\u00e9sit\u00e9 une seconde. D\u00e8s lors, elle a encha\u00een\u00e9 castings, test de culture g\u00e9n\u00e9rale, d\u00e9fil\u00e9s et premi\u00e8res pr\u00e9sentations devant un jury et du public.<\/p>\n<p class=\" wall-content\">Une \u00ab\u2009premi\u00e8re\u2009\u00bb pour la jeune Rouennaise. Elle n\u2019avait, jusqu\u2019alors, que fait \u00ab\u2009quelques photos avec une agence de Paris\u2009\u00bb. Et sa premi\u00e8re exp\u00e9rience avec le concours de beaut\u00e9 se passe, pour le moment, pour le mieux\u2009: d\u00e8s sa premi\u00e8re participation, elle fait partie des 14 finalistes et s\u2019est m\u00eame adjug\u00e9<strong> la couronne de Miss Seine-Maritime<\/strong> gr\u00e2ce aux votes du public.<\/p>\n<p>Victoire r\u00eave d\u2019\u00eatre pr\u00e9sentatrice t\u00e9l\u00e9<\/p>\n<p class=\" wall-content\">Avec cette exp\u00e9rience, la jeune femme r\u00eave \u00e9videmment de devenir Miss France. Mais elle aspire aussi \u00e0 devenir <strong>pr\u00e9sentatrice t\u00e9l\u00e9<\/strong> ou m\u00eame \u00e0 faire du cin\u00e9ma. \u00c0 l\u2019aise devant les cam\u00e9ras et le public, elle affectionne particuli\u00e8rement \u00ab\u2009l\u2019\u00e9loquence\u2009\u00bb.<\/p>\n<p class=\" wall-content\">Pour sa participation \u00e0 Miss Normandie, elle veut mettre en avant la pr\u00e9vention pour la sant\u00e9 mentale. Un mal qui peut, selon elle, \u00ab\u2009toucher tout le monde\u2009\u00bb. Mais surtout, Victoire veut montrer qu\u2019elle n\u2019est pas \u00ab\u2009une poup\u00e9e Barbie\u2009\u00bb.<\/p>\n<blockquote class=\"ac-article-quote wall-content\">\n<p>Je suis spontan\u00e9e, je n&rsquo;ai pas envie de me prendre la t\u00eate. Je veux garder les pieds sur terre.<\/p>\n<p>    <strong>Victoire Dupuis<\/strong><br \/>\n        Candidate \u00e0 Miss Normandie    <\/p><\/blockquote>\n<p class=\" wall-content\">Si elle devait se d\u00e9finir\u2009? \u00ab\u2009Je dirais que je suis dynamique, p\u00e9tillante et optimiste. Enfin c\u2019est ce que dirait mon entourage\u2009\u00bb, l\u00e2che-t-elle avec un grand sourire.<\/p>\n<p>Pouss\u00e9e par sa m\u00e8re<\/p>\n<p class=\" wall-content\">Pour Dalia Toto, Rouennaise depuis toujours, le concours de Miss Normandie n\u2019\u00e9tait qu\u2019un lointain r\u00eave. La jeune femme de 22\u00a0ans, <strong>community manager pour un studio de danse<\/strong>, s\u2019est lanc\u00e9e avec l\u2019appui de sa m\u00e8re.<\/p>\n<blockquote class=\"ac-article-quote wall-content\">\n<p>Ma maman a rencontr\u00e9 Mister Normandie et m&rsquo;a pouss\u00e9 \u00e0 m&rsquo;inscrire.<\/p>\n<p>    <strong>Dalia Toto<\/strong><br \/>\n        Candidate \u00e0 Miss Normandie    <\/p><\/blockquote>\n<p class=\" wall-content\">\u00ab\u2009Pas tr\u00e8s optimiste au d\u00e9part\u2009\u00bb, de son propre aveu, Dalia tente tout de m\u00eame de participer. Et, \u00e0 sa grande surprise, elle est aujourd\u2019hui dans la liste des finalistes pour esp\u00e9rer gagner son ticket pour Miss France.<\/p>\n<p>    <img   decoding=\"async\" loading=\"lazy\" src=\"https:\/\/www.europesays.com\/fr\/wp-content\/uploads\/2025\/06\/dalia-miss-normandie-rouen-candidate-960x640.jpg\" alt=\"Dalia Toto a obtenu le coup de c\u0153ur du jury lors de l'\u00e9lection d\u00e9partementale le 3 mai.\" width=\"960\" height=\"640\"\/><br \/>\n    Dalia Toto a obtenu le coup de c\u0153ur du jury lors de l\u2019\u00e9lection d\u00e9partementale le 3\u00a0mai. (\u00a9YR\/76actu)<\/p>\n<p class=\" wall-content\">\u00ab\u2009J\u2019\u00e9tais surprise et heureuse d\u2019\u00eatre s\u00e9lectionn\u00e9e\u2009\u00bb, confie-t-elle. Elle qui suit le concours national \u00e0 la t\u00e9l\u00e9 depuis toute petite ne pensait vraiment pas en arriver l\u00e0. Elle n\u2019a pas \u00e9t\u00e9 \u00e9lue Miss Seine-Maritime mais a tout de m\u00eame re\u00e7u <strong>le coup de c\u0153ur du jury<\/strong> lors de l\u2019\u00e9lection d\u00e9partementale. \u00ab\u2009Je me dis que ce n\u2019est pas pour rien\u2009\u00bb, pense la jeune femme.<\/p>\n<p>Dalia aimerait continuer le mannequinat<\/p>\n<p class=\" wall-content\">Un peu d\u00e9faitiste au d\u00e9part, Dalia estime aujourd\u2019hui avoir \u00ab\u2009toutes ses chances, comme les autres candidates\u2009\u00bb. Avec sa participation, elle ne compte pas d\u00e9fendre de cause en particulier, si ce n\u2019est celle <strong>\u00ab\u2009de la diversit\u00e9\u2009\u00bb<\/strong>, explique-t-elle.<\/p>\n<p class=\" wall-content\">Elle aimerait bien \u00eatre \u00ab\u2009la premi\u00e8re Miss Normandie noire\u2009\u00bb. Et avec sa pr\u00e9sence \u00e0 l\u2019\u00e9lection, elle esp\u00e8re d\u00e9fendre l\u2019inclusion et les diff\u00e9rences de chacun. \u00ab\u2009Je veux montrer \u00e0 toutes les petites filles qui n\u2019ont pas de Barbie \u00e0 leur image qu\u2019on peut \u00eatre repr\u00e9sent\u00e9es.\u2009\u00bb<\/p>\n<p class=\" wall-content\">Et m\u00eame si elle ne va pas au bout, Dalia s\u2019imagine bien <strong>\u00ab\u2009continuer dans le mannequinat\u2009\u00bb<\/strong>. Un univers qu\u2019elle ne connaissait pas du tout avant de se lancer dans les Miss. Et elle y a pris go\u00fbt.<\/p>\n<p>Pour voter pour l\u2019une des deux candidates de Rouen lors du concours le 13\u00a0juin, vous pourrez taper \u00ab\u2009Miss 7\u2009\u00bb pour Victoire ou \u00ab\u2009Miss 14\u2009\u00bb pour Dalia au 7 15 15.<\/p>\n<p>Suivez l\u2019actualit\u00e9 de Rouen sur <a href=\"https:\/\/www.whatsapp.com\/channel\/0029VaKfnf99hXF2ddApFB1D\" rel=\"nofollow noopener\" target=\"_blank\">notre cha\u00eene WhatsApp<\/a> et sur <a href=\"https:\/\/www.tiktok.com\/@76actu.fr?lang=fr\" rel=\"nofollow noopener\" target=\"_blank\">notre compte TikTok<\/a><\/p>\n<p class=\" wall-content\">Suivez toute l\u2019actualit\u00e9 de vos villes et m\u00e9dias favoris en vous inscrivant \u00e0 <a href=\"https:\/\/moncompte.actu.fr\" title=\"D\u00e9couvez Mon Actu\" rel=\"nofollow noopener\" data-trk=\"{&quot;cta&quot;:{&quot;action&quot;:&quot;https:\\\/\\\/moncompte.actu.fr&quot;,&quot;category&quot;:&quot;mon compte&quot;,&quot;from&quot;:&quot;article footer&quot;,&quot;name&quot;:&quot;Mon actu&quot;,&quot;type&quot;:&quot;cta&quot;}}\" target=\"_blank\">Mon Actu<\/a>.<\/p>\n<p>                    <script async src=\"\/\/www.tiktok.com\/embed.js\"><\/script><\/p>\n","protected":false},"excerpt":{"rendered":"Par Yann Rivallan Publi\u00e9 le 2 juin 2025 \u00e0 17h32 Elles ont 19 et 22\u00a0ans. Elles vont repr\u00e9senter&hellip;\n","protected":false},"author":2,"featured_media":146780,"comment_status":"","ping_status":"","sticky":false,"template":"","format":"standard","meta":{"footnotes":""},"categories":[9587],"tags":[1111,11,1777,674,1011,27,1652,3034,12,5161,25,9590],"class_list":{"0":"post-146779","1":"post","2":"type-post","3":"status-publish","4":"format-standard","5":"has-post-thumbnail","7":"category-rouen","8":"tag-actu","9":"tag-actualites","10":"tag-eu","11":"tag-europe","12":"tag-fr","13":"tag-france","14":"tag-loisirs-culture","15":"tag-miss-france","16":"tag-news","17":"tag-normandie","18":"tag-republique-francaise","19":"tag-rouen"},"share_on_mastodon":{"url":"https:\/\/pubeurope.com\/@fr\/114614670694338013","error":""},"_links":{"self":[{"href":"https:\/\/www.europesays.com\/fr\/wp-json\/wp\/v2\/posts\/146779","targetHints":{"allow":["GET"]}}],"collection":[{"href":"https:\/\/www.europesays.com\/fr\/wp-json\/wp\/v2\/posts"}],"about":[{"href":"https:\/\/www.europesays.com\/fr\/wp-json\/wp\/v2\/types\/post"}],"author":[{"embeddable":true,"href":"https:\/\/www.europesays.com\/fr\/wp-json\/wp\/v2\/users\/2"}],"replies":[{"embeddable":true,"href":"https:\/\/www.europesays.com\/fr\/wp-json\/wp\/v2\/comments?post=146779"}],"version-history":[{"count":0,"href":"https:\/\/www.europesays.com\/fr\/wp-json\/wp\/v2\/posts\/146779\/revisions"}],"wp:featuredmedia":[{"embeddable":true,"href":"https:\/\/www.europesays.com\/fr\/wp-json\/wp\/v2\/media\/146780"}],"wp:attachment":[{"href":"https:\/\/www.europesays.com\/fr\/wp-json\/wp\/v2\/media?parent=146779"}],"wp:term":[{"taxonomy":"category","embeddable":true,"href":"https:\/\/www.europesays.com\/fr\/wp-json\/wp\/v2\/categories?post=146779"},{"taxonomy":"post_tag","embeddable":true,"href":"https:\/\/www.europesays.com\/fr\/wp-json\/wp\/v2\/tags?post=146779"}],"curies":[{"name":"wp","href":"https:\/\/api.w.org\/{rel}","templated":true}]}}